{"id":9046,"date":"2018-05-22T17:50:56","date_gmt":"2018-05-22T17:50:56","guid":{"rendered":"http:\/\/archiv.szolnoktv.hu\/?p=9046"},"modified":"2021-08-14T14:10:27","modified_gmt":"2021-08-14T14:10:27","slug":"csaladi-okodelutan-a-tisza-tonal","status":"publish","type":"post","link":"http:\/\/archiv.szolnoktv.hu\/?p=9046","title":{"rendered":"Csal\u00e1di \u00f6kod\u00e9lut\u00e1n a Tisza-t\u00f3n\u00e1l"},"content":{"rendered":"<div class='booster-block booster-read-block'><\/div><p>Magyarorsz\u00e1g egyik legdinamikusabban fejl\u0151d\u0151 r\u00e9gi\u00f3ja a Tisza-t\u00f3 \u00e9s t\u00e9rs\u00e9ge. A 2016-ban \u00fatj\u00e1ra ind\u00edtott -Tiszta t\u00f3 a Tisza-t\u00f3&#8221; elnevez\u00e9s\u0171 projekt a harmadik \u00fctem\u00e9hez \u00e9rkezett. Ebben a szakaszban a fiatalokat sz\u00f3l\u00edtj\u00e1k meg k\u00fcl\u00f6nb\u00f6z\u0151 programokkal.<\/p>\n<p>-Ennek a harmadik \u00fctemnek k\u00fcl\u00f6n\u00f6s saj\u00e1toss\u00e1ga, hogy ezen r\u00f6vid id\u0151szak alatt, amelyben ez zajlik  &#8211;   2018 janu\u00e1r \u00e9s m\u00e1jus 20-a k\u00f6z\u00f6tt- igyekezet\u00fcnk els\u0151 sorban a fiatalabbakat, az \u00e1ltal\u00e1nos \u00e9s k\u00f6z\u00e9piskol\u00e1sokat megsz\u00f3l\u00edtani \u00e9s sz\u00e1mukra olyan akci\u00f3kat, programokat hirdetni, amely \u00e1ltal a k\u00f6rnyezettudatos \u00e9s a k\u00f6rnyezet\u00e9rt felel\u0151sen gondolkod\u00f3 magatart\u00e1s kialak\u00edt\u00e1s\u00e1ban min\u00e9l jobban seg\u00edteni \u0151ket.&#8221;-nyilatkozta Gal\u00f3 Anita, a T\u00e9rs\u00e9gfejleszt\u00e9si \u00e9s K\u00fcl\u00fcgyi Iroda irodavezet\u0151-helyettese.<\/p>\n<p> Tiszaf\u00fcreden a Morotva-f\u00e9lszigeti pihen\u0151ben a csal\u00e1dok sz\u00e1m\u00e1ra \u00fcgyess\u00e9gi-p\u00e1ly\u00e1val, k\u00e9zm\u0171ves foglalkoz\u00e1sokkal \u00e9s b\u00e1bel\u0151ad\u00e1ssal is k\u00e9sz\u00fcltek a szervez\u0151k.<\/p>\n<p>Mag\u00f3 Bal\u00e1zs sz\u00fcleivel \u00e9s nagysz\u00fcleivel \u00e9rkezett a csal\u00e1di d\u00e9lut\u00e1nra , \u00e9s egy\u00fctt n\u00e9zt\u00e9k meg a szomor\u00fa erd\u0151r\u0151l sz\u00f3l\u00f3 zen\u00e9s b\u00e1bel\u0151ad\u00e1st:<br \/>-Hogyan kell szelekt\u00edven gy\u0171jteni a szemetet \u00e9s k\u00f6rnyezetv\u00e9delemr\u0151l tanultam.&#8221;<\/p>\n<p>A szab\u00e1lyos ker\u00e9kp\u00e1ros k\u00f6zleked\u00e9st is gyakorolhatt\u00e1k a gyerekek.<\/p>\n<p>A fejleszt\u00e9sekkel p\u00e1rhuzamosan a Tisza-t\u00f3 t\u00e9rs\u00e9g\u00e9ben fellend\u00fclt a  turizmus. Ez \u00faj szakmai kih\u00edv\u00e1st jelent \u00e9s modern, k\u00f6rnyezettudatos viselked\u00e9st k\u00f6vetel mindenkit\u0151l. A c\u00e9l, hogy a turizmus a fenntarthat\u00f3 fejl\u0151d\u00e9s keret\u00e9ben val\u00f3suljon meg. <\/p>\n<p>-A 10 milli\u00e1rd forintos t\u00e1mogat\u00e1sb\u00f3l konkr\u00e9t 10 projekt val\u00f3sul meg, itt a turizmus fejleszt\u00e9s ter\u00fclet\u00e9n. K\u00fcl\u00f6nb\u00f6z\u0151 ter\u00fcleteken: ebbe van strandfejleszt\u00e9s, ebben van a Tisza-tavi \u00d6kocentrumban egy \u00fajabb attrakci\u00f3 l\u00e9trehoz\u00e1sa, ebbe van ker\u00e9kp\u00e1ros \u00fatfejleszt\u00e9s a Hortob\u00e1gy is Tiszaf\u00fcred k\u00f6z\u00f6tt, illetve sz\u00e1mos m\u00e1s projekt.&#8221;<\/p>\n<p>A J\u00e1sz-Nagykun Szolnok Megyei \u00d6nkorm\u00e1nyzat honlapj\u00e1n mindenki t\u00e1j\u00e9koz\u00f3dhat a Tisza-t\u00f3 t\u00e9rs\u00e9g\u00e9nek 7 telep\u00fcl\u00e9s\u00e9t \u00e9rint\u0151 tov\u00e1bbi fejleszt\u00e9sekr\u0151l.<\/p>\n<div style=\"width: 640px;\" class=\"wp-video\"><!--[if lt IE 9]><script>document.createElement('video');<\/script><![endif]-->\n<video class=\"wp-video-shortcode\" id=\"video-9046-1\" width=\"640\" height=\"360\" preload=\"metadata\" controls=\"controls\"><source type=\"video\/mp4\" src=\"\/spots\/hir\/hir_180522_06.mp4?_=1\" \/><a href=\"\/spots\/hir\/hir_180522_06.mp4\">\/spots\/hir\/hir_180522_06.mp4<\/a><\/video><\/div>\n","protected":false},"excerpt":{"rendered":"<p>Magyarorsz\u00e1g egyik legdinamikusabban fejl\u0151d\u0151 r\u00e9gi\u00f3ja a Tisza-t\u00f3 \u00e9s t\u00e9rs\u00e9ge. A 2016-ban \u00fatj\u00e1ra ind\u00edtott -Tiszta t\u00f3 a Tisza-t\u00f3&#8221; elnevez\u00e9s\u0171 projekt a harmadik \u00fctem\u00e9hez \u00e9rkezett. Ebben a szakaszban a fiatalokat sz\u00f3l\u00edtj\u00e1k meg k\u00fcl\u00f6nb\u00f6z\u0151 programokkal. -Ennek a harmadik \u00fctemnek k\u00fcl\u00f6n\u00f6s saj\u00e1toss\u00e1ga, hogy ezen r\u00f6vid id\u0151szak alatt, amelyben ez zajlik &#8211; 2018 janu\u00e1r \u00e9s m\u00e1jus 20-a k\u00f6z\u00f6tt- igyekezet\u00fcnk els\u0151 [&hellip;]<\/p>\n","protected":false},"author":2,"featured_media":0,"comment_status":"closed","ping_status":"closed","sticky":false,"template":"","format":"standard","meta":[],"categories":[9],"tags":[],"_links":{"self":[{"href":"http:\/\/archiv.szolnoktv.hu\/index.php?rest_route=\/wp\/v2\/posts\/9046"}],"collection":[{"href":"http:\/\/archiv.szolnoktv.hu\/index.php?rest_route=\/wp\/v2\/posts"}],"about":[{"href":"http:\/\/archiv.szolnoktv.hu\/index.php?rest_route=\/wp\/v2\/types\/post"}],"author":[{"embeddable":true,"href":"http:\/\/archiv.szolnoktv.hu\/index.php?rest_route=\/wp\/v2\/users\/2"}],"replies":[{"embeddable":true,"href":"http:\/\/archiv.szolnoktv.hu\/index.php?rest_route=%2Fwp%2Fv2%2Fcomments&post=9046"}],"version-history":[{"count":1,"href":"http:\/\/archiv.szolnoktv.hu\/index.php?rest_route=\/wp\/v2\/posts\/9046\/revisions"}],"predecessor-version":[{"id":9049,"href":"http:\/\/archiv.szolnoktv.hu\/index.php?rest_route=\/wp\/v2\/posts\/9046\/revisions\/9049"}],"wp:attachment":[{"href":"http:\/\/archiv.szolnoktv.hu\/index.php?rest_route=%2Fwp%2Fv2%2Fmedia&parent=9046"}],"wp:term":[{"taxonomy":"category","embeddable":true,"href":"http:\/\/archiv.szolnoktv.hu\/index.php?rest_route=%2Fwp%2Fv2%2Fcategories&post=9046"},{"taxonomy":"post_tag","embeddable":true,"href":"http:\/\/archiv.szolnoktv.hu\/index.php?rest_route=%2Fwp%2Fv2%2Ftags&post=9046"}],"curies":[{"name":"wp","href":"https:\/\/api.w.org\/{rel}","templated":true}]}}