{"id":9045,"date":"2018-05-22T17:00:10","date_gmt":"2018-05-22T17:00:10","guid":{"rendered":"http:\/\/archiv.szolnoktv.hu\/?p=9045"},"modified":"2021-08-14T14:10:27","modified_gmt":"2021-08-14T14:10:27","slug":"eperszuret-szolnok-hataraban","status":"publish","type":"post","link":"http:\/\/archiv.szolnoktv.hu\/?p=9045","title":{"rendered":"Epersz\u00fcret Szolnok hat\u00e1r\u00e1ban"},"content":{"rendered":"<div class='booster-block booster-read-block'><\/div><p>Jut is, marad is &#8230; A Szandasz\u0151l\u0151s hat\u00e1r\u00e1ban l\u00e9v\u0151 &#8220;Eperszigeten&#8221; korl\u00e1tlan a fogyaszt\u00e1s- persze csak azoknak akik m\u00e9rlegel\u00e9sre szedik a gy\u00fcm\u00f6lcs\u00f6t.<\/p>\n<p> &#8220;Ezt magam tudom szedni, l\u00e1tom, hogy milyen sz\u00e9p, friss- teljesen friss eperr\u0151l van sz\u00f3 \u00e9s \u00e9n ezt jobban szeretem.&#8221;- mondja a szolnoki Nagy Zolt\u00e1nn\u00e9.<\/p>\n<p>L\u0151rincz\u00e9k Budapestr\u0151l \u00e9rkeztek, hogy meg\u00edzlelj\u00e9k a szolnoki szam\u00f3c\u00e1t.<\/p>\n<p> &#8220;\u00cdgy sokkal autentikusabb a t\u00f6rt\u00e9net. \u00dagy, hogy most ide j\u00f6v\u00f6k, leszedem \u00e9s k\u00f6zben lehet term\u00e9szetesen csipegetni is, meg h\u00e1t az\u00e9rt j\u00f3 leveg\u0151, j\u00f3 t\u00e1rsas\u00e1g. Ennyi! .. Ez\u00e9rt. Egyszer\u0171bb a boltban megvenni de \u00edgy sokkal izgalmasabb \u00e9s \u00edgy tudom azt, hogy ezt \u00e9n szedtem, tudom, hogy ez friss.&#8221;<\/p>\n<p>A 4 hekt\u00e1ros ter\u00fcleten az \u00e9r\u00e9si \u00fctemnek megfelel\u0151en jel\u00f6lik ki a szed\u00e9sre alkalmas sorokat. Vannak \u00e1lland\u00f3 vend\u00e9geik Egerb\u0151l, Szegedr\u0151l, de m\u00e9g Tatab\u00e1ny\u00e1r\u00f3l is. A term\u00e9s min\u0151s\u00e9ge nem kiemelked\u0151, de b\u0151ven meg\u00fcti az elv\u00e1rt szintet. Mondja Pozderka Istv\u00e1n termel\u0151.<\/p>\n<p>&#8220;A hossz\u00fa t\u00e9l, a m\u00e1rciusi t\u00e9l megviselte a n\u00f6v\u00e9nynek az \u00e9lettan\u00e1t, ut\u00e1na gyors fejl\u0151d\u00e9sbe kezdett \u00e9s a gy\u00fcm\u00f6lcs \u00e9r\u00e9se, a cukrosod\u00e1s\u00e1ra nem volt el\u00e9g megfelel\u0151 id\u0151. <\/p>\n<p>Ehhez j\u00f6tt m\u00e9g a csapad\u00e9khi\u00e1ny.<\/p>\n<p>&#8220;Elmondhatom azt, hogy az ut\u00f3bbi id\u0151ben m\u00e1rcius v\u00e9g\u00e9t\u0151l hat millim\u00e9ter csapad\u00e9k volt \u00e9s ez a n\u00f6v\u00e9nyeket nagyon megviselte.&#8221;<\/p>\n<p>Az Eperszigeten k\u00e9nytelenek ez\u00e9rt locsolni. \u00cdgy a a szezon v\u00e9g\u00e9ig kitart a min\u0151s\u00e9g. Az epres gazd\u00e1knak ilyenkor nincs meg\u00e1ll\u00e1s. Az interneten szervez\u0151d\u0151 \u00e9rt\u00e9kes\u00edt\u0151 csoportok azonnal r\u00e1teszik a kez\u00fcket a j\u00f3 min\u0151s\u00e9g\u0171 gy\u00fcm\u00f6lcsre. Ez a sz\u00e1ll\u00edtm\u00e1ny p\u00e9ld\u00e1ul Sz\u00e9kesfeh\u00e9rv\u00e1rra megy. De Tatab\u00e1ny\u00e1n \u00e9s Gy\u0151rben is keresik a szolnoki epret.<\/p>\n<div style=\"width: 640px;\" class=\"wp-video\"><!--[if lt IE 9]><script>document.createElement('video');<\/script><![endif]-->\n<video class=\"wp-video-shortcode\" id=\"video-9045-1\" width=\"640\" height=\"360\" preload=\"metadata\" controls=\"controls\"><source type=\"video\/mp4\" src=\"\/spots\/hir\/hir_180522_05.mp4?_=1\" \/><a href=\"\/spots\/hir\/hir_180522_05.mp4\">\/spots\/hir\/hir_180522_05.mp4<\/a><\/video><\/div>\n","protected":false},"excerpt":{"rendered":"<p>Jut is, marad is &#8230; A Szandasz\u0151l\u0151s hat\u00e1r\u00e1ban l\u00e9v\u0151 &#8220;Eperszigeten&#8221; korl\u00e1tlan a fogyaszt\u00e1s- persze csak azoknak akik m\u00e9rlegel\u00e9sre szedik a gy\u00fcm\u00f6lcs\u00f6t. &#8220;Ezt magam tudom szedni, l\u00e1tom, hogy milyen sz\u00e9p, friss- teljesen friss eperr\u0151l van sz\u00f3 \u00e9s \u00e9n ezt jobban szeretem.&#8221;- mondja a szolnoki Nagy Zolt\u00e1nn\u00e9. L\u0151rincz\u00e9k Budapestr\u0151l \u00e9rkeztek, hogy meg\u00edzlelj\u00e9k a szolnoki szam\u00f3c\u00e1t. &#8220;\u00cdgy sokkal [&hellip;]<\/p>\n","protected":false},"author":2,"featured_media":0,"comment_status":"closed","ping_status":"closed","sticky":false,"template":"","format":"standard","meta":[],"categories":[9],"tags":[],"_links":{"self":[{"href":"http:\/\/archiv.szolnoktv.hu\/index.php?rest_route=\/wp\/v2\/posts\/9045"}],"collection":[{"href":"http:\/\/archiv.szolnoktv.hu\/index.php?rest_route=\/wp\/v2\/posts"}],"about":[{"href":"http:\/\/archiv.szolnoktv.hu\/index.php?rest_route=\/wp\/v2\/types\/post"}],"author":[{"embeddable":true,"href":"http:\/\/archiv.szolnoktv.hu\/index.php?rest_route=\/wp\/v2\/users\/2"}],"replies":[{"embeddable":true,"href":"http:\/\/archiv.szolnoktv.hu\/index.php?rest_route=%2Fwp%2Fv2%2Fcomments&post=9045"}],"version-history":[{"count":1,"href":"http:\/\/archiv.szolnoktv.hu\/index.php?rest_route=\/wp\/v2\/posts\/9045\/revisions"}],"predecessor-version":[{"id":9050,"href":"http:\/\/archiv.szolnoktv.hu\/index.php?rest_route=\/wp\/v2\/posts\/9045\/revisions\/9050"}],"wp:attachment":[{"href":"http:\/\/archiv.szolnoktv.hu\/index.php?rest_route=%2Fwp%2Fv2%2Fmedia&parent=9045"}],"wp:term":[{"taxonomy":"category","embeddable":true,"href":"http:\/\/archiv.szolnoktv.hu\/index.php?rest_route=%2Fwp%2Fv2%2Fcategories&post=9045"},{"taxonomy":"post_tag","embeddable":true,"href":"http:\/\/archiv.szolnoktv.hu\/index.php?rest_route=%2Fwp%2Fv2%2Ftags&post=9045"}],"curies":[{"name":"wp","href":"https:\/\/api.w.org\/{rel}","templated":true}]}}