{"id":9044,"date":"2018-05-22T16:47:29","date_gmt":"2018-05-22T16:47:29","guid":{"rendered":"http:\/\/archiv.szolnoktv.hu\/?p=9044"},"modified":"2021-08-14T14:10:27","modified_gmt":"2021-08-14T14:10:27","slug":"atadtak-a-tanmuhelyet-a-jendrassik-gyorgy-gepipari-szakgimnaziumban","status":"publish","type":"post","link":"http:\/\/archiv.szolnoktv.hu\/?p=9044","title":{"rendered":"\u00c1tadt\u00e1k a tanm\u0171helyet a Jendrassik Gy\u00f6rgy G\u00e9pipari Szakgimn\u00e1ziumban<br>"},"content":{"rendered":"<div class='booster-block booster-read-block'><\/div><p>Ma m\u00e1r a megszokott m\u00f3don kezdt\u00e9k gyakorlati napjukat a G\u00e9pipari Szakgimn\u00e1zium 10. oszt\u00e1lyos g\u00e9p\u00e9szei. A di\u00e1kok heti 4 tan\u00f3r\u00e1t t\u00f6ltenek a m\u0171helyben, ahol olyan tapasztalatokat szereznek, amik az \u00e9retts\u00e9gi ut\u00e1n az elhelyezked\u00e9st seg\u00edtik. Az \u00f3r\u00e1k megtart\u00e1s\u00e1t csaknem k\u00e9t h\u00f3napig tanm\u0171hely fel\u00faj\u00edt\u00e1sa nehez\u00edtette. <\/p>\n<p>-H\u00e1rom csoportra vagyunk osztva, h\u00e1rom tan\u00e1rral. Van eszterg\u00e1l\u00e1s, reszel\u00e9s, f\u0171r\u00e9szel\u00e9s p\u00e9ld\u00e1ul. Ilyen megmunk\u00e1l\u00e1sokat szoktunk csin\u00e1lni.&#8221;- monda Pettendi G\u00e1bor.<\/p>\n<p>A rekonstrukci\u00f3 kert\u00e9ben fel\u00faj\u00edtott\u00e1k a komplett villamos h\u00e1l\u00f3zatot, valamint a g\u00e9pek elektromos ell\u00e1t\u00e1sa is meg\u00fajult. Az \u00f3r\u00e1kon ez\u00e9rt olyan gyakorlatokat is tudnak v\u00e9gezni, amire eddig nem volt lehet\u0151s\u00e9g.<\/p>\n<p>-R\u00e9szben egyszer\u0171s\u00edtette, mert sok g\u00e9p eddig nem volt \u00fczemk\u00e9pes, nem volt bek\u00f6tve. Most a fel\u00faj\u00edt\u00e1ssal be lett k\u00f6tve j\u00f3 p\u00e1r g\u00e9p, ami m\u0171k\u00f6dik, \u00edgy t\u00f6bben tudunk dolgozni egyszerre \u00e9s nem kell v\u00e1ltani egym\u00e1st.&#8221;-mondta Csiga Marcell Patrik.<\/p>\n<p>A m\u0171hely k\u00fclseje is meg\u00fajult. Az oszlopokat \u00e9s a ny\u00edl\u00e1sz\u00e1r\u00f3kat lefestett\u00e9k, illetve a r\u00e9g\u00f3ta tervezett m\u0171gyanta padl\u00f3 is megval\u00f3sult. (1146) A fel\u00faj\u00edt\u00e1s M\u0171szaki Szakk\u00e9pz\u00e9si Centrum 2015 \u00f3ta tart\u00f3 korszer\u0171s\u00edt\u00e9si sorozat\u00e1nak r\u00e9sze, ami 40 milli\u00f3 forintb\u00f3l val\u00f3sult meg.<\/p>\n<p>-Szebb k\u00f6rnyezetben tudnak dolgozni az elk\u00f6vetkez\u0151 id\u0151szakban, hiszen m\u00e1r nagyon r\u00e9gen volt itt ilyen m\u00e9rv\u0171 fel\u00faj\u00edt\u00e1s, hiszen kev\u00e9s volt r\u00e1 a forr\u00e1s. Most m\u00e1r siker\u00fclt forr\u00e1st teremten\u00fcnk, hogy megval\u00f3s\u00edtsuk ezt a sz\u00e9p k\u00f6rnyezetet, l\u00e9trehozzuk a di\u00e1kok sz\u00e1m\u00e1ra.&#8221;- mondta Hics\u00f3 Gy\u00f6rgy a Szolnoki M\u0171szaki Szakk\u00e9pz\u00e9si Centrum f\u0151igazgat\u00f3ja.<\/p>\n<p>Az int\u00e9zm\u00e9ny nagy hangs\u00falyt fektet a piack\u00e9pes szakm\u00e1k oktat\u00e1s\u00e1ra. A m\u0171helyavat\u00f3n Hics\u00f3 Gy\u00f6rgy azt is elmondta, hogy a j\u00f6v\u0151ben a Szolnoki Helikopter B\u00e1zissal egy\u00fctt dolgozva a Jendrassik Gy\u00f6rgy G\u00e9pipari Szakgimn\u00e1ziumban rep\u00fcl\u0151g\u00e9p szerel\u0151k oktat\u00e1sa is megkezd\u0151dik.<\/p>\n<div style=\"width: 640px;\" class=\"wp-video\"><!--[if lt IE 9]><script>document.createElement('video');<\/script><![endif]-->\n<video class=\"wp-video-shortcode\" id=\"video-9044-1\" width=\"640\" height=\"360\" preload=\"metadata\" controls=\"controls\"><source type=\"video\/mp4\" src=\"\/spots\/hir\/hir_180522_04.mp4?_=1\" \/><a href=\"\/spots\/hir\/hir_180522_04.mp4\">\/spots\/hir\/hir_180522_04.mp4<\/a><\/video><\/div>\n","protected":false},"excerpt":{"rendered":"<p>Ma m\u00e1r a megszokott m\u00f3don kezdt\u00e9k gyakorlati napjukat a G\u00e9pipari Szakgimn\u00e1zium 10. oszt\u00e1lyos g\u00e9p\u00e9szei. A di\u00e1kok heti 4 tan\u00f3r\u00e1t t\u00f6ltenek a m\u0171helyben, ahol olyan tapasztalatokat szereznek, amik az \u00e9retts\u00e9gi ut\u00e1n az elhelyezked\u00e9st seg\u00edtik. Az \u00f3r\u00e1k megtart\u00e1s\u00e1t csaknem k\u00e9t h\u00f3napig tanm\u0171hely fel\u00faj\u00edt\u00e1sa nehez\u00edtette. -H\u00e1rom csoportra vagyunk osztva, h\u00e1rom tan\u00e1rral. Van eszterg\u00e1l\u00e1s, reszel\u00e9s, f\u0171r\u00e9szel\u00e9s p\u00e9ld\u00e1ul. Ilyen megmunk\u00e1l\u00e1sokat [&hellip;]<\/p>\n","protected":false},"author":2,"featured_media":0,"comment_status":"closed","ping_status":"closed","sticky":false,"template":"","format":"standard","meta":[],"categories":[9],"tags":[],"_links":{"self":[{"href":"http:\/\/archiv.szolnoktv.hu\/index.php?rest_route=\/wp\/v2\/posts\/9044"}],"collection":[{"href":"http:\/\/archiv.szolnoktv.hu\/index.php?rest_route=\/wp\/v2\/posts"}],"about":[{"href":"http:\/\/archiv.szolnoktv.hu\/index.php?rest_route=\/wp\/v2\/types\/post"}],"author":[{"embeddable":true,"href":"http:\/\/archiv.szolnoktv.hu\/index.php?rest_route=\/wp\/v2\/users\/2"}],"replies":[{"embeddable":true,"href":"http:\/\/archiv.szolnoktv.hu\/index.php?rest_route=%2Fwp%2Fv2%2Fcomments&post=9044"}],"version-history":[{"count":1,"href":"http:\/\/archiv.szolnoktv.hu\/index.php?rest_route=\/wp\/v2\/posts\/9044\/revisions"}],"predecessor-version":[{"id":9051,"href":"http:\/\/archiv.szolnoktv.hu\/index.php?rest_route=\/wp\/v2\/posts\/9044\/revisions\/9051"}],"wp:attachment":[{"href":"http:\/\/archiv.szolnoktv.hu\/index.php?rest_route=%2Fwp%2Fv2%2Fmedia&parent=9044"}],"wp:term":[{"taxonomy":"category","embeddable":true,"href":"http:\/\/archiv.szolnoktv.hu\/index.php?rest_route=%2Fwp%2Fv2%2Fcategories&post=9044"},{"taxonomy":"post_tag","embeddable":true,"href":"http:\/\/archiv.szolnoktv.hu\/index.php?rest_route=%2Fwp%2Fv2%2Ftags&post=9044"}],"curies":[{"name":"wp","href":"https:\/\/api.w.org\/{rel}","templated":true}]}}