{"id":9043,"date":"2018-05-22T16:38:26","date_gmt":"2018-05-22T16:38:26","guid":{"rendered":"http:\/\/archiv.szolnoktv.hu\/?p=9043"},"modified":"2021-08-14T14:10:27","modified_gmt":"2021-08-14T14:10:27","slug":"drotszamaron-kerultek-meg-a-tavat","status":"publish","type":"post","link":"http:\/\/archiv.szolnoktv.hu\/?p=9043","title":{"rendered":"Dr\u00f3tszam\u00e1ron ker\u00fclt\u00e9k meg a tavat"},"content":{"rendered":"<div class='booster-block booster-read-block'><\/div><p>Negyvenen sz\u00e1lltak nyeregbe szombaton, hogy lekerekezz\u00e9k az orsz\u00e1g egyik legszebb- bicikliseknek ki\u00e9p\u00edtett- t\u00fara\u00fatvonal\u00e1t. A r\u00e9sztvev\u0151k k\u00f6zvetve, vagy k\u00f6zvetlen\u00fcl- munk\u00e1juk r\u00e9v\u00e9n r\u00e9szesei a &#8220;Tiszta t\u00f3 a Tisza t\u00f3&#8221; projektnek. A megm\u00e9rettet\u00e9st szervez\u0151 JNSz Megyei K\u00f6zgy\u0171l\u00e9s eln\u00f6ke id\u00e9n sem maradt otthon. \u00c1m ez\u00fattal m\u00e1r mint orsz\u00e1ggy\u0171l\u00e9si k\u00e9pvisel\u0151 \u00e1llt a mez\u0151ny \u00e9l\u00e9re.<\/p>\n<p>&#8220;Nagyon gazdagok vagyunk, hogy van egy ilyen Tisza tavunk. M\u00e9g nem \u00e9rt\u00e9kelj\u00fck el\u00e9gg\u00e9, de \u00e9n azt gondolom, hogy egyre jobban fel\u00e9rt\u00e9kel\u0151dik, egyre jobban j\u00f6nnek, t\u00f6bben j\u00f6nnek Dun\u00e1nt\u00falr\u00f3l, Budapestr\u0151l \u00e9s k\u00fclf\u00f6ldr\u0151l is ide. egyre jobban \u00e9rt\u00e9kelik ezt a csod\u00e1latos term\u00e9szeti adotts\u00e1got ami a Tisza t\u00f3.&#8221;<\/p>\n<p>A Tisza T\u00f3 tavaly \u00f6t\u00f6dikk\u00e9nt az orsz\u00e1gban megkapta a kiemelt turisztikai r\u00e9gi\u00f3 c\u00edmet a Hortob\u00e1ggyal, Hajd\u00faszoboszl\u00f3val \u00e9s Debrecennel kar\u00f6ltve.<\/p>\n<p>&#8220;Sz\u00e1momra mind a t\u00e9rs\u00e9g turisztikai vonzereje, mind a term\u00e9szeti \u00e9rt\u00e9kei olyan kiemelked\u0151ek, melyek miatt m\u00e9lt\u00f3ak arra, hogy b\u00fcszk\u00e9n JNSZ Megye els\u0151 sz\u00e1m\u00fa turisztikai attrakci\u00f3j\u00e1v\u00e1 v\u00e1ljanak hossz\u00fa t\u00e1von, illetve ki kell emelnem a turisztikai attrakci\u00f3 mivolt\u00e1n t\u00fal azt a tov\u00e1bbi lehet\u0151s\u00e9g\u00e9t a Tisza t\u00f3 kapcs\u00e1n mely a horg\u00e1szati helyekhez kapcsol\u00f3dik, valamint a t\u00e9rs\u00e9gben az\u00e9rt azt kell, hogy mondjam, hogy sz\u00e1mos olyan telep\u00fcl\u00e9s \u00e9s telep\u00fcl\u00e9si polg\u00e1rmester van mely sz\u00e1mos egy\u00e9b programmal b\u00fcszk\u00e9lkedhet.&#8221;- hangs\u00falyozta Piroska Mikl\u00f3s a megyei k\u00f6zgy\u0171l\u00e9s aleln\u00f6ke.<\/p>\n<p>Ez\u00fattal nyolc helyen \u00e1lltak meg a VIP biciklit\u00fara r\u00e9sztvev\u0151i. A t\u00f3 menti telep\u00fcl\u00e9sek friss\u00edt\u0151vel, helyi specialit\u00e1sokkal v\u00e1rt\u00e1k az \u00e9rkez\u0151ket, akik kitart\u00f3an falt\u00e1k a kilom\u00e9tereket is. Tiszaf\u00fcred, Tiszasz\u0151l\u0151s, Tiszaderzs, Ab\u00e1dszal\u00f3k, Kisk\u00f6re, Tiszan\u00e1na, Sarud \u00e9s Poroszl\u00f3. A t\u00f3 menti telep\u00fcl\u00e9sekhez tartoz\u00f3 partszakaszok adotts\u00e1gai szinte minden\u00fctt m\u00e1st ny\u00fajtanak. A szervez\u0151k szerint \u00e9ppen ez\u00e9rt v\u00e1ltozatos \u00e9s megunhatatlan a t\u00f3 k\u00f6r\u00fcli kerekez\u00e9s, amibe b\u00e1rki b\u00e1tran belev\u00e1ghat. A 68 kilom\u00e9teres k\u00f6r csak els\u0151re t\u0171nik teljes\u00edthetetlennek. A VIP t\u00fara r\u00e9sztvev\u0151i 7 meg\u00e1ll\u00f3 beiktat\u00e1s\u00e1val valamivel t\u00f6bb mint 7 \u00f3ra alatt tett\u00e9k meg a t\u00e1vot.<\/p>\n<div style=\"width: 640px;\" class=\"wp-video\"><!--[if lt IE 9]><script>document.createElement('video');<\/script><![endif]-->\n<video class=\"wp-video-shortcode\" id=\"video-9043-1\" width=\"640\" height=\"360\" preload=\"metadata\" controls=\"controls\"><source type=\"video\/mp4\" src=\"\/spots\/hir\/hir_180522_03.mp4?_=1\" \/><a href=\"\/spots\/hir\/hir_180522_03.mp4\">\/spots\/hir\/hir_180522_03.mp4<\/a><\/video><\/div>\n","protected":false},"excerpt":{"rendered":"<p>Negyvenen sz\u00e1lltak nyeregbe szombaton, hogy lekerekezz\u00e9k az orsz\u00e1g egyik legszebb- bicikliseknek ki\u00e9p\u00edtett- t\u00fara\u00fatvonal\u00e1t. A r\u00e9sztvev\u0151k k\u00f6zvetve, vagy k\u00f6zvetlen\u00fcl- munk\u00e1juk r\u00e9v\u00e9n r\u00e9szesei a &#8220;Tiszta t\u00f3 a Tisza t\u00f3&#8221; projektnek. A megm\u00e9rettet\u00e9st szervez\u0151 JNSz Megyei K\u00f6zgy\u0171l\u00e9s eln\u00f6ke id\u00e9n sem maradt otthon. \u00c1m ez\u00fattal m\u00e1r mint orsz\u00e1ggy\u0171l\u00e9si k\u00e9pvisel\u0151 \u00e1llt a mez\u0151ny \u00e9l\u00e9re. &#8220;Nagyon gazdagok vagyunk, hogy van egy [&hellip;]<\/p>\n","protected":false},"author":2,"featured_media":0,"comment_status":"closed","ping_status":"closed","sticky":false,"template":"","format":"standard","meta":[],"categories":[9],"tags":[],"_links":{"self":[{"href":"http:\/\/archiv.szolnoktv.hu\/index.php?rest_route=\/wp\/v2\/posts\/9043"}],"collection":[{"href":"http:\/\/archiv.szolnoktv.hu\/index.php?rest_route=\/wp\/v2\/posts"}],"about":[{"href":"http:\/\/archiv.szolnoktv.hu\/index.php?rest_route=\/wp\/v2\/types\/post"}],"author":[{"embeddable":true,"href":"http:\/\/archiv.szolnoktv.hu\/index.php?rest_route=\/wp\/v2\/users\/2"}],"replies":[{"embeddable":true,"href":"http:\/\/archiv.szolnoktv.hu\/index.php?rest_route=%2Fwp%2Fv2%2Fcomments&post=9043"}],"version-history":[{"count":1,"href":"http:\/\/archiv.szolnoktv.hu\/index.php?rest_route=\/wp\/v2\/posts\/9043\/revisions"}],"predecessor-version":[{"id":9052,"href":"http:\/\/archiv.szolnoktv.hu\/index.php?rest_route=\/wp\/v2\/posts\/9043\/revisions\/9052"}],"wp:attachment":[{"href":"http:\/\/archiv.szolnoktv.hu\/index.php?rest_route=%2Fwp%2Fv2%2Fmedia&parent=9043"}],"wp:term":[{"taxonomy":"category","embeddable":true,"href":"http:\/\/archiv.szolnoktv.hu\/index.php?rest_route=%2Fwp%2Fv2%2Fcategories&post=9043"},{"taxonomy":"post_tag","embeddable":true,"href":"http:\/\/archiv.szolnoktv.hu\/index.php?rest_route=%2Fwp%2Fv2%2Ftags&post=9043"}],"curies":[{"name":"wp","href":"https:\/\/api.w.org\/{rel}","templated":true}]}}