{"id":9042,"date":"2018-05-22T16:16:11","date_gmt":"2018-05-22T16:16:11","guid":{"rendered":"http:\/\/archiv.szolnoktv.hu\/?p=9042"},"modified":"2021-08-14T14:10:27","modified_gmt":"2021-08-14T14:10:27","slug":"eredmenyesek-a-polgarorok","status":"publish","type":"post","link":"http:\/\/archiv.szolnoktv.hu\/?p=9042","title":{"rendered":"Eredm\u00e9nyesek  a polg\u00e1r\u0151r\u00f6k"},"content":{"rendered":"<div class='booster-block booster-read-block'><\/div><p>Minden nap szolg\u00e1latban. Munka ut\u00e1n \u00f6nk\u00e9nt, szabadidej\u00fckben. \u00cdgy lehet eredm\u00e9nyt el\u00e9rni. Ezekr\u0151l sz\u00e1moltak be szombati k\u00f6zgy\u0171l\u00e9s\u00fck\u00f6n  a Szolnok V\u00e1rosi Polg\u00e1r\u0151r Egyes\u00fclet tagjai.<\/p>\n<p>B\u00f3di Andor eln\u00f6k , Szolnok V\u00e1rosi Polg\u00e1r\u0151r Egyes\u00fclet : <\/p>\n<p>-&#8220;Jelenleg 82 tagunk van ebb\u0151l 76 aki akt\u00edv  \u00e9s ifj\u00fa polg\u00e1r\u0151r\u00f6kkel eg\u00e9sz\u00fcl ki 82-re. Siker\u00fclt a tavalyi \u00e9vet t\u00falsz\u00e1rnyalnunk 400 \u00f3r\u00e1val . Tavaly 16100 \u00f3r\u00e1t , most 16500 \u00f3r\u00e1t teljes\u00edtett\u00fcnk. &#8211;<\/p>\n<p>Tavaly megalap\u00edtott\u00e1k a lovas \u00e9s a motoros j\u00e1r\u0151rszolg\u00e1latot is, ut\u00e1nfut\u00f3t v\u00e1s\u00e1roltak \u00e9s terepj\u00e1r\u00f3juk is van. <\/p>\n<p>B\u00f3di Andor eln\u00f6k , Szolnok V\u00e1rosi Polg\u00e1r\u0151r Egyes\u00fclet : <\/p>\n<p>-&#8220;Ez \u00e9vben szeretn\u00e9nk a v\u00edzi polg\u00e1r\u0151r\u00f6knek egy kis haj\u00f3t venni \u00e9s ezeket a polg\u00e1r\u0151r\u00f6ket hal\u0151ri vizsg\u00e1val szeretn\u00e9nk ell\u00e1tni , nem k\u00f6telezz\u00fck, de szeretn\u00e9nk ha megszerezn\u00e9k, akik a v\u00edzen dolgoznak. &#8211;<\/p>\n<p>:Nyolcan m\u00e1r ifj\u00fa polg\u00e1r\u0151r\u00f6k, ezen a vonalon azonban tov\u00e1bbi fejl\u0151d\u00e9sre volna sz\u00fcks\u00e9g-emelte ki az eln\u00f6k. Van rem\u00e9ny, hiszen jelenleg is 15 di\u00e1k \u00f6nk\u00e9nteskedik a polg\u00e1r\u0151r\u00f6kn\u00e9l. A k\u00f6zgy\u0171l\u00e9sen egy nyugd\u00edjas \u00e9s egy ifj\u00fa  polg\u00e1r\u0151rt ismertek el eddigi munk\u00e1j\u00e1\u00e9rt. <\/p>\n<div style=\"width: 640px;\" class=\"wp-video\"><!--[if lt IE 9]><script>document.createElement('video');<\/script><![endif]-->\n<video class=\"wp-video-shortcode\" id=\"video-9042-1\" width=\"640\" height=\"360\" preload=\"metadata\" controls=\"controls\"><source type=\"video\/mp4\" src=\"\/spots\/hir\/hir_180522_02.mp4?_=1\" \/><a href=\"\/spots\/hir\/hir_180522_02.mp4\">\/spots\/hir\/hir_180522_02.mp4<\/a><\/video><\/div>\n","protected":false},"excerpt":{"rendered":"<p>Minden nap szolg\u00e1latban. Munka ut\u00e1n \u00f6nk\u00e9nt, szabadidej\u00fckben. \u00cdgy lehet eredm\u00e9nyt el\u00e9rni. Ezekr\u0151l sz\u00e1moltak be szombati k\u00f6zgy\u0171l\u00e9s\u00fck\u00f6n a Szolnok V\u00e1rosi Polg\u00e1r\u0151r Egyes\u00fclet tagjai. B\u00f3di Andor eln\u00f6k , Szolnok V\u00e1rosi Polg\u00e1r\u0151r Egyes\u00fclet : -&#8220;Jelenleg 82 tagunk van ebb\u0151l 76 aki akt\u00edv \u00e9s ifj\u00fa polg\u00e1r\u0151r\u00f6kkel eg\u00e9sz\u00fcl ki 82-re. Siker\u00fclt a tavalyi \u00e9vet t\u00falsz\u00e1rnyalnunk 400 \u00f3r\u00e1val . Tavaly 16100 [&hellip;]<\/p>\n","protected":false},"author":2,"featured_media":0,"comment_status":"closed","ping_status":"closed","sticky":false,"template":"","format":"standard","meta":[],"categories":[9],"tags":[],"_links":{"self":[{"href":"http:\/\/archiv.szolnoktv.hu\/index.php?rest_route=\/wp\/v2\/posts\/9042"}],"collection":[{"href":"http:\/\/archiv.szolnoktv.hu\/index.php?rest_route=\/wp\/v2\/posts"}],"about":[{"href":"http:\/\/archiv.szolnoktv.hu\/index.php?rest_route=\/wp\/v2\/types\/post"}],"author":[{"embeddable":true,"href":"http:\/\/archiv.szolnoktv.hu\/index.php?rest_route=\/wp\/v2\/users\/2"}],"replies":[{"embeddable":true,"href":"http:\/\/archiv.szolnoktv.hu\/index.php?rest_route=%2Fwp%2Fv2%2Fcomments&post=9042"}],"version-history":[{"count":1,"href":"http:\/\/archiv.szolnoktv.hu\/index.php?rest_route=\/wp\/v2\/posts\/9042\/revisions"}],"predecessor-version":[{"id":9053,"href":"http:\/\/archiv.szolnoktv.hu\/index.php?rest_route=\/wp\/v2\/posts\/9042\/revisions\/9053"}],"wp:attachment":[{"href":"http:\/\/archiv.szolnoktv.hu\/index.php?rest_route=%2Fwp%2Fv2%2Fmedia&parent=9042"}],"wp:term":[{"taxonomy":"category","embeddable":true,"href":"http:\/\/archiv.szolnoktv.hu\/index.php?rest_route=%2Fwp%2Fv2%2Fcategories&post=9042"},{"taxonomy":"post_tag","embeddable":true,"href":"http:\/\/archiv.szolnoktv.hu\/index.php?rest_route=%2Fwp%2Fv2%2Ftags&post=9042"}],"curies":[{"name":"wp","href":"https:\/\/api.w.org\/{rel}","templated":true}]}}