{"id":9040,"date":"2018-05-18T18:40:00","date_gmt":"2018-05-18T18:40:00","guid":{"rendered":"http:\/\/archiv.szolnoktv.hu\/?p=9040"},"modified":"2021-08-14T14:10:28","modified_gmt":"2021-08-14T14:10:28","slug":"helyi-ertek-dij-aparol-fiura-3-ik-helyezes","status":"publish","type":"post","link":"http:\/\/archiv.szolnoktv.hu\/?p=9040","title":{"rendered":"Helyi \u00c9rt\u00e9k D\u00edj  &#8211;   Ap\u00e1r\u00f3l fi\u00fara 3-ik helyez\u00e9s"},"content":{"rendered":"<div class='booster-block booster-read-block'><\/div><p>A Helyi Telev\u00edzi\u00f3k Orsz\u00e1gos Egyes\u00fclete minden \u00e9vben ki\u00edrja &#8220;Helyi \u00c9rt\u00e9k D\u00edj&#8221; elnevez\u00e9s\u0171 p\u00e1ly\u00e1zat\u00e1t, melyben id\u00e9n &#8220;dokumentumfilm, eg\u00e9sz est\u00e9s film&#8221; kateg\u00f3ri\u00e1ban telev\u00edzi\u00f3nk munkat\u00e1rsainak Lengyel Boldizs\u00e1rnak, B\u00e1nyaiFodor Ferencnek \u00e9s Matus Nikolettnek- alkot\u00e1sa 3-ik helyez\u00e9st \u00e9rt el. A d\u00edjat tegnap este Hajd\u00faszoboszl\u00f3n vett\u00e9k \u00e1t.<\/p>\n<p>A zs\u0171ri \u00e9rt\u00e9kel\u00e9se szerint az &#8220;Ap\u00e1r\u00f3l fi\u00fara&#8221; egy sz\u00e9p dokumentumfilm, mely bemutatja hogyan zajlanak egy m\u0171v\u00e9szcsal\u00e1d mindennapjai \u00e9s mik\u00e9nt \u00e9lik meg a f\u00e9l, a k\u0151, a bronz \u00e9s az \u00fcveg tisztelet\u00e9t.<\/p>\n<p>A film a Gy\u0151rfi csal\u00e1dr\u00f3l sz\u00f3l. A karcagi puszt\u00e1ban \u00e9lt egy 4 gyermekes csal\u00e1d, a gyermekek k\u00f6z\u00fcl 3 m\u0171v\u00e9sz lett. Tanyasi fiatalk\u00e9nt kezdt\u00e9k, nemzetk\u00f6zi h\u00edr\u0171 m\u0171v\u00e9szek lettek, a szobr\u00e1sz S\u00e1ndor pedig id\u00e9n meg is kapta a Kossuth d\u00edjat.<br \/>&#8220;Ez \u00f6nmag\u00e1ban is arra \u00f6szt\u00f6k\u00e9lt benn\u00fcnket, hogy \u00e9rdemes meg\u00f6r\u00f6k\u00edteni, hogy ha a csal\u00e1dok egy\u00fcttm\u0171k\u00f6dnek, akkor sok mindenre k\u00e9pesek, mint p\u00e9ld\u00e1ul a Gy\u0151rfi csal\u00e1d.&#8221; -mondta LENGYEL BOLDIZS\u00c1R szerkeszt\u0151.<\/p>\n<p>A filmk\u00e9sz\u00edt\u00e9s csapatmunka, melyben az operat\u0151rnek \u00e9s a v\u00e1g\u00f3nak a munk\u00e1ja -ebben az esetben is- nagyban hozz\u00e1j\u00e1rult a sikerhez.<br \/>&#8220;Nagyon meglep\u0151dtem a d\u00edjon, mert \u00e9n m\u00e9g csak \u00f6t \u00e9ve dolgozom a t\u00e9v\u00e9ben, \u00e9s m\u00e1ris egy ilyen neves orsz\u00e1gos verseny d\u00edj\u00e1nak r\u00e9szese lehettem, nagyon b\u00fcszke vagyok erre.&#8221; -mondta MATUS NIKOLETT v\u00e1g\u00f3.<br \/>A Helyi Telev\u00edzi\u00f3k Orsz\u00e1gos Egyes\u00fclet\u00e9nek eln\u00f6ke szerint a helyi telev\u00edzi\u00f3k meg\u00edt\u00e9l\u00e9se nagyban m\u00falik az ilyen min\u0151s\u00e9g\u0171 filmeken.<br \/>&#8220;Azt gondolom ez az egyes\u00fclet t\u00fal\u00e9lt mindent, ma is egy\u00fctt vagyunk, \u00e9s azt kell mondjam, hitelesek vagyunk, szerethet\u0151ek vagyunk azokon a telep\u00fcl\u00e9seken, ahol dolgozunk.&#8221; -mondta LOVASS TIBOR eln\u00f6k.<br \/>Az &#8220;Ap\u00e1r\u00f3l fi\u00fara&#8221; sorozat orvos, m\u0171v\u00e9sz, kiv\u00e1l\u00f3 szakember dinaszti\u00e1kat mutat be, olyanokat, ahol a hagyom\u00e1ny ap\u00e1r\u00f3l fi\u00fara \u00f6r\u00f6kl\u0151dik.<br \/>\n<br \/>\n<div style=\"width: 640px;\" class=\"wp-video\"><!--[if lt IE 9]><script>document.createElement('video');<\/script><![endif]-->\n<video class=\"wp-video-shortcode\" id=\"video-9040-1\" width=\"640\" height=\"360\" preload=\"metadata\" controls=\"controls\"><source type=\"video\/mp4\" src=\"\/spots\/hir\/hir_180518_08.mp4?_=1\" \/><a href=\"\/spots\/hir\/hir_180518_08.mp4\">\/spots\/hir\/hir_180518_08.mp4<\/a><\/video><\/div><\/p>\n","protected":false},"excerpt":{"rendered":"<p>A Helyi Telev\u00edzi\u00f3k Orsz\u00e1gos Egyes\u00fclete minden \u00e9vben ki\u00edrja &#8220;Helyi \u00c9rt\u00e9k D\u00edj&#8221; elnevez\u00e9s\u0171 p\u00e1ly\u00e1zat\u00e1t, melyben id\u00e9n &#8220;dokumentumfilm, eg\u00e9sz est\u00e9s film&#8221; kateg\u00f3ri\u00e1ban telev\u00edzi\u00f3nk munkat\u00e1rsainak Lengyel Boldizs\u00e1rnak, B\u00e1nyaiFodor Ferencnek \u00e9s Matus Nikolettnek- alkot\u00e1sa 3-ik helyez\u00e9st \u00e9rt el. A d\u00edjat tegnap este Hajd\u00faszoboszl\u00f3n vett\u00e9k \u00e1t. A zs\u0171ri \u00e9rt\u00e9kel\u00e9se szerint az &#8220;Ap\u00e1r\u00f3l fi\u00fara&#8221; egy sz\u00e9p dokumentumfilm, mely bemutatja hogyan zajlanak [&hellip;]<\/p>\n","protected":false},"author":2,"featured_media":0,"comment_status":"closed","ping_status":"closed","sticky":false,"template":"","format":"standard","meta":[],"categories":[9],"tags":[],"_links":{"self":[{"href":"http:\/\/archiv.szolnoktv.hu\/index.php?rest_route=\/wp\/v2\/posts\/9040"}],"collection":[{"href":"http:\/\/archiv.szolnoktv.hu\/index.php?rest_route=\/wp\/v2\/posts"}],"about":[{"href":"http:\/\/archiv.szolnoktv.hu\/index.php?rest_route=\/wp\/v2\/types\/post"}],"author":[{"embeddable":true,"href":"http:\/\/archiv.szolnoktv.hu\/index.php?rest_route=\/wp\/v2\/users\/2"}],"replies":[{"embeddable":true,"href":"http:\/\/archiv.szolnoktv.hu\/index.php?rest_route=%2Fwp%2Fv2%2Fcomments&post=9040"}],"version-history":[{"count":1,"href":"http:\/\/archiv.szolnoktv.hu\/index.php?rest_route=\/wp\/v2\/posts\/9040\/revisions"}],"predecessor-version":[{"id":9055,"href":"http:\/\/archiv.szolnoktv.hu\/index.php?rest_route=\/wp\/v2\/posts\/9040\/revisions\/9055"}],"wp:attachment":[{"href":"http:\/\/archiv.szolnoktv.hu\/index.php?rest_route=%2Fwp%2Fv2%2Fmedia&parent=9040"}],"wp:term":[{"taxonomy":"category","embeddable":true,"href":"http:\/\/archiv.szolnoktv.hu\/index.php?rest_route=%2Fwp%2Fv2%2Fcategories&post=9040"},{"taxonomy":"post_tag","embeddable":true,"href":"http:\/\/archiv.szolnoktv.hu\/index.php?rest_route=%2Fwp%2Fv2%2Ftags&post=9040"}],"curies":[{"name":"wp","href":"https:\/\/api.w.org\/{rel}","templated":true}]}}