{"id":9039,"date":"2018-05-18T16:48:20","date_gmt":"2018-05-18T16:48:20","guid":{"rendered":"http:\/\/archiv.szolnoktv.hu\/?p=9039"},"modified":"2021-08-14T14:10:28","modified_gmt":"2021-08-14T14:10:28","slug":"a-szemetelok-es-a-darazsak-ellen-kuzd-a-fenntarto","status":"publish","type":"post","link":"http:\/\/archiv.szolnoktv.hu\/?p=9039","title":{"rendered":"A szemetel\u0151k \u00e9s a darazsak ellen k\u00fczd a fenntart\u00f3"},"content":{"rendered":"<div class='booster-block booster-read-block'><\/div><p>A szolnokiak kedvelt kir\u00e1ndul\u00f3hely\u00e9n tavaly a rong\u00e1l\u00e1s, id\u00e9n viszont a szemetel\u00e9s okoz s\u00falyos gondot. B\u00e1r a parkerd\u0151t gondoz\u00f3 NEFAG Zrt. \u00e9ppen most t\u00e1vol\u00edtotta el a k\u00f6zelm\u00faltban lerakott szemetet- az \u00fajratermel\u0151dik. Akadnak akik eg\u00e9sz egyszer\u0171en a h\u00e1ztart\u00e1si hullad\u00e9kt\u00f3l szabadulnak meg az erd\u0151 sz\u00e9l\u00e9n. <\/p>\n<p> &#8220;Illetve a lakoss\u00e1g a kiskertekben \u00f6sszegy\u0171lt hullad\u00e9kot is teljesen term\u00e9szetesnek veszi, hogy az erd\u0151 ter\u00fclet\u00e9n, az erd\u0151 sz\u00e9leken helyezi el. Ezek az \u00f6sszegy\u0171lt hullad\u00e9kok nem min\u0151s\u00fclnek kommun\u00e1lis hullad\u00e9knak, ugyanakkor az elgondol\u00e1s alapja az, hogy term\u00e9szetesen ezek lebomlanak a term\u00e9szetben ami igaz is, de olyan form\u00e1ban vesz\u00e9lyt jelent, hogy ezek a z\u00f6ld hullad\u00e9kok megsz\u00e1radva nagyon t\u0171zvesz\u00e9lyess\u00e9 v\u00e1lnak \u00e9s erd\u0151t\u00fczet okozhatnak.&#8221;- Tudtuk meg Sipos Csab\u00e1t\u00f3l a vadaspark vezet\u0151j\u00e9t\u0151l<\/p>\n<p>A z\u00f6ld hullad\u00e9kkal olyan fafajok magjai is az erd\u0151be ker\u00fclnek, amik k\u00e1rosak a t\u00f6lgy\u00e1llom\u00e1nyra&#8230; A 225 hekt\u00e1ros parkerd\u0151ben h\u00e9t ingyenesen haszn\u00e1lhat\u00f3 t\u0171zrak\u00f3hely van. A kezel\u0151 k\u00fcl\u00f6n\u00f6s gondot ford\u00edt a t\u00e1j\u00e9koztat\u00e1sra. Aki szeretne ny\u00e1rsalni, vagy bogr\u00e1csolni, annak el\u0151sz\u00f6r az esetleges t\u0171zgy\u00fajt\u00e1si tilalomr\u00f3l kell \u00e9rdekl\u0151dni. Az sem mindegy milyen felszerel\u00e9ssel \u00e9rkezik.<\/p>\n<p>&#8220;Bizony megfeledkeznek arr\u00f3l, hogy olt\u00f3homokot, vagy olt\u00f3vizet hozzanak magukkal- ugyanis ennek rendelkez\u00e9sre kell \u00e1llni \u00e9s b\u00e1rmilyen pillanatban alkalmasnak kell a mennyis\u00e9g\u00e9nek arra lenni, hogy eloltsuk biztons\u00e1ggal ezt a t\u00fczet.&#8221;<\/p>\n<p>A h\u00e1tramarad\u00f3 szemetet a szomsz\u00e9dos kuk\u00e1ba kell helyezni, vagy hazasz\u00e1ll\u00edtani- \u00e1m a k\u00e9pz\u0151d\u0151 hamuhoz nem kell hozz\u00e1ny\u00falni, azt a kezel\u0151 elt\u00e1vol\u00edtja. A parkerd\u0151ben id\u00e9n dar\u00e1zsinv\u00e1zi\u00f3ra sz\u00e1m\u00edtanak. A szakemberek szerint az enyhe t\u00e9l miatt fel kell k\u00e9sz\u00fclni a kellemetlen jelens\u00e9gre, aminek a kezel\u0151 vegyszeres gy\u00e9r\u00edt\u00e9ssel pr\u00f3b\u00e1lja elej\u00e9t venni.<\/p>\n<div style=\"width: 640px;\" class=\"wp-video\"><!--[if lt IE 9]><script>document.createElement('video');<\/script><![endif]-->\n<video class=\"wp-video-shortcode\" id=\"video-9039-1\" width=\"640\" height=\"360\" preload=\"metadata\" controls=\"controls\"><source type=\"video\/mp4\" src=\"\/spots\/hir\/hir_180518_06.mp4?_=1\" \/><a href=\"\/spots\/hir\/hir_180518_06.mp4\">\/spots\/hir\/hir_180518_06.mp4<\/a><\/video><\/div>\n","protected":false},"excerpt":{"rendered":"<p>A szolnokiak kedvelt kir\u00e1ndul\u00f3hely\u00e9n tavaly a rong\u00e1l\u00e1s, id\u00e9n viszont a szemetel\u00e9s okoz s\u00falyos gondot. B\u00e1r a parkerd\u0151t gondoz\u00f3 NEFAG Zrt. \u00e9ppen most t\u00e1vol\u00edtotta el a k\u00f6zelm\u00faltban lerakott szemetet- az \u00fajratermel\u0151dik. Akadnak akik eg\u00e9sz egyszer\u0171en a h\u00e1ztart\u00e1si hullad\u00e9kt\u00f3l szabadulnak meg az erd\u0151 sz\u00e9l\u00e9n. &#8220;Illetve a lakoss\u00e1g a kiskertekben \u00f6sszegy\u0171lt hullad\u00e9kot is teljesen term\u00e9szetesnek veszi, hogy az [&hellip;]<\/p>\n","protected":false},"author":2,"featured_media":0,"comment_status":"closed","ping_status":"closed","sticky":false,"template":"","format":"standard","meta":[],"categories":[9],"tags":[],"_links":{"self":[{"href":"http:\/\/archiv.szolnoktv.hu\/index.php?rest_route=\/wp\/v2\/posts\/9039"}],"collection":[{"href":"http:\/\/archiv.szolnoktv.hu\/index.php?rest_route=\/wp\/v2\/posts"}],"about":[{"href":"http:\/\/archiv.szolnoktv.hu\/index.php?rest_route=\/wp\/v2\/types\/post"}],"author":[{"embeddable":true,"href":"http:\/\/archiv.szolnoktv.hu\/index.php?rest_route=\/wp\/v2\/users\/2"}],"replies":[{"embeddable":true,"href":"http:\/\/archiv.szolnoktv.hu\/index.php?rest_route=%2Fwp%2Fv2%2Fcomments&post=9039"}],"version-history":[{"count":1,"href":"http:\/\/archiv.szolnoktv.hu\/index.php?rest_route=\/wp\/v2\/posts\/9039\/revisions"}],"predecessor-version":[{"id":9056,"href":"http:\/\/archiv.szolnoktv.hu\/index.php?rest_route=\/wp\/v2\/posts\/9039\/revisions\/9056"}],"wp:attachment":[{"href":"http:\/\/archiv.szolnoktv.hu\/index.php?rest_route=%2Fwp%2Fv2%2Fmedia&parent=9039"}],"wp:term":[{"taxonomy":"category","embeddable":true,"href":"http:\/\/archiv.szolnoktv.hu\/index.php?rest_route=%2Fwp%2Fv2%2Fcategories&post=9039"},{"taxonomy":"post_tag","embeddable":true,"href":"http:\/\/archiv.szolnoktv.hu\/index.php?rest_route=%2Fwp%2Fv2%2Ftags&post=9039"}],"curies":[{"name":"wp","href":"https:\/\/api.w.org\/{rel}","templated":true}]}}