{"id":9038,"date":"2018-05-18T16:35:30","date_gmt":"2018-05-18T16:35:30","guid":{"rendered":"http:\/\/archiv.szolnoktv.hu\/?p=9038"},"modified":"2021-08-14T14:10:28","modified_gmt":"2021-08-14T14:10:28","slug":"rajzas-a-szabadba-muveszpalantak-a-rozsakertben","status":"publish","type":"post","link":"http:\/\/archiv.szolnoktv.hu\/?p=9038","title":{"rendered":"Rajz\u00e1s a szabadba- m\u0171v\u00e9szpal\u00e1nt\u00e1k  a R\u00f3zsakertben <br>"},"content":{"rendered":"<div class='booster-block booster-read-block'><\/div><p>Fiatal tehets\u00e9gekkel telt meg a R\u00f3zsakert. A k\u00fcl\u00f6nleges, hagyom\u00e1nyteremt\u0151 programra t\u00f6bb iskol\u00e1b\u00f3l, s\u0151t J\u00e1szber\u00e9nyb\u0151l is  \u00e9rkeztek rajzolni szeret\u0151 fiatalok. <\/p>\n<p> Csidern\u00e9 L\u00e1szl\u00f3 Csilla igazgat\u00f3, Magiszter F\u00e9nyes Adolf Szolnoki Gimn\u00e1zium : <\/p>\n<p>-&#8220;Ez most rendk\u00edv\u00fcl mutat\u00f3s, sz\u00e9p ezzel a sok -sok r\u00f3zs\u00e1val \u00e9s a gyerekek sz\u00e1m\u00e1ra egy lehet\u0151s\u00e9get ad egy szabadt\u00e9ri fest\u00e9sre, hiszen ezek a gyerekek, a kiik most itt vannak \u0151k szakgimn\u00e1ziumban m\u0171v\u00e9szk\u00e9nt tanulnak \u00e9s ez gyakorlatnak nagyon j\u00f3 lehet\u0151s\u00e9g sz\u00e1mukra itt a gy\u00f6ny\u00f6r\u0171 vir\u00e1gok k\u00f6z\u00f6tt. &#8211;<\/p>\n<p>Akadt aki tollal 6645, pasztell kr\u00e9t\u00e1val dolgozott, de legt\u00f6bben ecsettel vitt\u00e9k v\u00e1szonra a k\u00fcl\u00f6nleges l\u00e1tv\u00e1nyt. Az \u00e9p\u00fcletek, a s\u00e9t\u00e1ny, a r\u00f3zsalugas, a szobor, a sz\u00f6k\u0151k\u00fat-mind -mind megragadta a fant\u00e1zi\u00e1jukat. <\/p>\n<p>T\u00f3thn\u00e9 P\u00e1ncsics Edina vezet\u0151,  Magiszter alapfok\u00fa M\u0171v\u00e9szeti Iskola:<\/p>\n<p>-&#8220;A gyerekek, k\u00f6zel 70-en l\u00e1tv\u00e1ny ut\u00e1ni munk\u00e1kat k\u00e9sz\u00edtenek el. Ezek szabadon v\u00e1lasztott technik\u00e1val k\u00e9sz\u00fclnek. Szerett\u00fcnk volna egy kicsit  plain air-ban festeni , mert nagyon sok az olyan megm\u00e9rettet\u00e9s, ahol kockol\u00f3gia, perspekt\u00edva, teh\u00e1t ami a felv\u00e9telihez kell majd \u00e9s v\u00e9gre egy kicsit a szabadban, teljesen m\u00e1s fest\u00e9si m\u00f3dokat ig\u00e9nyel ez a munka.  &#8211;<\/p>\n<p>A di\u00e1kok l\u00e1that\u00f3an nagyon \u00e9lvezt\u00e9k a k\u00fcl\u00f6nleges alkalmat. <\/p>\n<p> Lengyel Ren\u00e1ta <\/p>\n<p>-&#8220;Ez egy kicsit pihentet\u0151bb, mert az iskol\u00e1ban nem csin\u00e1lhatjuk azt amit szeretn\u00e9nk, vagy csak r\u00e9szben \u00e9s  itt magamra vagyok b\u00edzva \u00e9s ha ide is j\u00f6n seg\u00edteni tan\u00e1r, akkor azt mondja hogy ha szeretn\u00e9m akkor megfogadhatom, de ha nem akkor alak\u00edtsam \u00fagy ahogy szeretn\u00e9m. Szerintem ez kicsit felszabadul\u00e1s az iskola ut\u00e1n. &#8211;<\/p>\n<p>Kis  Gerg\u0151 <\/p>\n<p>-Most rajz szakra j\u00e1rok, igaz\u00e1b\u00f3l most festettem el\u0151sz\u00f6r, pl\u00e1ne itt kint a szabadban. &#8211;<\/p>\n<p> T\u00fari Oliv\u00e9r<\/p>\n<p>-&#8220;El\u00e9g \u00e9rdekes mivel kiszakadunk az iskol\u00e1b\u00f3l \u00e9s a term\u00e9szetben k\u00e9sz\u00edt\u00fcnk k\u00e9peket meg festm\u00e9nyeket, sz\u00f3val m\u00e1s a  helyzet, a szitu\u00e1ci\u00f3, az ingerek. \u00c9rdekes l\u00e1tv\u00e1nyt ny\u00fajt mindenkinek szerintem.&#8221; <\/p>\n<p>Valamennyi alkot\u00e1st ki\u00e1ll\u00edtj\u00e1k majd az iskol\u00e1ban, hogy mindenki sz\u00e1m\u00e1ra eml\u00e9kezetes legyen a rajz\u00e1s a szabadba. <\/p>\n<div style=\"width: 640px;\" class=\"wp-video\"><!--[if lt IE 9]><script>document.createElement('video');<\/script><![endif]-->\n<video class=\"wp-video-shortcode\" id=\"video-9038-1\" width=\"640\" height=\"360\" preload=\"metadata\" controls=\"controls\"><source type=\"video\/mp4\" src=\"\/spots\/hir\/hir_180518_07.mp4?_=1\" \/><a href=\"\/spots\/hir\/hir_180518_07.mp4\">\/spots\/hir\/hir_180518_07.mp4<\/a><\/video><\/div>\n","protected":false},"excerpt":{"rendered":"<p>Fiatal tehets\u00e9gekkel telt meg a R\u00f3zsakert. A k\u00fcl\u00f6nleges, hagyom\u00e1nyteremt\u0151 programra t\u00f6bb iskol\u00e1b\u00f3l, s\u0151t J\u00e1szber\u00e9nyb\u0151l is \u00e9rkeztek rajzolni szeret\u0151 fiatalok. Csidern\u00e9 L\u00e1szl\u00f3 Csilla igazgat\u00f3, Magiszter F\u00e9nyes Adolf Szolnoki Gimn\u00e1zium : -&#8220;Ez most rendk\u00edv\u00fcl mutat\u00f3s, sz\u00e9p ezzel a sok -sok r\u00f3zs\u00e1val \u00e9s a gyerekek sz\u00e1m\u00e1ra egy lehet\u0151s\u00e9get ad egy szabadt\u00e9ri fest\u00e9sre, hiszen ezek a gyerekek, a kiik [&hellip;]<\/p>\n","protected":false},"author":2,"featured_media":0,"comment_status":"closed","ping_status":"closed","sticky":false,"template":"","format":"standard","meta":[],"categories":[9],"tags":[],"_links":{"self":[{"href":"http:\/\/archiv.szolnoktv.hu\/index.php?rest_route=\/wp\/v2\/posts\/9038"}],"collection":[{"href":"http:\/\/archiv.szolnoktv.hu\/index.php?rest_route=\/wp\/v2\/posts"}],"about":[{"href":"http:\/\/archiv.szolnoktv.hu\/index.php?rest_route=\/wp\/v2\/types\/post"}],"author":[{"embeddable":true,"href":"http:\/\/archiv.szolnoktv.hu\/index.php?rest_route=\/wp\/v2\/users\/2"}],"replies":[{"embeddable":true,"href":"http:\/\/archiv.szolnoktv.hu\/index.php?rest_route=%2Fwp%2Fv2%2Fcomments&post=9038"}],"version-history":[{"count":1,"href":"http:\/\/archiv.szolnoktv.hu\/index.php?rest_route=\/wp\/v2\/posts\/9038\/revisions"}],"predecessor-version":[{"id":9057,"href":"http:\/\/archiv.szolnoktv.hu\/index.php?rest_route=\/wp\/v2\/posts\/9038\/revisions\/9057"}],"wp:attachment":[{"href":"http:\/\/archiv.szolnoktv.hu\/index.php?rest_route=%2Fwp%2Fv2%2Fmedia&parent=9038"}],"wp:term":[{"taxonomy":"category","embeddable":true,"href":"http:\/\/archiv.szolnoktv.hu\/index.php?rest_route=%2Fwp%2Fv2%2Fcategories&post=9038"},{"taxonomy":"post_tag","embeddable":true,"href":"http:\/\/archiv.szolnoktv.hu\/index.php?rest_route=%2Fwp%2Fv2%2Ftags&post=9038"}],"curies":[{"name":"wp","href":"https:\/\/api.w.org\/{rel}","templated":true}]}}