{"id":9037,"date":"2018-05-18T16:26:41","date_gmt":"2018-05-18T16:26:41","guid":{"rendered":"http:\/\/archiv.szolnoktv.hu\/?p=9037"},"modified":"2021-08-14T14:10:28","modified_gmt":"2021-08-14T14:10:28","slug":"radio-1-reggeli-show-szolnokon","status":"publish","type":"post","link":"http:\/\/archiv.szolnoktv.hu\/?p=9037","title":{"rendered":"R\u00e1di\u00f3 1 reggeli show Szolnokon"},"content":{"rendered":"<div class='booster-block booster-read-block'><\/div><p>&#8216;<\/p>\n<p>\u00dcveg st\u00fadi\u00f3b\u00f3l k\u00f6zvet\u00edtette ezen a h\u00e9ten reggel m\u0171sor\u00e1t a R\u00e1di\u00f3 1. A roadshow els\u0151 hete Szolnokon z\u00e1rult. Volt, aki a h\u00e9t minden napj\u00e1t Sebesty\u00e9n Bal\u00e1zzsal, R\u00e1k\u00f3czi Ferivel \u00e9s Vadon Janival ind\u00edtotta a turn\u00e9 helysz\u00ednein. <\/p>\n<p>-Sz\u00e1lloda, panzi\u00f3, illetve \u00e9jszakai utaz\u00e1sok is vannak benne azok egy kicsit neccesek, de t\u00fal\u00e9ltem. Ez a harmadik.&#8221;-mes\u00e9lte Bosch \u00c1bel.<\/p>\n<p>Van aki a m\u0171sorvezet\u0151k humor\u00e1\u00e9rt \u00e9s t\u00f6rt\u00e9netei\u00e9\u00e9rt rajong, de sokan a j\u00e1t\u00e9k miatt kedvelik az ad\u00e1st. A pr\u00f3bat\u00e9tel Szolnokon sem maradt el. Ez\u00fattal az \u00e1llatbar\u00e1tokat h\u00edvta j\u00e1tszani a reggeli show st\u00e1bja. Kemencei Patrik \u00e9s bar\u00e1tn\u0151je a t\u00e9ren fel\u00e1ll\u00edtott akad\u00e1ly p\u00e1ly\u00e1t 13 m\u00e1sodperc alatt teljes\u00edtettek. Ezzel \u0151k lettek a nap legjobbjai \u00e9s a nyerem\u00e9ny tulajdonosai.<\/p>\n<p>-El\u0151sz\u00f6r is kutya jelmez, bek\u00f6t\u00f6tt szemmel&#038;#8230<br \/><\/p>\n","protected":false},"excerpt":{"rendered":"<p>&#8216; \u00dcveg st\u00fadi\u00f3b\u00f3l k\u00f6zvet\u00edtette ezen a h\u00e9ten reggel m\u0171sor\u00e1t a R\u00e1di\u00f3 1. A roadshow els\u0151 hete Szolnokon z\u00e1rult. Volt, aki a h\u00e9t minden napj\u00e1t Sebesty\u00e9n Bal\u00e1zzsal, R\u00e1k\u00f3czi Ferivel \u00e9s Vadon Janival ind\u00edtotta a turn\u00e9 helysz\u00ednein. -Sz\u00e1lloda, panzi\u00f3, illetve \u00e9jszakai utaz\u00e1sok is vannak benne azok egy kicsit neccesek, de t\u00fal\u00e9ltem. Ez a harmadik.&#8221;-mes\u00e9lte Bosch \u00c1bel. Van [&hellip;]<\/p>\n","protected":false},"author":2,"featured_media":0,"comment_status":"closed","ping_status":"closed","sticky":false,"template":"","format":"standard","meta":[],"categories":[9],"tags":[],"_links":{"self":[{"href":"http:\/\/archiv.szolnoktv.hu\/index.php?rest_route=\/wp\/v2\/posts\/9037"}],"collection":[{"href":"http:\/\/archiv.szolnoktv.hu\/index.php?rest_route=\/wp\/v2\/posts"}],"about":[{"href":"http:\/\/archiv.szolnoktv.hu\/index.php?rest_route=\/wp\/v2\/types\/post"}],"author":[{"embeddable":true,"href":"http:\/\/archiv.szolnoktv.hu\/index.php?rest_route=\/wp\/v2\/users\/2"}],"replies":[{"embeddable":true,"href":"http:\/\/archiv.szolnoktv.hu\/index.php?rest_route=%2Fwp%2Fv2%2Fcomments&post=9037"}],"version-history":[{"count":1,"href":"http:\/\/archiv.szolnoktv.hu\/index.php?rest_route=\/wp\/v2\/posts\/9037\/revisions"}],"predecessor-version":[{"id":9058,"href":"http:\/\/archiv.szolnoktv.hu\/index.php?rest_route=\/wp\/v2\/posts\/9037\/revisions\/9058"}],"wp:attachment":[{"href":"http:\/\/archiv.szolnoktv.hu\/index.php?rest_route=%2Fwp%2Fv2%2Fmedia&parent=9037"}],"wp:term":[{"taxonomy":"category","embeddable":true,"href":"http:\/\/archiv.szolnoktv.hu\/index.php?rest_route=%2Fwp%2Fv2%2Fcategories&post=9037"},{"taxonomy":"post_tag","embeddable":true,"href":"http:\/\/archiv.szolnoktv.hu\/index.php?rest_route=%2Fwp%2Fv2%2Ftags&post=9037"}],"curies":[{"name":"wp","href":"https:\/\/api.w.org\/{rel}","templated":true}]}}