{"id":9036,"date":"2018-05-18T16:18:07","date_gmt":"2018-05-18T16:18:07","guid":{"rendered":"http:\/\/archiv.szolnoktv.hu\/?p=9036"},"modified":"2021-08-14T14:10:28","modified_gmt":"2021-08-14T14:10:28","slug":"tiszta-to-a-tisza-to-projekt-amator-kisfilm-palyazat","status":"publish","type":"post","link":"http:\/\/archiv.szolnoktv.hu\/?p=9036","title":{"rendered":"Tiszta t\u00f3 a Tisza-t\u00f3 projekt amat\u0151r kisfilm p\u00e1ly\u00e1zat"},"content":{"rendered":"<div class='booster-block booster-read-block'><\/div><p>13 kisfilm, 13 l\u00e1t\u00e1sm\u00f3d, 1 c\u00e9l. Ebben az \u00e9ven a Tiszta t\u00f3 a Tisza-t\u00f3 projekt keret\u00e9ben di\u00e1kok ragadtak kamer\u00e1t \u00e9s mutathatt\u00e1k meg mit jelent sz\u00e1mukra a Tisza-t\u00f3, valamint a k\u00f6rnyezettudatos gondolkod\u00e1sm\u00f3d. A filmp\u00e1ly\u00e1zat alkot\u00e1sai k\u00f6z\u00f6tt amat\u0151r \u00e9s profi megval\u00f3s\u00edt\u00e1sok is voltak. Berkes Zs\u00f3fia filmj\u00e9nek a Sz\u00e1lk\u00e1s z\u00f3na c\u00edmet adta, \u0151 f\u00e9l \u00e9ve foglalkozik rendez\u00e9ssel. <\/p>\n<p>-Az alap koncepci\u00f3 az volt, hogy valami humorosat, valami sz\u00fcrre\u00e1lisat vigyek k\u00e9perny\u0151re, hogy ne az a szok\u00e1sos narrat\u00edva legyen, amit \u00edgy \u00e1ltal\u00e1ban megszokhattunk a dokumentum filmekn\u00e9l, hanem valamit, ami t\u00falmutat rajta, m\u00e9gis a val\u00f3s\u00e1got t\u00fckr\u00f6zi. Igaz\u00e1b\u00f3l, \u00edgy j\u00f6tt a -Sz\u00e1lk\u00e1s z\u00f3na&#8221; \u00f6tlete. Alapb\u00f3l egy ilyen stalker-es hangulat j\u00f6tt \u00e1t nek\u00fcnk, \u00edgy akik p\u00e1ran megn\u00e9zt\u00e9k.&#8221;- mes\u00e9lte Berkes Zs\u00f3fia.<\/p>\n<p>A felh\u00edv\u00e1sra az orsz\u00e1g t\u00f6bb pontj\u00e1r\u00f3l \u00e9rkeztek kisfilmek. Volt aki egyed\u00fcl, de t\u00f6bben csapatban k\u00e9sz\u00edtett\u00e9k el p\u00e1lyamunk\u00e1jukat. A filmek a k\u00f6rnyezetszennyez\u00e9s mellett a megold\u00e1st is szeml\u00e9ltetik. Az \u00fcveg c\u00edm\u0171 film di\u00e1kok szemsz\u00f6g\u00e9b\u0151l mutatja be a szemetel\u00e9s k\u00e1ros hat\u00e1sit.<\/p>\n<p>-Mi azt akartuk el\u00e9rni, hogy a fiataloknak tudjunk egy perspekt\u00edv\u00e1t mutatni egy szebb \u00e9s \u00e9lhet\u0151bb j\u00f6v\u0151r\u0151l. \u00dagy gondoltuk, hogy erre a legjobb m\u00f3d az lenne, hogy fiatalos m\u00f3don, valamilyen szinten kreat\u00edvan \u00e9s rem\u00e9lhet\u0151leg j\u00f3l siker\u00fclt alkot\u00e1ssal tudjuk bemutatni, hogy mi\u00e9rt fontos a k\u00f6rnyezetv\u00e9delem \u00e9s mit kellene tenn\u00fcnk amiatt, hogy egy jobb \u00e9s \u00e9lhet\u0151bb j\u00f6v\u0151t hagyjunk az unok\u00e1ink sz\u00e1m\u00e1ra.&#8221;- mondta Kozma G\u00e1bor.<\/p>\n<p>Az els\u0151 \u00fctem 2016 \u00e1prilis\u00e1ban indult. Az eltelt k\u00e9t \u00e9v egyik legfontosabb eredm\u00e9nye, hogy t\u00f6bb mint 40 helyre helyeztek ki 120 \u00e9s 1100 literes szelekt\u00edv hullad\u00e9kgy\u0171jt\u0151t a Tisza -t\u00f3 strandjain, kik\u00f6t\u0151kben \u00e9s horg\u00e1szhelyeken. A projektnek sz\u00e1mos rendezv\u00e9ny, szakmai program \u00e9s k\u00f6z\u00f6ss\u00e9gi kamp\u00e1ny is k\u00f6sz\u00f6nhet\u0151, ez\u00e9rt a t\u00f3nak Z\u00f6ld Nagyk\u00f6vete \u00e9s saj\u00e1t kabalafigur\u00e1ja is van.<\/p>\n<p> -A 3. \u00fctem, ez \u00e9v janu\u00e1rj\u00e1ban kezd\u0151d\u00f6tt a Tiszta t\u00f3 a Tisza-t\u00f3 projekt keret\u00e9ben. \u00dagy gondoltuk, hogy az elm\u00falt \u00e9vekhez k\u00e9pest egy kicsit \u00faj\u00edtunk \u00e9s els\u0151sorban a fiatalokra koncentr\u00e1lunk. R\u00e1tok, aki most itt vagytok nagy l\u00e9tsz\u00e1mban ebben a teremben. Ennek keret\u00e9ben hirdett\u00fck meg ezt a filmp\u00e1ly\u00e1zatot.&#8221;- mondta Gal\u00f3 Anita projektvezet\u0151.<\/p>\n<p>-Nem minden film tudott megfelelni a p\u00e1ly\u00e1zati ki\u00edr\u00e1snak, de azt gondoltuk  &#8211;   a zs\u0171ri azt gondolta-, hogy szellemis\u00e9g\u00e9ben fontos mondanival\u00f3t k\u00e9pviselnek a bek\u00fcld\u00f6tt alkot\u00e1sok, ez\u00e9rt m\u00e9ressenek meg azok is, nem kimondottan a Tisza-t\u00f3val, hanem a k\u00f6rnyezettudatos gondolkod\u00e1ssal \u00e9s egy \u00e9lhet\u0151bb vil\u00e1g gondolat\u00e1val ny\u00faltak kamer\u00e1hoz.&#8221;- tette hozz\u00e1 Demeter Istv\u00e1n a Tisza Mozi \u00fcgyvezet\u0151 igazgat\u00f3ja.<\/p>\n<p>A h\u00e1rom kateg\u00f3ri\u00e1ban meghirdetett p\u00e1ly\u00e1zat legjobbjai oklevelet \u00e9s p\u00e9nzjutalmat vehettek \u00e1t a filmvet\u00edt\u00e9ssel egybek\u00f6t\u00f6tt projektz\u00e1r\u00f3 rendezv\u00e9nyen. Els\u0151 helyen v\u00e9gzett a Teleki Blanka \u00c1ltal\u00e1nos Iskola: Szelekt\u00edv Tan\u00f3ra n\u00e9vre keresztel alkot\u00e1sa, Ber\u00e9nyi Kitti: Mozdul ki \u00e9s gy\u0171jtsd be c\u00edm\u0171 filmje, Kozma G\u00e1bor: Az \u00fcveg c\u00edm\u0171 kisfilmje, Berkes Zs\u00f3fia: Sz\u00e1lk\u00e1s Z\u00f3na \u00e9s Borb\u00e1s Fanni F\u00f6ldanya csak egy van elnevez\u00e9s\u0171 alkot\u00e1s. <\/p>\n<div style=\"width: 640px;\" class=\"wp-video\"><!--[if lt IE 9]><script>document.createElement('video');<\/script><![endif]-->\n<video class=\"wp-video-shortcode\" id=\"video-9036-1\" width=\"640\" height=\"360\" preload=\"metadata\" controls=\"controls\"><source type=\"video\/mp4\" src=\"\/spots\/hir\/hir_180518_04.mp4?_=1\" \/><a href=\"\/spots\/hir\/hir_180518_04.mp4\">\/spots\/hir\/hir_180518_04.mp4<\/a><\/video><\/div>\n","protected":false},"excerpt":{"rendered":"<p>13 kisfilm, 13 l\u00e1t\u00e1sm\u00f3d, 1 c\u00e9l. Ebben az \u00e9ven a Tiszta t\u00f3 a Tisza-t\u00f3 projekt keret\u00e9ben di\u00e1kok ragadtak kamer\u00e1t \u00e9s mutathatt\u00e1k meg mit jelent sz\u00e1mukra a Tisza-t\u00f3, valamint a k\u00f6rnyezettudatos gondolkod\u00e1sm\u00f3d. A filmp\u00e1ly\u00e1zat alkot\u00e1sai k\u00f6z\u00f6tt amat\u0151r \u00e9s profi megval\u00f3s\u00edt\u00e1sok is voltak. Berkes Zs\u00f3fia filmj\u00e9nek a Sz\u00e1lk\u00e1s z\u00f3na c\u00edmet adta, \u0151 f\u00e9l \u00e9ve foglalkozik rendez\u00e9ssel. -Az [&hellip;]<\/p>\n","protected":false},"author":2,"featured_media":0,"comment_status":"closed","ping_status":"closed","sticky":false,"template":"","format":"standard","meta":[],"categories":[9],"tags":[],"_links":{"self":[{"href":"http:\/\/archiv.szolnoktv.hu\/index.php?rest_route=\/wp\/v2\/posts\/9036"}],"collection":[{"href":"http:\/\/archiv.szolnoktv.hu\/index.php?rest_route=\/wp\/v2\/posts"}],"about":[{"href":"http:\/\/archiv.szolnoktv.hu\/index.php?rest_route=\/wp\/v2\/types\/post"}],"author":[{"embeddable":true,"href":"http:\/\/archiv.szolnoktv.hu\/index.php?rest_route=\/wp\/v2\/users\/2"}],"replies":[{"embeddable":true,"href":"http:\/\/archiv.szolnoktv.hu\/index.php?rest_route=%2Fwp%2Fv2%2Fcomments&post=9036"}],"version-history":[{"count":1,"href":"http:\/\/archiv.szolnoktv.hu\/index.php?rest_route=\/wp\/v2\/posts\/9036\/revisions"}],"predecessor-version":[{"id":9059,"href":"http:\/\/archiv.szolnoktv.hu\/index.php?rest_route=\/wp\/v2\/posts\/9036\/revisions\/9059"}],"wp:attachment":[{"href":"http:\/\/archiv.szolnoktv.hu\/index.php?rest_route=%2Fwp%2Fv2%2Fmedia&parent=9036"}],"wp:term":[{"taxonomy":"category","embeddable":true,"href":"http:\/\/archiv.szolnoktv.hu\/index.php?rest_route=%2Fwp%2Fv2%2Fcategories&post=9036"},{"taxonomy":"post_tag","embeddable":true,"href":"http:\/\/archiv.szolnoktv.hu\/index.php?rest_route=%2Fwp%2Fv2%2Ftags&post=9036"}],"curies":[{"name":"wp","href":"https:\/\/api.w.org\/{rel}","templated":true}]}}