{"id":9035,"date":"2018-05-18T16:11:05","date_gmt":"2018-05-18T16:11:05","guid":{"rendered":"http:\/\/archiv.szolnoktv.hu\/?p=9035"},"modified":"2021-08-14T14:10:28","modified_gmt":"2021-08-14T14:10:28","slug":"a-palacsintafesztival-0-napja","status":"publish","type":"post","link":"http:\/\/archiv.szolnoktv.hu\/?p=9035","title":{"rendered":"A Palacsintafesztiv\u00e1l 0. napja"},"content":{"rendered":"<div class='booster-block booster-read-block'><\/div><p>Szinte megtelt a NEFAG j\u00e1tsz\u00f3t\u00e9r ma d\u00e9lel\u0151tt. K\u00f6zel k\u00e9tezer ovis sz\u00f3rakozhatott a fesztiv\u00e1l nulladik napj\u00e1n. A kicsik a j\u00e1t\u00e9k mellett palacsint\u00e1t ehettek \u00e9s m\u00e1s \u00e9rdekess\u00e9ggel is k\u00e9sz\u00fcltek sz\u00e1mukra.<\/p>\n<p>-Ezt az\u00e9rt nevezt\u00fck ilyen nulladik napnak, mert mindenk\u00e9pp akartunk egy olyan z\u00e1rt k\u00f6r\u0171 \u00f3vodai programot, ahov\u00e1 ki tudjuk hozni az \u00f3vod\u00e1sokat \u00e9s csin\u00e1lunk nekik egy olyan programot, hogy: buszos utaz\u00e1s, vadaspark l\u00e1togat\u00e1s, rengeteg olyan j\u00e1t\u00e9k is, amit kihoztak az \u00f3vod\u00e1k, hogy j\u00f3l \u00e9rezze mag\u00e1t minden gyerek.&#8221; -mondta Kelemen P\u00e9ter, a Palacsintafesztiv\u00e1l szervez\u0151je.<\/p>\n<p>A fesztiv\u00e1l f\u0151 t\u00e9m\u00e1ja a palacsinta, hiszen ez a magyar hagyom\u00e1nyos csal\u00e1di \u00e9tkez\u00e9sek elengedhetetlen desszertje. A soksz\u00edn\u0171, minden ig\u00e9nyt figyelembe vev\u0151 alapanyagokon \u00e1t bemutatj\u00e1k a palacsinta sz\u00e1mtalan elk\u00e9sz\u00edt\u00e9si vari\u00e1ci\u00f3j\u00e1t.<\/p>\n<p>-A Szolnok V\u00e1rosi \u00d3vod\u00e1k Zeng\u0151 Tagint\u00e9zm\u00e9ny\u00e9b\u0151l j\u00f6tt\u00fcnk 7 csoporttal a Palacsintafesztiv\u00e1lra. 144 kisgyerek\u00fcnk van \u00e9s 140 sima kaka\u00f3s palacsinta fog elfogyni \u00e9s 4 darab glut\u00e9nmentes palacsinta, mert a szervez\u0151k arr\u00f3l is gondoskodtak.&#8221; -mondta Jakus T\u00fcnde, a Szolnok V\u00e1rosi \u00d3vod\u00e1k Zeng\u0151 \u00dati Tagint\u00e9zm\u00e9ny vezet\u0151je.<\/p>\n<p>A hagyom\u00e1ny\u0151rz\u0151, k\u00e9zm\u0171ves, zen\u00e9s, j\u00e1t\u00e9kos, illetve gasztron\u00f3miai programok mellett kiv\u00e1l\u00f3 k\u00f6nny\u0171- \u00e9s komolyzenei \u00e9l\u0151 koncertekkel v\u00e1rj\u00e1k az \u00e9rdekl\u0151d\u0151ket. <\/p>\n<p>-A gyerekeket kell kihozni els\u0151 sorban, most is ez l\u00e1tszik itt m\u00f6g\u00f6ttem: k\u00e9tezer \u00f3vod\u00e1st h\u00edvtunk ide ki az els\u0151 nap legelej\u00e9re. \u00c9s biztos vagyok benne, hogy aki ide kij\u00f6n, az mindig vissza fog ide t\u00e9rni. Gy\u00f6ny\u00f6r\u0171 k\u00f6rnyezetben, nagyon sz\u00e9p z\u00f6ldekkel \u00e9s azt gondolom, hogy a m\u0171sor  &#8211;   ahogy az elej\u00e9n mondtam- val\u00f3ban ig\u00e9nyes lesz. J\u00f6jjenek min\u00e9l t\u00f6bben!&#8221; -nyilatkozta Szalay Ferenc polg\u00e1rmester.<\/p>\n<p>A rendezv\u00e9ny c\u00e9lja tov\u00e1bbra is min\u0151s\u00e9gi, tartalmas sz\u00f3rakoz\u00e1st biztos\u00edtani gyermekek \u00e9s feln\u0151ttek sz\u00e1m\u00e1ra, \u00f6sszekapcsolni \u00e9s megsz\u00f3l\u00edtani a csal\u00e1dokat, kiemelni az egy\u00fctt t\u00f6lt\u00f6tt id\u0151 fontoss\u00e1g\u00e1t \u00e9s hangs\u00falyosabb\u00e1 tenni a csal\u00e1di \u00e9rt\u00e9kek jelent\u0151s\u00e9g\u00e9t. <\/p>\n<div style=\"width: 640px;\" class=\"wp-video\"><!--[if lt IE 9]><script>document.createElement('video');<\/script><![endif]-->\n<video class=\"wp-video-shortcode\" id=\"video-9035-1\" width=\"640\" height=\"360\" preload=\"metadata\" controls=\"controls\"><source type=\"video\/mp4\" src=\"\/spots\/hir\/hir_180518_03.mp4?_=1\" \/><a href=\"\/spots\/hir\/hir_180518_03.mp4\">\/spots\/hir\/hir_180518_03.mp4<\/a><\/video><\/div>\n","protected":false},"excerpt":{"rendered":"<p>Szinte megtelt a NEFAG j\u00e1tsz\u00f3t\u00e9r ma d\u00e9lel\u0151tt. K\u00f6zel k\u00e9tezer ovis sz\u00f3rakozhatott a fesztiv\u00e1l nulladik napj\u00e1n. A kicsik a j\u00e1t\u00e9k mellett palacsint\u00e1t ehettek \u00e9s m\u00e1s \u00e9rdekess\u00e9ggel is k\u00e9sz\u00fcltek sz\u00e1mukra. -Ezt az\u00e9rt nevezt\u00fck ilyen nulladik napnak, mert mindenk\u00e9pp akartunk egy olyan z\u00e1rt k\u00f6r\u0171 \u00f3vodai programot, ahov\u00e1 ki tudjuk hozni az \u00f3vod\u00e1sokat \u00e9s csin\u00e1lunk nekik egy olyan programot, [&hellip;]<\/p>\n","protected":false},"author":2,"featured_media":0,"comment_status":"closed","ping_status":"closed","sticky":false,"template":"","format":"standard","meta":[],"categories":[9],"tags":[],"_links":{"self":[{"href":"http:\/\/archiv.szolnoktv.hu\/index.php?rest_route=\/wp\/v2\/posts\/9035"}],"collection":[{"href":"http:\/\/archiv.szolnoktv.hu\/index.php?rest_route=\/wp\/v2\/posts"}],"about":[{"href":"http:\/\/archiv.szolnoktv.hu\/index.php?rest_route=\/wp\/v2\/types\/post"}],"author":[{"embeddable":true,"href":"http:\/\/archiv.szolnoktv.hu\/index.php?rest_route=\/wp\/v2\/users\/2"}],"replies":[{"embeddable":true,"href":"http:\/\/archiv.szolnoktv.hu\/index.php?rest_route=%2Fwp%2Fv2%2Fcomments&post=9035"}],"version-history":[{"count":1,"href":"http:\/\/archiv.szolnoktv.hu\/index.php?rest_route=\/wp\/v2\/posts\/9035\/revisions"}],"predecessor-version":[{"id":9060,"href":"http:\/\/archiv.szolnoktv.hu\/index.php?rest_route=\/wp\/v2\/posts\/9035\/revisions\/9060"}],"wp:attachment":[{"href":"http:\/\/archiv.szolnoktv.hu\/index.php?rest_route=%2Fwp%2Fv2%2Fmedia&parent=9035"}],"wp:term":[{"taxonomy":"category","embeddable":true,"href":"http:\/\/archiv.szolnoktv.hu\/index.php?rest_route=%2Fwp%2Fv2%2Fcategories&post=9035"},{"taxonomy":"post_tag","embeddable":true,"href":"http:\/\/archiv.szolnoktv.hu\/index.php?rest_route=%2Fwp%2Fv2%2Ftags&post=9035"}],"curies":[{"name":"wp","href":"https:\/\/api.w.org\/{rel}","templated":true}]}}