{"id":9034,"date":"2018-05-18T15:26:01","date_gmt":"2018-05-18T15:26:01","guid":{"rendered":"http:\/\/archiv.szolnoktv.hu\/?p=9034"},"modified":"2021-08-14T14:10:29","modified_gmt":"2021-08-14T14:10:29","slug":"mesekonyv-a-kornyezetvedelemrol","status":"publish","type":"post","link":"http:\/\/archiv.szolnoktv.hu\/?p=9034","title":{"rendered":"Mesek\u00f6nyv a k\u00f6rnyezetv\u00e9delemr\u0151l"},"content":{"rendered":"<div class='booster-block booster-read-block'><\/div><p>Ma reggel j\u00f6tt ki a nyomd\u00e1b\u00f3l a Boldogs\u00e1gcseppek c. mesek\u00f6nyv, mely a S\u00e1rk\u00e1nyheged\u0171 c.  k\u00f6tet ut\u00e1n m\u00e1sodik kiadv\u00e1nya a szerz\u0151nek \u00e9s az illusztr\u00e1tornak. <br \/>6-10 \u00e9ves gyerekeknek sz\u00f3l a k\u00f6tet, mely j\u00e1t\u00e9kos \u00e9s humoros form\u00e1ban seg\u00edti a gyerekek erk\u00f6lcsi, etikai nevel\u00e9s\u00e9t, de kit\u00e9r a k\u00f6rnyezetv\u00e9delemre is. <\/p>\n<p>Hajd\u00fa Katalin mese\u00edr\u00f3: <\/p>\n<p>-&#8220;Szeretek kint lenni a term\u00e9szetben \u00e9s a term\u00e9szet sz\u00e9ps\u00e9g\u00e9t \u00e9s v\u00e9delm\u00e9t megcsod\u00e1lva  \u00edrok a term\u00e9szetr\u0151l, ugyanakkor az \u00e1llatok nagyon k\u00f6zel \u00e1llnak hozz\u00e1m \u00e9s megismerve az \u0151 emberi tulajdons\u00e1gaikat  ezt pr\u00f3b\u00e1lom a gyerekek sz\u00e1m\u00e1ra \u00fajra\u00edrni. &#8211;<\/p>\n<p>A gyerekek megk\u00fczd\u00e9si k\u00e9pess\u00e9get is fejlesztik a t\u00f6rt\u00e9netek, melyek k\u00f6z\u00f6tt vannak \u00f6rd\u00f6g-, \u00e1llat-, \u00e9s embermes\u00e9k is. A k\u00f6nyvet egy  t\u00e1pi\u00f3s\u00e1gi fest\u0151m\u0171v\u00e9sz illusztr\u00e1lta. A k\u00fcl\u00f6nleges, karcol\u00e1sos, fest\u00e9ses technik\u00e1val k\u00e9sz\u00fclt rajzok a tanuls\u00e1gos mes\u00e9k legjellemz\u0151bb mozzanatait jelen\u00edtik meg.  A mes\u00e9ket kisfi\u00e1nak olvasta fel, majd egy\u00fctt kezdtek rajzolni. <\/p>\n<p>Ill\u00e9s M\u00e1rta fest\u0151m\u0171v\u00e9sz, grafikus, illusztr\u00e1tor<\/p>\n<p>-&#8220;Amikor a Kati k\u00fcldi az \u00faj  mes\u00e9t, akkor az az altat\u00f3mese. Peti -a fiam-r\u00f6gt\u00f6n  megjegyez valamit, vannak olyan mondatok, t\u00f6rt\u00e9netek, r\u00e9szletek  amik megragadnak benne. Nekem m\u00e1s dolgom nincs, mint azokat \u00f6sszegy\u0171jteni \u00e9s tudni, hogy ezek alapj\u00e1n \u00e9n rajzolni fogok. &#8211;<\/p>\n<p>\u00cdgy sz\u00fcletett az Engedetlen krokodilgyerek, a R\u00f3zsa illata, a Csiperke Em\u0151ke,  a P\u00e1nc\u00e9l  vagy a B\u00e1tors\u00e1gpr\u00f3ba \u00e9s a T\u00e9li \u00e1lom is, melyben az erd\u00e9sz elfelejtett \u00e9lelmet adni a vad\u00e1llatoknak. <\/p>\n<p>Hajd\u00fa Katalin mese\u00edr\u00f3<\/p>\n<p>-&#8220;Az \u00e1llatok mondj\u00e1k el, a saj\u00e1t b\u0151r\u00fck\u00f6n tapasztalva, hogy a term\u00e9szetben milyen puszt\u00edt\u00e1st v\u00e9gezhet az ember \u00e9s a gyerekek a saj\u00e1t gondolkoz\u00e1sukkal j\u00f6nnek r\u00e1 arra, hogy mi emberek milyen puszt\u00edt\u00e1st v\u00e9gz\u00fcnk \u00e9s hogy nekik van-e dolguk a vil\u00e1gban ezzel? &#8211;<\/p>\n<p> Az erk\u00f6lcsi, etikai \u00e9s k\u00f6rnyezetv\u00e9delmi k\u00e9rd\u00e9seket is feszeget\u0151 mesek\u00f6nyv hivatalos bemutat\u00f3ja m\u00e1jus 25-\u00e9n p\u00e9nteken lesz a Verseghy Ferenc K\u00f6nyvt\u00e1rban. <\/p>\n<div style=\"width: 640px;\" class=\"wp-video\"><!--[if lt IE 9]><script>document.createElement('video');<\/script><![endif]-->\n<video class=\"wp-video-shortcode\" id=\"video-9034-1\" width=\"640\" height=\"360\" preload=\"metadata\" controls=\"controls\"><source type=\"video\/mp4\" src=\"\/spots\/hir\/hir_180518_02.mp4?_=1\" \/><a href=\"\/spots\/hir\/hir_180518_02.mp4\">\/spots\/hir\/hir_180518_02.mp4<\/a><\/video><\/div>\n","protected":false},"excerpt":{"rendered":"<p>Ma reggel j\u00f6tt ki a nyomd\u00e1b\u00f3l a Boldogs\u00e1gcseppek c. mesek\u00f6nyv, mely a S\u00e1rk\u00e1nyheged\u0171 c. k\u00f6tet ut\u00e1n m\u00e1sodik kiadv\u00e1nya a szerz\u0151nek \u00e9s az illusztr\u00e1tornak. 6-10 \u00e9ves gyerekeknek sz\u00f3l a k\u00f6tet, mely j\u00e1t\u00e9kos \u00e9s humoros form\u00e1ban seg\u00edti a gyerekek erk\u00f6lcsi, etikai nevel\u00e9s\u00e9t, de kit\u00e9r a k\u00f6rnyezetv\u00e9delemre is. Hajd\u00fa Katalin mese\u00edr\u00f3: -&#8220;Szeretek kint lenni a term\u00e9szetben \u00e9s a [&hellip;]<\/p>\n","protected":false},"author":2,"featured_media":0,"comment_status":"closed","ping_status":"closed","sticky":false,"template":"","format":"standard","meta":[],"categories":[9],"tags":[],"_links":{"self":[{"href":"http:\/\/archiv.szolnoktv.hu\/index.php?rest_route=\/wp\/v2\/posts\/9034"}],"collection":[{"href":"http:\/\/archiv.szolnoktv.hu\/index.php?rest_route=\/wp\/v2\/posts"}],"about":[{"href":"http:\/\/archiv.szolnoktv.hu\/index.php?rest_route=\/wp\/v2\/types\/post"}],"author":[{"embeddable":true,"href":"http:\/\/archiv.szolnoktv.hu\/index.php?rest_route=\/wp\/v2\/users\/2"}],"replies":[{"embeddable":true,"href":"http:\/\/archiv.szolnoktv.hu\/index.php?rest_route=%2Fwp%2Fv2%2Fcomments&post=9034"}],"version-history":[{"count":1,"href":"http:\/\/archiv.szolnoktv.hu\/index.php?rest_route=\/wp\/v2\/posts\/9034\/revisions"}],"predecessor-version":[{"id":9061,"href":"http:\/\/archiv.szolnoktv.hu\/index.php?rest_route=\/wp\/v2\/posts\/9034\/revisions\/9061"}],"wp:attachment":[{"href":"http:\/\/archiv.szolnoktv.hu\/index.php?rest_route=%2Fwp%2Fv2%2Fmedia&parent=9034"}],"wp:term":[{"taxonomy":"category","embeddable":true,"href":"http:\/\/archiv.szolnoktv.hu\/index.php?rest_route=%2Fwp%2Fv2%2Fcategories&post=9034"},{"taxonomy":"post_tag","embeddable":true,"href":"http:\/\/archiv.szolnoktv.hu\/index.php?rest_route=%2Fwp%2Fv2%2Ftags&post=9034"}],"curies":[{"name":"wp","href":"https:\/\/api.w.org\/{rel}","templated":true}]}}