{"id":9031,"date":"2018-05-17T17:20:48","date_gmt":"2018-05-17T17:20:48","guid":{"rendered":"http:\/\/archiv.szolnoktv.hu\/?p=9031"},"modified":"2021-08-14T14:10:29","modified_gmt":"2021-08-14T14:10:29","slug":"parno-graszt-az-egyutt-egymasert-ifjusagi-klubban","status":"publish","type":"post","link":"http:\/\/archiv.szolnoktv.hu\/?p=9031","title":{"rendered":"Parno Graszt az Egy\u00fctt-Egym\u00e1s\u00e9rt Ifj\u00fas\u00e1gi Klubban"},"content":{"rendered":"<div class='booster-block booster-read-block'><\/div><p>A Parno Graszt cig\u00e1ny folkl\u00f3r egy\u00fcttes tagjai 35 esztendeje muzsik\u00e1lnak egy\u00fctt. Nev\u00fck egy romani fogalom, azt jelenti feh\u00e9r l\u00f3. Mindannyian rokoni kapcsolatban \u00e1llnak egym\u00e1ssal \u00e9s sz\u00edvesen j\u00f6ttek Szolnokra. Az Aba Nov\u00e1k Ag\u00f3ra Kultur\u00e1lis K\u00f6zpontban m\u0171k\u00f6d\u0151 Egy\u00fctt-Egym\u00e1s\u00e9rt Ifj\u00fas\u00e1gi Klub vend\u00e9gek\u00e9nt \u00e9let\u00fckr\u0151l, munk\u00e1jukr\u00f3l mes\u00e9ltek a fiataloknak. A di\u00e1kok m\u00e1r nagyon v\u00e1rt\u00e1k a Dal c\u00edm\u0171 produkci\u00f3ban h\u00edress\u00e9 v\u00e1lt egy\u00fcttest. <\/p>\n<p> Nagy Viktor : <\/p>\n<p>-&#8220;Az\u00e9rt szeret\u00fcnk ide j\u00e1rni, mert ebben a klubban szoktunk tal\u00e1lkozni j\u00f3 cig\u00e1ny zen\u00e9szekkel , cig\u00e1ny orvosokkal akik vitt\u00e9k valamire \u00e9s p\u00e9ld\u00e1t tudnak nek\u00fcnk mutatni. &#8211;<\/p>\n<p>A szabolcsi zenekar m\u00e1r bej\u00e1rta a vil\u00e1got, de haz\u00e1jukban csak az \u00e9l\u0151 showm\u0171sor \u00f3ta ismertek. C\u00e9ljuk \u00e9ppen az, hogy itthon n\u00e9pszer\u0171s\u00edts\u00e9k az autentikus , folklorikus cig\u00e1nyzen\u00e9t.<\/p>\n<p>Ol\u00e1h Kriszti\u00e1n \u00e9nek , harmonika, Parno Graszt folkl\u00f3r egy\u00fcttes : <\/p>\n<p>-&#8220;Szeretn\u00e9nk, ha a fiatals\u00e1g ezt a st\u00edlust megismerje, mert a fiatals\u00e1g nem ismeri ezt a  st\u00edlust. Mert berakj\u00e1k a szintit, hogy d\u00fcb\u00f6gj\u00f6n itt a zene. &#8211;<\/p>\n<p>A csal\u00e1d tagjai a siker ellen\u00e9re k\u00e9t l\u00e1bbal a f\u00f6ld\u00f6n \u00e1llnak. Telt h\u00e1zas koncertjeik ut\u00e1n kann\u00e1suk p\u00e9ld\u00e1ul juh\u00e1szk\u00e9nt dolgozik. Arr\u00f3l besz\u00e9ltek a fiataloknak, hogy minden siker\u00e9rt k\u00fczdeni kell, \u00e9s nem szabad f\u00f6ladni az \u00e1lmokat. <\/p>\n<p>Ol\u00e1h J\u00f3zsef m\u0171v\u00e9szeti vezet\u0151, Parno Graszt folkl\u00f3r egy\u00fcttes <\/p>\n<p>-&#8220;M\u00e1r gyermekfejjel tudtam azt, hogy \u00e9n nem a k\u00e9t vas\u00fati s\u00edn k\u00f6z\u00f6tt s\u00ednek k\u00f6z\u00f6tt fogok meg\u00f6regedni, mint p\u00e1lyamunk\u00e1s. Tudtam, hogy nekem az emberekhez nagyon nagy k\u00f6z\u00f6m lesz, azt m\u00e9g nem tudtam, hogy a zene \u00e1ltal.&#8221; <\/p>\n<p>Siker\u00fcket jelzi, hogy egy sv\u00e1jci foly\u00f3irat a legjobb 10 magyar egy\u00fcttes k\u00f6z\u00e9 sorolta a Parno Grasztot. <\/p>\n<div style=\"width: 640px;\" class=\"wp-video\"><!--[if lt IE 9]><script>document.createElement('video');<\/script><![endif]-->\n<video class=\"wp-video-shortcode\" id=\"video-9031-1\" width=\"640\" height=\"360\" preload=\"metadata\" controls=\"controls\"><source type=\"video\/mp4\" src=\"\/spots\/hir\/hir_180517_06.mp4?_=1\" \/><a href=\"\/spots\/hir\/hir_180517_06.mp4\">\/spots\/hir\/hir_180517_06.mp4<\/a><\/video><\/div>\n","protected":false},"excerpt":{"rendered":"<p>A Parno Graszt cig\u00e1ny folkl\u00f3r egy\u00fcttes tagjai 35 esztendeje muzsik\u00e1lnak egy\u00fctt. Nev\u00fck egy romani fogalom, azt jelenti feh\u00e9r l\u00f3. Mindannyian rokoni kapcsolatban \u00e1llnak egym\u00e1ssal \u00e9s sz\u00edvesen j\u00f6ttek Szolnokra. Az Aba Nov\u00e1k Ag\u00f3ra Kultur\u00e1lis K\u00f6zpontban m\u0171k\u00f6d\u0151 Egy\u00fctt-Egym\u00e1s\u00e9rt Ifj\u00fas\u00e1gi Klub vend\u00e9gek\u00e9nt \u00e9let\u00fckr\u0151l, munk\u00e1jukr\u00f3l mes\u00e9ltek a fiataloknak. A di\u00e1kok m\u00e1r nagyon v\u00e1rt\u00e1k a Dal c\u00edm\u0171 produkci\u00f3ban h\u00edress\u00e9 v\u00e1lt [&hellip;]<\/p>\n","protected":false},"author":2,"featured_media":0,"comment_status":"closed","ping_status":"closed","sticky":false,"template":"","format":"standard","meta":[],"categories":[9],"tags":[],"_links":{"self":[{"href":"http:\/\/archiv.szolnoktv.hu\/index.php?rest_route=\/wp\/v2\/posts\/9031"}],"collection":[{"href":"http:\/\/archiv.szolnoktv.hu\/index.php?rest_route=\/wp\/v2\/posts"}],"about":[{"href":"http:\/\/archiv.szolnoktv.hu\/index.php?rest_route=\/wp\/v2\/types\/post"}],"author":[{"embeddable":true,"href":"http:\/\/archiv.szolnoktv.hu\/index.php?rest_route=\/wp\/v2\/users\/2"}],"replies":[{"embeddable":true,"href":"http:\/\/archiv.szolnoktv.hu\/index.php?rest_route=%2Fwp%2Fv2%2Fcomments&post=9031"}],"version-history":[{"count":1,"href":"http:\/\/archiv.szolnoktv.hu\/index.php?rest_route=\/wp\/v2\/posts\/9031\/revisions"}],"predecessor-version":[{"id":9064,"href":"http:\/\/archiv.szolnoktv.hu\/index.php?rest_route=\/wp\/v2\/posts\/9031\/revisions\/9064"}],"wp:attachment":[{"href":"http:\/\/archiv.szolnoktv.hu\/index.php?rest_route=%2Fwp%2Fv2%2Fmedia&parent=9031"}],"wp:term":[{"taxonomy":"category","embeddable":true,"href":"http:\/\/archiv.szolnoktv.hu\/index.php?rest_route=%2Fwp%2Fv2%2Fcategories&post=9031"},{"taxonomy":"post_tag","embeddable":true,"href":"http:\/\/archiv.szolnoktv.hu\/index.php?rest_route=%2Fwp%2Fv2%2Ftags&post=9031"}],"curies":[{"name":"wp","href":"https:\/\/api.w.org\/{rel}","templated":true}]}}