{"id":9030,"date":"2018-05-17T17:07:16","date_gmt":"2018-05-17T17:07:16","guid":{"rendered":"http:\/\/archiv.szolnoktv.hu\/?p=9030"},"modified":"2021-08-14T14:10:29","modified_gmt":"2021-08-14T14:10:29","slug":"tudokorhaz-telekelidegenites","status":"publish","type":"post","link":"http:\/\/archiv.szolnoktv.hu\/?p=9030","title":{"rendered":"T\u00fcd\u0151k\u00f3rh\u00e1z telekelidegen\u00edt\u00e9s"},"content":{"rendered":"<div class='booster-block booster-read-block'><\/div><p>A bont\u00e1s befejez\u0151d\u00f6tt, a g\u00e9pek levonultak az egykori t\u00fcd\u0151k\u00f3rh\u00e1z ter\u00fclet\u00e9r\u0151l. Az ingatlan oszt\u00e1sra sz\u00e1nt r\u00e9sz\u00e9n- k\u00f6zgy\u0171l\u00e9si d\u00f6nt\u00e9s nyom\u00e1n \u00f6sszesen 19 telket \u00e9rt\u00e9kes\u00edt majd az erre ki\u00edrt p\u00e1ly\u00e1zat gy\u0151ztese. <\/p>\n<p>&#8220;A k\u00f6zgy\u0171l\u00e9s arr\u00f3l is d\u00f6nt\u00f6tt, hogy minimum 300 milli\u00f3 forintot kell, hogy kapjon ez\u00e9rt a 19 ter\u00fclet\u00e9rt \u00e9s azt is kik\u00f6t\u00f6tte, hogy aki ezt megv\u00e1s\u00e1rolja \u00e9s ut\u00e1na tov\u00e1bb \u00e9rt\u00e9kes\u00edti telkenk\u00e9nt, a nyeres\u00e9gre is ig\u00e9nyt tart Szolnok v\u00e1rosa.&#8221;- tudtuk meg Szalay Ferenc polg\u00e1rmestert\u0151l.<\/p>\n<p>Minimum nett\u00f3 18 ezer forintos n\u00e9gyzetm\u00e9ter\u00e1rral sz\u00e1molnak miut\u00e1n megt\u00f6rt\u00e9nik a ter\u00fclet k\u00f6zm\u0171ves\u00edt\u00e9se. A telekm\u00e9reteket csal\u00e1di h\u00e1zas be\u00e9p\u00edt\u00e9shez igaz\u00edtj\u00e1k. <\/p>\n<p>&#8220;Illetve a k\u00e9t sarki telek, vagy a k\u00e9t v\u00e9ge a T\u00fcd\u0151k\u00f3rh\u00e1z ter\u00fclet\u00e9nek t\u00e1rsash\u00e1zi be\u00e9p\u00edt\u00e9s\u0171 is lehet. Ezek a nagyobb telkek.. az egyik olyan 1.400, a m\u00e1sik pedig 1.800 n\u00e9gyzetm\u00e9ter k\u00f6r\u00fcli.&#8221; <\/p>\n<p>A park tov\u00e1bbra is park marad, amit rendbe tesznek \u00e9s fut\u00f3p\u00e1ly\u00e1val, j\u00e1tsz\u00f3t\u00e9rrel, m\u00e1sz\u00f3fallal adj\u00e1k majd \u00e1t a bet\u00e9rni sz\u00e1nd\u00e9koz\u00f3knak.<\/p>\n<div style=\"width: 640px;\" class=\"wp-video\"><!--[if lt IE 9]><script>document.createElement('video');<\/script><![endif]-->\n<video class=\"wp-video-shortcode\" id=\"video-9030-1\" width=\"640\" height=\"360\" preload=\"metadata\" controls=\"controls\"><source type=\"video\/mp4\" src=\"\/spots\/hir\/hir_180517_04.mp4?_=1\" \/><a href=\"\/spots\/hir\/hir_180517_04.mp4\">\/spots\/hir\/hir_180517_04.mp4<\/a><\/video><\/div>\n","protected":false},"excerpt":{"rendered":"<p>A bont\u00e1s befejez\u0151d\u00f6tt, a g\u00e9pek levonultak az egykori t\u00fcd\u0151k\u00f3rh\u00e1z ter\u00fclet\u00e9r\u0151l. Az ingatlan oszt\u00e1sra sz\u00e1nt r\u00e9sz\u00e9n- k\u00f6zgy\u0171l\u00e9si d\u00f6nt\u00e9s nyom\u00e1n \u00f6sszesen 19 telket \u00e9rt\u00e9kes\u00edt majd az erre ki\u00edrt p\u00e1ly\u00e1zat gy\u0151ztese. &#8220;A k\u00f6zgy\u0171l\u00e9s arr\u00f3l is d\u00f6nt\u00f6tt, hogy minimum 300 milli\u00f3 forintot kell, hogy kapjon ez\u00e9rt a 19 ter\u00fclet\u00e9rt \u00e9s azt is kik\u00f6t\u00f6tte, hogy aki ezt megv\u00e1s\u00e1rolja \u00e9s ut\u00e1na [&hellip;]<\/p>\n","protected":false},"author":2,"featured_media":0,"comment_status":"closed","ping_status":"closed","sticky":false,"template":"","format":"standard","meta":[],"categories":[9],"tags":[],"_links":{"self":[{"href":"http:\/\/archiv.szolnoktv.hu\/index.php?rest_route=\/wp\/v2\/posts\/9030"}],"collection":[{"href":"http:\/\/archiv.szolnoktv.hu\/index.php?rest_route=\/wp\/v2\/posts"}],"about":[{"href":"http:\/\/archiv.szolnoktv.hu\/index.php?rest_route=\/wp\/v2\/types\/post"}],"author":[{"embeddable":true,"href":"http:\/\/archiv.szolnoktv.hu\/index.php?rest_route=\/wp\/v2\/users\/2"}],"replies":[{"embeddable":true,"href":"http:\/\/archiv.szolnoktv.hu\/index.php?rest_route=%2Fwp%2Fv2%2Fcomments&post=9030"}],"version-history":[{"count":1,"href":"http:\/\/archiv.szolnoktv.hu\/index.php?rest_route=\/wp\/v2\/posts\/9030\/revisions"}],"predecessor-version":[{"id":9065,"href":"http:\/\/archiv.szolnoktv.hu\/index.php?rest_route=\/wp\/v2\/posts\/9030\/revisions\/9065"}],"wp:attachment":[{"href":"http:\/\/archiv.szolnoktv.hu\/index.php?rest_route=%2Fwp%2Fv2%2Fmedia&parent=9030"}],"wp:term":[{"taxonomy":"category","embeddable":true,"href":"http:\/\/archiv.szolnoktv.hu\/index.php?rest_route=%2Fwp%2Fv2%2Fcategories&post=9030"},{"taxonomy":"post_tag","embeddable":true,"href":"http:\/\/archiv.szolnoktv.hu\/index.php?rest_route=%2Fwp%2Fv2%2Ftags&post=9030"}],"curies":[{"name":"wp","href":"https:\/\/api.w.org\/{rel}","templated":true}]}}