{"id":9029,"date":"2018-05-17T17:00:03","date_gmt":"2018-05-17T17:00:03","guid":{"rendered":"http:\/\/archiv.szolnoktv.hu\/?p=9029"},"modified":"2021-08-14T14:10:30","modified_gmt":"2021-08-14T14:10:30","slug":"az-ev-korforgalma-dij","status":"publish","type":"post","link":"http:\/\/archiv.szolnoktv.hu\/?p=9029","title":{"rendered":"Az \u00e9v k\u00f6rforgalma d\u00edj"},"content":{"rendered":"<div class='booster-block booster-read-block'><\/div><p>M\u00e1jus 11-\u00e9n, a K\u00f6zleked\u00e9si Kult\u00fara Napj\u00e1n kihirdett\u00e9k Az \u00e9v k\u00f6rforgalma p\u00e1ly\u00e1zat nyertes\u00e9t. V\u00e1rosunk a 442-es sz\u00e1m\u00fa f\u0151\u00fat Kert\u00e9sz utcai csom\u00f3pontj\u00e1n\u00e1l l\u00e9v\u0151, \u00fajonnan helikoptert kapott k\u00f6rforgalommal nevezett a versenyen. A p\u00e1ly\u00e1zat c\u00e9lja: a k\u00f6rforgalom k\u00fcl\u00f6nb\u00f6z\u0151 v\u00e1ltozatainak szeml\u00e9letes bemutat\u00e1sa, a t\u00e1j\u00e9koz\u00f3d\u00e1st el\u0151seg\u00edt\u0151 inform\u00e1ci\u00f3k \u00e1tad\u00e1sa, az utakat tervez\u0151 \u00e9s \u00fczemeltet\u0151 m\u00e9rn\u00f6k\u00f6k, szervezetek, valamint a k\u00f6rforgalmak eszt\u00e9tikus kialak\u00edt\u00e1s\u00e1nak elismer\u00e9se. A Szandasz\u0151l\u0151s el\u0151tti csom\u00f3pontba hamarosan eml\u00e9kt\u00e1bl\u00e1t helyeznek el \u00e9s tervez\u0151je oklevelet kap.<\/p>\n<div style=\"width: 640px;\" class=\"wp-video\"><!--[if lt IE 9]><script>document.createElement('video');<\/script><![endif]-->\n<video class=\"wp-video-shortcode\" id=\"video-9029-1\" width=\"640\" height=\"360\" preload=\"metadata\" controls=\"controls\"><source type=\"video\/mp4\" src=\"\/spots\/hir\/hir_180517_03.mp4?_=1\" \/><a href=\"\/spots\/hir\/hir_180517_03.mp4\">\/spots\/hir\/hir_180517_03.mp4<\/a><\/video><\/div>\n","protected":false},"excerpt":{"rendered":"<p>M\u00e1jus 11-\u00e9n, a K\u00f6zleked\u00e9si Kult\u00fara Napj\u00e1n kihirdett\u00e9k Az \u00e9v k\u00f6rforgalma p\u00e1ly\u00e1zat nyertes\u00e9t. V\u00e1rosunk a 442-es sz\u00e1m\u00fa f\u0151\u00fat Kert\u00e9sz utcai csom\u00f3pontj\u00e1n\u00e1l l\u00e9v\u0151, \u00fajonnan helikoptert kapott k\u00f6rforgalommal nevezett a versenyen. A p\u00e1ly\u00e1zat c\u00e9lja: a k\u00f6rforgalom k\u00fcl\u00f6nb\u00f6z\u0151 v\u00e1ltozatainak szeml\u00e9letes bemutat\u00e1sa, a t\u00e1j\u00e9koz\u00f3d\u00e1st el\u0151seg\u00edt\u0151 inform\u00e1ci\u00f3k \u00e1tad\u00e1sa, az utakat tervez\u0151 \u00e9s \u00fczemeltet\u0151 m\u00e9rn\u00f6k\u00f6k, szervezetek, valamint a k\u00f6rforgalmak eszt\u00e9tikus kialak\u00edt\u00e1s\u00e1nak elismer\u00e9se. [&hellip;]<\/p>\n","protected":false},"author":2,"featured_media":0,"comment_status":"closed","ping_status":"closed","sticky":false,"template":"","format":"standard","meta":[],"categories":[9],"tags":[],"_links":{"self":[{"href":"http:\/\/archiv.szolnoktv.hu\/index.php?rest_route=\/wp\/v2\/posts\/9029"}],"collection":[{"href":"http:\/\/archiv.szolnoktv.hu\/index.php?rest_route=\/wp\/v2\/posts"}],"about":[{"href":"http:\/\/archiv.szolnoktv.hu\/index.php?rest_route=\/wp\/v2\/types\/post"}],"author":[{"embeddable":true,"href":"http:\/\/archiv.szolnoktv.hu\/index.php?rest_route=\/wp\/v2\/users\/2"}],"replies":[{"embeddable":true,"href":"http:\/\/archiv.szolnoktv.hu\/index.php?rest_route=%2Fwp%2Fv2%2Fcomments&post=9029"}],"version-history":[{"count":1,"href":"http:\/\/archiv.szolnoktv.hu\/index.php?rest_route=\/wp\/v2\/posts\/9029\/revisions"}],"predecessor-version":[{"id":9066,"href":"http:\/\/archiv.szolnoktv.hu\/index.php?rest_route=\/wp\/v2\/posts\/9029\/revisions\/9066"}],"wp:attachment":[{"href":"http:\/\/archiv.szolnoktv.hu\/index.php?rest_route=%2Fwp%2Fv2%2Fmedia&parent=9029"}],"wp:term":[{"taxonomy":"category","embeddable":true,"href":"http:\/\/archiv.szolnoktv.hu\/index.php?rest_route=%2Fwp%2Fv2%2Fcategories&post=9029"},{"taxonomy":"post_tag","embeddable":true,"href":"http:\/\/archiv.szolnoktv.hu\/index.php?rest_route=%2Fwp%2Fv2%2Ftags&post=9029"}],"curies":[{"name":"wp","href":"https:\/\/api.w.org\/{rel}","templated":true}]}}