{"id":9028,"date":"2018-05-17T16:48:09","date_gmt":"2018-05-17T16:48:09","guid":{"rendered":"http:\/\/archiv.szolnoktv.hu\/?p=9028"},"modified":"2021-08-14T14:10:30","modified_gmt":"2021-08-14T14:10:30","slug":"kozvetlen-buszjarat-a-tiszaliget-es-a-szechenyi-kozott-a-nyari-szunetben","status":"publish","type":"post","link":"http:\/\/archiv.szolnoktv.hu\/?p=9028","title":{"rendered":"K\u00f6zvetlen buszj\u00e1rat a Tiszaliget \u00e9s a Sz\u00e9chenyi k\u00f6z\u00f6tt a ny\u00e1ri sz\u00fcnetben"},"content":{"rendered":"<div class='booster-block booster-read-block'><\/div><p>A buszmeg\u00e1ll\u00f3kban kihelyezett t\u00e1j\u00e9koztat\u00f3 t\u00e1bl\u00e1n egyel\u0151re m\u00e9g nem szerepel a Sz\u00e9chenyi lak\u00f3telepet is \u00e9rint\u0151 15-\u00f6s j\u00e1rat menetrendje, de hamarosan m\u00e1r mindenki olvashatja, hogy hogyan k\u00f6zlekedik. A Sz\u00e9chenyi v\u00e1rosr\u00e9sz \u00f6nkorm\u00e1nyzati k\u00e9pvisel\u0151i kezdem\u00e9nyezt\u00e9k a busz ind\u00edt\u00e1s\u00e1t, mindezt az \u00f6nkorm\u00e1nyzat is t\u00e1mogatta. A j\u00e1rat k\u00f6zvetlen utaz\u00e1st biztos\u00edt a v\u00e1rosr\u00e9sz \u00e9s a Tiszaliget k\u00f6z\u00f6tt.<\/p>\n<p>-Mivel ny\u00e1ron nagyon sok a t\u00e1boroz\u00f3 kint a Tiszaligetben ez\u00e9rt mi \u00fagy gondoljuk, hogy nagy seg\u00edts\u00e9g a sz\u00fcl\u0151knek. 7:30-kor indul a v\u00e1rosr\u00e9szb\u0151l \u00e9s d\u00e9lut\u00e1n 16:30-kor indul vissza a Tiszaligetb\u0151l. Teh\u00e1t a sz\u00fcl\u0151k itt felrakhatj\u00e1k a gyereket, majd fogadhatj\u00e1k hazat\u00e9rve, sz\u00f3val szerintem ez nagy seg\u00edts\u00e9g nekik.&#8221;  &#8211;   mondta Reh\u00f3 J\u00e1nos \u00f6nkorm\u00e1nyzati k\u00e9pvisel\u0151.<\/p>\n<p>A busz a Sz\u00e1nt\u00f3 k\u00f6r\u00fatr\u00f3l indul \u00e9s csak\u00fagy, mint a 24-es k\u00f6rj\u00e1rat \u00e9rinti a Sz\u00e9chenyi lak\u00f3telep meg\u00e1ll\u00f3it. A j\u00e1rat f\u00e9l \u00f3ra alatt \u00e9r a Campushoz, visszafel\u00e9 &#8211; szint\u00e9n a gazd\u00e1lkod\u00e1si kar \u00e9p\u00fclet\u00e9t\u0151l indul majd. Mindez az\u00e9rt is fontos, mert sok gyermek t\u00f6lti a ny\u00e1ri sz\u00fcnid\u0151 a Turisztikai K\u00f6zpontban, \u00edgy \u00e1tsz\u00e1ll\u00e1s n\u00e9lk\u00fcl, k\u00e9nyelmesen juthatnak ki a Tiszaligetbe. A ny\u00e1ri id\u0151szakban k\u00f6zlekedik majd ez a k\u00f6zvetlen j\u00e1rat.<\/p>\n<p>-B\u00e1rki ig\u00e9nybe veheti. S\u0151t! Szombaton \u00e9s vas\u00e1rnap teh\u00e1t h\u00e9tv\u00e9g\u00e9n is fog k\u00f6zlekedni, ezzel megk\u00f6nny\u00edtve a Tiszaligeti Strand megk\u00f6zel\u00edt\u00e9s\u00e9t. \u00c9n \u00fagy gondolom, hogy nagyon sokan vett\u00e9k tavaly is ig\u00e9nybe \u00e9s sokan fogj\u00e1k most is ig\u00e9nybe venni.&#8221;  &#8211;   tette hozz\u00e1 Reh\u00f3 J\u00e1nos.<\/p>\n<p>A Tiszaligetbe k\u00f6zleked\u0151k ezzel id\u0151t \u00e9s p\u00e9nzt takar\u00edthatnak meg, hiszen nem kell a belv\u00e1rosban \u00e1tsz\u00e1llniuk egy m\u00e1sik buszra illetve a j\u00e1ratnak k\u00f6sz\u00f6nhet\u0151en egy buszjeggyel kijutnak a ligetbe.<\/p>\n<div style=\"width: 640px;\" class=\"wp-video\"><!--[if lt IE 9]><script>document.createElement('video');<\/script><![endif]-->\n<video class=\"wp-video-shortcode\" id=\"video-9028-1\" width=\"640\" height=\"360\" preload=\"metadata\" controls=\"controls\"><source type=\"video\/mp4\" src=\"\/spots\/hir\/hir_180517_02.mp4?_=1\" \/><a href=\"\/spots\/hir\/hir_180517_02.mp4\">\/spots\/hir\/hir_180517_02.mp4<\/a><\/video><\/div>\n","protected":false},"excerpt":{"rendered":"<p>A buszmeg\u00e1ll\u00f3kban kihelyezett t\u00e1j\u00e9koztat\u00f3 t\u00e1bl\u00e1n egyel\u0151re m\u00e9g nem szerepel a Sz\u00e9chenyi lak\u00f3telepet is \u00e9rint\u0151 15-\u00f6s j\u00e1rat menetrendje, de hamarosan m\u00e1r mindenki olvashatja, hogy hogyan k\u00f6zlekedik. A Sz\u00e9chenyi v\u00e1rosr\u00e9sz \u00f6nkorm\u00e1nyzati k\u00e9pvisel\u0151i kezdem\u00e9nyezt\u00e9k a busz ind\u00edt\u00e1s\u00e1t, mindezt az \u00f6nkorm\u00e1nyzat is t\u00e1mogatta. A j\u00e1rat k\u00f6zvetlen utaz\u00e1st biztos\u00edt a v\u00e1rosr\u00e9sz \u00e9s a Tiszaliget k\u00f6z\u00f6tt. -Mivel ny\u00e1ron nagyon sok a [&hellip;]<\/p>\n","protected":false},"author":2,"featured_media":0,"comment_status":"closed","ping_status":"closed","sticky":false,"template":"","format":"standard","meta":[],"categories":[9],"tags":[],"_links":{"self":[{"href":"http:\/\/archiv.szolnoktv.hu\/index.php?rest_route=\/wp\/v2\/posts\/9028"}],"collection":[{"href":"http:\/\/archiv.szolnoktv.hu\/index.php?rest_route=\/wp\/v2\/posts"}],"about":[{"href":"http:\/\/archiv.szolnoktv.hu\/index.php?rest_route=\/wp\/v2\/types\/post"}],"author":[{"embeddable":true,"href":"http:\/\/archiv.szolnoktv.hu\/index.php?rest_route=\/wp\/v2\/users\/2"}],"replies":[{"embeddable":true,"href":"http:\/\/archiv.szolnoktv.hu\/index.php?rest_route=%2Fwp%2Fv2%2Fcomments&post=9028"}],"version-history":[{"count":1,"href":"http:\/\/archiv.szolnoktv.hu\/index.php?rest_route=\/wp\/v2\/posts\/9028\/revisions"}],"predecessor-version":[{"id":9067,"href":"http:\/\/archiv.szolnoktv.hu\/index.php?rest_route=\/wp\/v2\/posts\/9028\/revisions\/9067"}],"wp:attachment":[{"href":"http:\/\/archiv.szolnoktv.hu\/index.php?rest_route=%2Fwp%2Fv2%2Fmedia&parent=9028"}],"wp:term":[{"taxonomy":"category","embeddable":true,"href":"http:\/\/archiv.szolnoktv.hu\/index.php?rest_route=%2Fwp%2Fv2%2Fcategories&post=9028"},{"taxonomy":"post_tag","embeddable":true,"href":"http:\/\/archiv.szolnoktv.hu\/index.php?rest_route=%2Fwp%2Fv2%2Ftags&post=9028"}],"curies":[{"name":"wp","href":"https:\/\/api.w.org\/{rel}","templated":true}]}}