{"id":9027,"date":"2018-05-17T16:32:12","date_gmt":"2018-05-17T16:32:12","guid":{"rendered":"http:\/\/archiv.szolnoktv.hu\/?p=9027"},"modified":"2021-08-14T14:10:30","modified_gmt":"2021-08-14T14:10:30","slug":"nyilt-napot-tartott-a-rendorseg","status":"publish","type":"post","link":"http:\/\/archiv.szolnoktv.hu\/?p=9027","title":{"rendered":"Ny\u00edlt napot tartott a rend\u0151rs\u00e9g"},"content":{"rendered":"<div class='booster-block booster-read-block'><\/div><p>Enyhe, alkoholos befoly\u00e1solts\u00e1g alatti fizikai t\u00fcneteket szimul\u00e1l ez a szem\u00fcveg. Ebben az \u00e1llapotban az egy\u00e9n sz\u00e9d\u00fcl, nehezebb\u00e9 v\u00e1lik a mozg\u00e1s \u00e9s a t\u00e9r\u00e9rz\u00e9kel\u00e9s. Ezt a mai rend\u0151rs\u00e9gi ny\u00edlt napon pr\u00f3b\u00e1lhatt\u00e1k ki a di\u00e1kok. <br \/>A 10. alkalommal megrendezett esem\u00e9nynek most el\u0151sz\u00f6r a Jendrassik Gy\u00f6rgy G\u00e9pipari Szakgimn\u00e1zium adott otthont. <\/p>\n<p>A sz\u00e9nmonoxid-m\u00e9r\u0151 m\u0171szerrel gyorsan meg\u00e1llap\u00edthat\u00f3 a t\u00fcd\u0151 \u00e1llapota. Ezt az egyik  &#8211;   a rend\u0151rs\u00e9ggel egy\u00fcttm\u0171k\u00f6d\u0151  &#8211;   t\u00e1rsszervezet: a Hum\u00e1n Szolg\u00e1ltat\u00f3 K\u00f6zpont munkat\u00e1rsa v\u00e9gezte a mai rendezv\u00e9nyen.<\/p>\n<p>-A rend\u0151rs\u00e9gnek k\u00f6telez\u0151 feladata is a rend\u0151rs\u00e9gi t\u00f6rv\u00e9ny alapj\u00e1n az egy\u00fcttm\u0171k\u00f6d\u00e9s, de sehogy m\u00e1shogy nem lehet a munk\u00e1t k\u00e9pzelni, csak az egy\u00fcttm\u0171k\u00f6d\u0151 partnere seg\u00edts\u00e9g\u00e9vel, hiszen, mint l\u00e1thatjuk, kint van a Hum\u00e1n Szolg\u00e1ltat\u00f3 K\u00f6zpont Drogkonzult\u00e1ci\u00f3s K\u00f6zpontja is, illetve a Korm\u00e1nyablak N\u00e9peg\u00e9szs\u00e9g\u00fcgyi F\u0151oszt\u00e1ly\u00e1r\u00f3l el\u0151ad\u00f3. Egy\u00fctt szoktuk j\u00e1rni az iskol\u00e1kat: eg\u00e9szen az \u00e1ltal\u00e1nos iskol\u00e1kt\u00f3l a k\u00f6z\u00e9piskol\u00e1sokon kereszt\u00fcl, illetve mi az id\u0151sekhez is eljutunk. Felt\u00e9tlen\u00fcl fontos, hogy tudjuk egym\u00e1s munk\u00e1j\u00e1t seg\u00edteni, t\u00e1j\u00e9koztatni a fiatalokat az adott probl\u00e9m\u00e1kr\u00f3l, helyzetekr\u0151l. -mondta T\u00e1nczos Anita \u0151rnagy.<\/p>\n<p>A p\u00e1lyav\u00e1laszt\u00e1s el\u0151tt \u00e1ll\u00f3 fiatalokat c\u00e9lozta meg a Magyar Honv\u00e9ds\u00e9g. Be\u00fclhettek egy harci j\u00e1rm\u0171be, s\u0151t a harcmez\u0151n bevethet\u0151 fegyvereket is kipr\u00f3b\u00e1lhatt\u00e1k. <\/p>\n<p>A katasztr\u00f3fav\u00e9delem f\u00fcst s\u00e1torral k\u00e9sz\u00fclt. A Drogkonzult\u00e1ci\u00f3s K\u00f6zpont munkat\u00e1rsai m\u00e1r ismer\u0151sek a fiatalok k\u00f6r\u00e9ben, ugyanis rendszeresen j\u00e1rj\u00e1k az iskol\u00e1kat. A gyerekek b\u00e1rmilyen jelleg\u0171 probl\u00e9m\u00e1val, k\u00e9rd\u00e9ssel fordulhatnak hozz\u00e1juk. <\/p>\n<p>-\u00datmutat\u00f3t hozott nek\u00fcnk \u00e9s besz\u00e9lt\u00fcnk p\u00e9ld\u00e1ul a drogokr\u00f3l \u00e9s a fiatalokr\u00f3l.&#8221; -mondta P\u00e1lfi Roland.<\/p>\n<p>A tapasztalatok azt mutatj\u00e1k, a gyerekek \u00e9lnek ezzel a lehet\u0151ss\u00e9ggel, hiszen tudj\u00e1k, teljes az anonimit\u00e1s \u00e9s titoktart\u00e1s. A szakemberek felh\u00edvj\u00e1k a figyelmet a diz\u00e1jner drogok \u00e9s az alkoholfogyaszt\u00e1s vesz\u00e9lyeire is.<\/p>\n<p>-K\u00e1rosak, meg hogy ne szokjunk r\u00e1, meg hogy ne menj\u00fcnk a rosszba bele, de h\u00e1t, majd elv\u00e1lik mi t\u00f6rt\u00e9nik.&#8221; -mondta Farkas Dominik.<\/p>\n<p>A seg\u00edt\u0151k\u00f6zpont munkat\u00e1rsait a leggyakrabban csal\u00e1di probl\u00e9m\u00e1k miatt keresik fel a fiatalok. Ezek h\u00e1tter\u00e9ben \u00e1ltal\u00e1ban kommunik\u00e1ci\u00f3s elakad\u00e1sok \u00e1llnak, teh\u00e1t a sz\u00fcl\u0151k \u00e9s gyermekeik k\u00f6zt nincs, vagy nem j\u00f3 a kommunik\u00e1ci\u00f3. A mai rendezv\u00e9ny els\u0151dleges c\u00e9lja rend\u0151rs\u00e9g \u00e9s a fiatalok k\u00f6z\u00f6tti bizalom\u00e9p\u00edt\u00e9s \u00e9s az \u00e9rz\u00e9keny\u00edt\u00e9s volt.<\/p>\n<p>-Szeretn\u00e9nk k\u00f6zelebb hozni, mind a rend\u0151rs\u00e9get mind pedig a t\u00e1rsszerveknek, rendv\u00e9delmi szerveknek a munk\u00e1j\u00e1t, hiszen nem biztos, hogy a mindennapokban tal\u00e1lkoznak vel\u00fck. Illetve egy kicsit bizalom \u00e9p\u00edt\u00e9sr\u0151l is besz\u00e9lhet\u00fcnk, hiszen, amikor valaki bajba van  &#8211;   itt gondolok a k\u00f6z\u00e9piskol\u00e1sokra- elmennek este bulizni, merjenek seg\u00edts\u00e9get k\u00e9rni a rend\u0151r\u00f6kt\u0151l, ha baj van, tudj\u00e1k, hogy kiket kell h\u00edvni. Pont ez\u00e9rt sz\u00f3r\u00f3 kiadv\u00e1nyokkal is szoktunk a di\u00e1kok fel\u00e9 fordulni, hiszen sokszor nem tudj\u00e1k, mondjuk, ha baj van, hogy kihez fordulhatnak. Azok a civil szervezetek, akik jelen vannak, azok mind tudnak nekik seg\u00edteni.&#8221; -nyilatkozta T\u00e1nczos Anita \u0151rnagy, a Szolnoki Rend\u0151rkapit\u00e1nys\u00e1g Megel\u0151z\u00e9si \u00e9s \u00c9rt\u00e9kel\u0151 Aloszt\u00e1ly kiemelt f\u0151el\u0151ad\u00f3ja.<\/p>\n<p>Kiemelten fontos, hogy a fiatalok tudj\u00e1k: a rend\u0151rs\u00e9gt\u0151l k\u00e9rhetnek \u00e9s kapnak is seg\u00edts\u00e9get, ha bajba ker\u00fclnek. Minim\u00e1lis seg\u00edts\u00e9gny\u00fajt\u00e1ssal ugyanis m\u00e1r megel\u0151zhet\u0151ek a b\u0171ncselekm\u00e9nyek \u00e9s ak\u00e1r, a hal\u00e1los kimenetel\u0151 balesetek is.<\/p>\n<div style=\"width: 640px;\" class=\"wp-video\"><!--[if lt IE 9]><script>document.createElement('video');<\/script><![endif]-->\n<video class=\"wp-video-shortcode\" id=\"video-9027-1\" width=\"640\" height=\"360\" preload=\"metadata\" controls=\"controls\"><source type=\"video\/mp4\" src=\"\/spots\/hir\/hir_180517_01.mp4?_=1\" \/><a href=\"\/spots\/hir\/hir_180517_01.mp4\">\/spots\/hir\/hir_180517_01.mp4<\/a><\/video><\/div>\n","protected":false},"excerpt":{"rendered":"<p>Enyhe, alkoholos befoly\u00e1solts\u00e1g alatti fizikai t\u00fcneteket szimul\u00e1l ez a szem\u00fcveg. Ebben az \u00e1llapotban az egy\u00e9n sz\u00e9d\u00fcl, nehezebb\u00e9 v\u00e1lik a mozg\u00e1s \u00e9s a t\u00e9r\u00e9rz\u00e9kel\u00e9s. Ezt a mai rend\u0151rs\u00e9gi ny\u00edlt napon pr\u00f3b\u00e1lhatt\u00e1k ki a di\u00e1kok. A 10. alkalommal megrendezett esem\u00e9nynek most el\u0151sz\u00f6r a Jendrassik Gy\u00f6rgy G\u00e9pipari Szakgimn\u00e1zium adott otthont. A sz\u00e9nmonoxid-m\u00e9r\u0151 m\u0171szerrel gyorsan meg\u00e1llap\u00edthat\u00f3 a t\u00fcd\u0151 \u00e1llapota. [&hellip;]<\/p>\n","protected":false},"author":2,"featured_media":0,"comment_status":"closed","ping_status":"closed","sticky":false,"template":"","format":"standard","meta":[],"categories":[9],"tags":[],"_links":{"self":[{"href":"http:\/\/archiv.szolnoktv.hu\/index.php?rest_route=\/wp\/v2\/posts\/9027"}],"collection":[{"href":"http:\/\/archiv.szolnoktv.hu\/index.php?rest_route=\/wp\/v2\/posts"}],"about":[{"href":"http:\/\/archiv.szolnoktv.hu\/index.php?rest_route=\/wp\/v2\/types\/post"}],"author":[{"embeddable":true,"href":"http:\/\/archiv.szolnoktv.hu\/index.php?rest_route=\/wp\/v2\/users\/2"}],"replies":[{"embeddable":true,"href":"http:\/\/archiv.szolnoktv.hu\/index.php?rest_route=%2Fwp%2Fv2%2Fcomments&post=9027"}],"version-history":[{"count":1,"href":"http:\/\/archiv.szolnoktv.hu\/index.php?rest_route=\/wp\/v2\/posts\/9027\/revisions"}],"predecessor-version":[{"id":9068,"href":"http:\/\/archiv.szolnoktv.hu\/index.php?rest_route=\/wp\/v2\/posts\/9027\/revisions\/9068"}],"wp:attachment":[{"href":"http:\/\/archiv.szolnoktv.hu\/index.php?rest_route=%2Fwp%2Fv2%2Fmedia&parent=9027"}],"wp:term":[{"taxonomy":"category","embeddable":true,"href":"http:\/\/archiv.szolnoktv.hu\/index.php?rest_route=%2Fwp%2Fv2%2Fcategories&post=9027"},{"taxonomy":"post_tag","embeddable":true,"href":"http:\/\/archiv.szolnoktv.hu\/index.php?rest_route=%2Fwp%2Fv2%2Ftags&post=9027"}],"curies":[{"name":"wp","href":"https:\/\/api.w.org\/{rel}","templated":true}]}}