{"id":9025,"date":"2018-05-16T18:15:37","date_gmt":"2018-05-16T18:15:37","guid":{"rendered":"http:\/\/archiv.szolnoktv.hu\/?p=9025"},"modified":"2021-08-14T14:10:30","modified_gmt":"2021-08-14T14:10:30","slug":"bunugyi-helyszinelok-versenye","status":"publish","type":"post","link":"http:\/\/archiv.szolnoktv.hu\/?p=9025","title":{"rendered":"B\u0171n\u00fcgyi helysz\u00ednel\u0151k versenye"},"content":{"rendered":"<div class='booster-block booster-read-block'><\/div><p>Helysz\u00ednel\u0151k munka k\u00f6zben. Ez\u00fattal nem \u00e9lesben, hanem versenyen, kital\u00e1lt \u00e9s imit\u00e1lt b\u0171n\u00fcgyi helysz\u00edneken. <br \/>20 csapat \u00e9rkezett az orsz\u00e1g k\u00fcl\u00f6nf\u00e9le  kapit\u00e1nys\u00e1gair\u00f3l. A legjobbak. Minden esetben a  helysz\u00ednel\u0151 munk\u00e1ja  alapj\u00e1n indul a nyomoz\u00e1s. <\/p>\n<p>Szab\u00f3 Zita r. alezredes, sajt\u00f3sz\u00f3viv\u0151 JNSZ Megyei Rend\u0151r-f\u0151kapit\u00e1nys\u00e1g : <\/p>\n<p>-&#8220;A b\u0171ncselekm\u00e9nyek f\u00f6lder\u00edt\u00e9s\u00e9nek szempontj\u00e1b\u00f3l \u00e9s a bizony\u00edt\u00e9kok r\u00f6gz\u00edt\u00e9s\u00e9ben nagyon fontos szerepe van, hiszen ha lez\u00e1rta a rend\u0151rs\u00e9g a nyomoz\u00e1st \u00e9s az \u00fcgy\u00e9szs\u00e9g \u00e1tveszi  a b\u00edr\u00f3i szakaszba ker\u00fcl ott nagyon fontos, hogy a bizony\u00edt\u00e9kok megfelel\u0151en legyenek r\u00f6gz\u00edtve \u00e9pp ez\u00e9rt a b\u0171n\u00fcgyi technikusi szakma nagyon fontos r\u00e9sze a rend\u0151ri szakm\u00e1nak. &#8211;<\/p>\n<p>Az esem\u00e9nyre megh\u00edvt\u00e1k a rend\u00e9szeti szakk\u00f6z\u00e9piskol\u00e1k di\u00e1kjait is, akik nemcsak a versenyt, hanem a t\u00e1rsszervezetek bemutat\u00f3it is l\u00e1thatt\u00e1k , s\u0151t ki is pr\u00f3b\u00e1lhatt\u00e1k. <\/p>\n<p>A mostan\u00e1ban oly n\u00e9pszer\u0171, b\u0171n\u00fcgyi helysz\u00ednel\u0151kr\u0151l sz\u00f3l\u00f3  sorozatok is vonz\u00f3bb\u00e1 tett\u00e9k a szakm\u00e1t a fiatalok k\u00f6r\u00e9ben. <\/p>\n<p>Majzik Anna,  Karcag :<\/p>\n<p>-&#8220;Szoktam n\u00e9zni  \u00e9s a csal\u00e1dban t\u00f6bben ezt a szakm\u00e1t tanult\u00e1k ez\u00e9rt \u00e9n is erre a szakra j\u00f6ttem. &#8211;<\/p>\n<p>\u00c9rdekl\u0151d\u00e9ssel n\u00e9zt\u00e9k a megm\u00e9rettet\u00e9st, ahol 20  \u00e1llom\u00e1son \u00e9rdekes feladatokat kellett megoldaniuk a helysz\u00ednel\u0151knek.  <\/p>\n<p>Az egyik helysz\u00ednen egy hasba l\u0151tt embert tal\u00e1ltak a helysz\u00ednel\u0151k. <br \/>A halottszemle ut\u00e1n r\u00e1 kellett j\u00f6nni\u00fck, hogy a sz\u00e1m\u00edt\u00f3g\u00e9pasztal al\u00e1 rejtett fegyver okozta a hal\u00e1los l\u00f6v\u00e9st. <\/p>\n<p>M\u00e1sutt  egy ellopott jet-sky mellett hagyott l\u00e1bnyomot kellett r\u00f6gz\u00edteni\u00fck, ami azonban v\u00edzben \u00e1llt.<\/p>\n<p>A helysz\u00ednel\u0151k gyorsan tal\u00e1ltak megold\u00e1st, \u00edgy a bizony\u00edt\u00e1si elj\u00e1r\u00e1shoz teljes \u00e9rt\u00e9k\u0171 l\u00e1bnyom mint\u00e1t vettek. Tavaly Vas megy\u00e9ben rendezt\u00e9k a versenyt, most \u0151k is megm\u00e9rettek. B\u00e1ndi Tibor 1995 \u00f3ta helysz\u00ednel\u0151. <\/p>\n<p> B\u00e1ndi Tibor rend\u0151r alezredes, Vas megyei Rend\u0151r-f\u0151kapit\u00e1nys\u00e1g<br \/>-&#8220;A rep\u00fcl\u0151g\u00e9pes feladat a mi sz\u00e1munkra \u00fajdons\u00e1g, mert az \u00e9n praxisomban m\u00e9g ilyen b\u0171ncselekm\u00e9nnyel, illetve ilyen k\u00f6zigazgat\u00e1si elj\u00e1r\u00e1ssal m\u00e9g nem tal\u00e1lkoztam. &#8211;<\/p>\n<p>A helysz\u00ednel\u0151k kora estik versenyeztek. Az orsz\u00e1gos megm\u00e9rettet\u00e9s eredm\u00e9nyhirdet\u00e9se cs\u00fct\u00f6rt\u00f6k\u00f6n d\u00e9lel\u0151tt lesz. <\/p>\n<div style=\"width: 640px;\" class=\"wp-video\"><!--[if lt IE 9]><script>document.createElement('video');<\/script><![endif]-->\n<video class=\"wp-video-shortcode\" id=\"video-9025-1\" width=\"640\" height=\"360\" preload=\"metadata\" controls=\"controls\"><source type=\"video\/mp4\" src=\"\/spots\/hir\/hir_180516_03.mp4?_=1\" \/><a href=\"\/spots\/hir\/hir_180516_03.mp4\">\/spots\/hir\/hir_180516_03.mp4<\/a><\/video><\/div>\n","protected":false},"excerpt":{"rendered":"<p>Helysz\u00ednel\u0151k munka k\u00f6zben. Ez\u00fattal nem \u00e9lesben, hanem versenyen, kital\u00e1lt \u00e9s imit\u00e1lt b\u0171n\u00fcgyi helysz\u00edneken. 20 csapat \u00e9rkezett az orsz\u00e1g k\u00fcl\u00f6nf\u00e9le kapit\u00e1nys\u00e1gair\u00f3l. A legjobbak. Minden esetben a helysz\u00ednel\u0151 munk\u00e1ja alapj\u00e1n indul a nyomoz\u00e1s. Szab\u00f3 Zita r. alezredes, sajt\u00f3sz\u00f3viv\u0151 JNSZ Megyei Rend\u0151r-f\u0151kapit\u00e1nys\u00e1g : -&#8220;A b\u0171ncselekm\u00e9nyek f\u00f6lder\u00edt\u00e9s\u00e9nek szempontj\u00e1b\u00f3l \u00e9s a bizony\u00edt\u00e9kok r\u00f6gz\u00edt\u00e9s\u00e9ben nagyon fontos szerepe van, hiszen ha lez\u00e1rta [&hellip;]<\/p>\n","protected":false},"author":2,"featured_media":0,"comment_status":"closed","ping_status":"closed","sticky":false,"template":"","format":"standard","meta":[],"categories":[9],"tags":[],"_links":{"self":[{"href":"http:\/\/archiv.szolnoktv.hu\/index.php?rest_route=\/wp\/v2\/posts\/9025"}],"collection":[{"href":"http:\/\/archiv.szolnoktv.hu\/index.php?rest_route=\/wp\/v2\/posts"}],"about":[{"href":"http:\/\/archiv.szolnoktv.hu\/index.php?rest_route=\/wp\/v2\/types\/post"}],"author":[{"embeddable":true,"href":"http:\/\/archiv.szolnoktv.hu\/index.php?rest_route=\/wp\/v2\/users\/2"}],"replies":[{"embeddable":true,"href":"http:\/\/archiv.szolnoktv.hu\/index.php?rest_route=%2Fwp%2Fv2%2Fcomments&post=9025"}],"version-history":[{"count":1,"href":"http:\/\/archiv.szolnoktv.hu\/index.php?rest_route=\/wp\/v2\/posts\/9025\/revisions"}],"predecessor-version":[{"id":9070,"href":"http:\/\/archiv.szolnoktv.hu\/index.php?rest_route=\/wp\/v2\/posts\/9025\/revisions\/9070"}],"wp:attachment":[{"href":"http:\/\/archiv.szolnoktv.hu\/index.php?rest_route=%2Fwp%2Fv2%2Fmedia&parent=9025"}],"wp:term":[{"taxonomy":"category","embeddable":true,"href":"http:\/\/archiv.szolnoktv.hu\/index.php?rest_route=%2Fwp%2Fv2%2Fcategories&post=9025"},{"taxonomy":"post_tag","embeddable":true,"href":"http:\/\/archiv.szolnoktv.hu\/index.php?rest_route=%2Fwp%2Fv2%2Ftags&post=9025"}],"curies":[{"name":"wp","href":"https:\/\/api.w.org\/{rel}","templated":true}]}}