{"id":9024,"date":"2018-05-16T18:11:31","date_gmt":"2018-05-16T18:11:31","guid":{"rendered":"http:\/\/archiv.szolnoktv.hu\/?p=9024"},"modified":"2021-08-14T14:10:31","modified_gmt":"2021-08-14T14:10:31","slug":"termalkut-parkolas","status":"publish","type":"post","link":"http:\/\/archiv.szolnoktv.hu\/?p=9024","title":{"rendered":"Term\u00e1lk\u00fat parkol\u00e1s"},"content":{"rendered":"<div class='booster-block booster-read-block'><\/div><p>Folyik a v\u00edz a V\u00e1rkonyi t\u00e9ri term\u00e1lk\u00fatb\u00f3l. N\u00e9pszer\u0171, nem csak a k\u00f6rny\u00e9ken lak\u00f3k k\u00f6zel\u00e9ben. Naponta t\u00f6bb sz\u00e1zan hordj\u00e1k haza onnan az iv\u00f3vizet. M\u00e1csai B\u00e9la hetente egyszer j\u00e1r ide, \u0151 a vir\u00e1gait locsolja ezzel a v\u00edzzel.<\/p>\n<p>\u00c9vekig gondot jelentett a parkol\u00e1s azoknak, akik v\u00edz\u00e9rt j\u00f6ttek, hiszen a h\u00edd el\u0151tt, a k\u00fatn\u00e1l sok\u00e1ig nem volt parkol\u00f3 kialak\u00edtva. Nem oly r\u00e9gen ez is megt\u00f6rt\u00e9nt, \u00e1m a parkol\u00e1si gondok ezzel nem old\u00f3dtak meg.<\/p>\n<p>&#8220;Az a probl\u00e9ma, hogy amikor vizet mer\u00edteni idej\u00f6v\u00fcnk, nem tudunk le\u00e1llni, mert minden parkol\u00f3 el van foglalva a munkanapokon, hogy ki azt nem tudom, mert sem a j\u00e1tsz\u00f3t\u00e9ren, sem a k\u00fatn\u00e1l nincs senki, \u00e9s eg\u00e9sz nap itt \u00e1llnak a kocsik.&#8221; -mondta M\u00c1CSAI B\u00c9LA.<\/p>\n<p>M\u00e1csai B\u00e9l\u00e1nak most \u00e9pp szerencs\u00e9je volt, tal\u00e1lt parkol\u00e1si lehet\u0151s\u00e9get, \u00edgy a 7-8 kann\u00e1nyi vizet most nem kellett messzire vinnie. Ottj\u00e1rtunkkor is \u00e1lltak aut\u00f3k a parkol\u00f3helyeken &#8211; szab\u00e1lyosan, hiszen ezt semmi nem tiltja. T\u00e9ny, hogy egyik g\u00e9pj\u00e1rm\u0171 tulajdonos\u00e1t sem lehetett a k\u00f6zelben l\u00e1tni. N\u00e1nai L\u00e1szl\u00f3 szerint is val\u00f3s a probl\u00e9ma.<\/p>\n<p>&#8220;Mindig ugyanazok az aut\u00f3k \u00e1llnak itt, b\u00e1rmikor j\u00f6v\u00f6k, ki kellene tenni egy t\u00e1bl\u00e1t, hogy egy \u00f3r\u00e1t lehet v\u00e1rakozni, \u00e9s ha nem, j\u00f6hetnek a k\u00f6zter\u00fclet fel\u00fcgyel\u0151k, vagy a rend\u0151r.&#8221; -mondta N\u00c1NAI L\u00c1SZL\u00d3.<\/p>\n<p>El\u0151fordult, hogy t\u00e9len a behavazott aut\u00f3 napokig nem mozdult, a h\u00f3 is itt olvadt le r\u00f3la. A v\u00edzhez \u00e9rkez\u0151k szerint mindenf\u00e9lek\u00e9pp tilt\u00f3 t\u00e1bl\u00e1ra volna sz\u00fcks\u00e9g, mert jelenleg -ezt \u0151k is elismerik- szab\u00e1lyosan parkolnak itt a g\u00e9pj\u00e1rm\u0171vek, \u00e1m ezt m\u00e9gsem tartj\u00e1k etikusnak. A v\u00e1rosh\u00e1z\u00e1t\u00f3l kapott k\u00f6zlem\u00e9nyben azt \u00edrj\u00e1k: -A Zagyva-parti j\u00e1tsz\u00f3t\u00e9r melletti art\u00e9zi k\u00fatn\u00e1l l\u00e9v\u0151 parkol\u00f3helyeket az\u00e9rt alak\u00edtotta ki az \u00f6nkorm\u00e1nyzat, hogy megk\u00f6nny\u00edtse a v\u00edzv\u00e9teli sz\u00e1nd\u00e9kkal \u00e9rkez\u0151knek a k\u00f6zeli parkol\u00e1st. A fenn\u00e1ll\u00f3 probl\u00e9m\u00e1r\u00f3l a szakemberek tudnak, a megold\u00e1son dolgoznak, a tervek szerint hamarosan kihelyeznek egy tilt\u00f3 t\u00e1bl\u00e1t, mely szerint csak 15 percig lehet majd a parkol\u00f3t ig\u00e9nybe venni.&#8221;<br \/>\n<br \/>\n<div style=\"width: 640px;\" class=\"wp-video\"><!--[if lt IE 9]><script>document.createElement('video');<\/script><![endif]-->\n<video class=\"wp-video-shortcode\" id=\"video-9024-1\" width=\"640\" height=\"360\" preload=\"metadata\" controls=\"controls\"><source type=\"video\/mp4\" src=\"\/spots\/hir\/hir_180516_05.mp4?_=1\" \/><a href=\"\/spots\/hir\/hir_180516_05.mp4\">\/spots\/hir\/hir_180516_05.mp4<\/a><\/video><\/div><\/p>\n","protected":false},"excerpt":{"rendered":"<p>Folyik a v\u00edz a V\u00e1rkonyi t\u00e9ri term\u00e1lk\u00fatb\u00f3l. N\u00e9pszer\u0171, nem csak a k\u00f6rny\u00e9ken lak\u00f3k k\u00f6zel\u00e9ben. Naponta t\u00f6bb sz\u00e1zan hordj\u00e1k haza onnan az iv\u00f3vizet. M\u00e1csai B\u00e9la hetente egyszer j\u00e1r ide, \u0151 a vir\u00e1gait locsolja ezzel a v\u00edzzel. \u00c9vekig gondot jelentett a parkol\u00e1s azoknak, akik v\u00edz\u00e9rt j\u00f6ttek, hiszen a h\u00edd el\u0151tt, a k\u00fatn\u00e1l sok\u00e1ig nem volt parkol\u00f3 kialak\u00edtva. [&hellip;]<\/p>\n","protected":false},"author":2,"featured_media":0,"comment_status":"closed","ping_status":"closed","sticky":false,"template":"","format":"standard","meta":[],"categories":[9],"tags":[],"_links":{"self":[{"href":"http:\/\/archiv.szolnoktv.hu\/index.php?rest_route=\/wp\/v2\/posts\/9024"}],"collection":[{"href":"http:\/\/archiv.szolnoktv.hu\/index.php?rest_route=\/wp\/v2\/posts"}],"about":[{"href":"http:\/\/archiv.szolnoktv.hu\/index.php?rest_route=\/wp\/v2\/types\/post"}],"author":[{"embeddable":true,"href":"http:\/\/archiv.szolnoktv.hu\/index.php?rest_route=\/wp\/v2\/users\/2"}],"replies":[{"embeddable":true,"href":"http:\/\/archiv.szolnoktv.hu\/index.php?rest_route=%2Fwp%2Fv2%2Fcomments&post=9024"}],"version-history":[{"count":1,"href":"http:\/\/archiv.szolnoktv.hu\/index.php?rest_route=\/wp\/v2\/posts\/9024\/revisions"}],"predecessor-version":[{"id":9071,"href":"http:\/\/archiv.szolnoktv.hu\/index.php?rest_route=\/wp\/v2\/posts\/9024\/revisions\/9071"}],"wp:attachment":[{"href":"http:\/\/archiv.szolnoktv.hu\/index.php?rest_route=%2Fwp%2Fv2%2Fmedia&parent=9024"}],"wp:term":[{"taxonomy":"category","embeddable":true,"href":"http:\/\/archiv.szolnoktv.hu\/index.php?rest_route=%2Fwp%2Fv2%2Fcategories&post=9024"},{"taxonomy":"post_tag","embeddable":true,"href":"http:\/\/archiv.szolnoktv.hu\/index.php?rest_route=%2Fwp%2Fv2%2Ftags&post=9024"}],"curies":[{"name":"wp","href":"https:\/\/api.w.org\/{rel}","templated":true}]}}