{"id":9023,"date":"2018-05-16T18:08:07","date_gmt":"2018-05-16T18:08:07","guid":{"rendered":"http:\/\/archiv.szolnoktv.hu\/?p=9023"},"modified":"2021-08-14T14:10:31","modified_gmt":"2021-08-14T14:10:31","slug":"kozeleg-az-szja-bevallas-hatarideje","status":"publish","type":"post","link":"http:\/\/archiv.szolnoktv.hu\/?p=9023","title":{"rendered":"K\u00f6zeleg az Szja-bevall\u00e1s hat\u00e1rideje"},"content":{"rendered":"<div class='booster-block booster-read-block'><\/div><p>A legt\u00f6bben szja-bevall\u00e1suk elk\u00e9sz\u00edt\u00e9se, illetve lead\u00e1sa miatt \u00e9rkeztek ma is a Nemzeti Ad\u00f3 \u00e9s V\u00e1mhivatal szolnoki \u00e9p\u00fclet\u00e9be. \u00c1prilis v\u00e9g\u00e9ig a NAV-t\u00f3l 800 ezren kapt\u00e1k meg bevall\u00e1si tervezet\u00fcket. M\u00e1jus 22. ut\u00e1n a tervezet automatikusan bevall\u00e1ss\u00e1 v\u00e1lik, azoknak, akik a benne foglaltakkal egyet\u00e9rtenek. Ez al\u00f3l csak az \u0151stermel\u0151k \u00e9s \u00e1f\u00e1s mag\u00e1nszem\u00e9lyek kiv\u00e9telek. <\/p>\n<p>-Orsz\u00e1gosan 800 ezer tervezet ment ki az ad\u00f3z\u00f3khoz egy kieg\u00e9sz\u00edt\u0151 lappal vagy pedig egy t\u00e1j\u00e9koztat\u00f3 lev\u00e9llel. Azt a levelet \u00e9rdemes elolvasni, \u00e1ttekinteni. Ha abban olyan feladata van az ad\u00f3z\u00f3nak, ami azt jelenti, hogy ki kell eg\u00e9sz\u00edtenie ezt a bevall\u00e1si tervezetet vagy valamilyen adatot m\u00e9g meg kell adnia. Milyenek lehetnek ezek, pl.: akinek visszat\u00e9r\u00edthet\u0151 ad\u00f3ja keletkezett, annak meg kell hat\u00e1rozni, hogy ezt hova k\u00e9ri vissza, postai c\u00edmre k\u00e9ri vagy banksz\u00e1ml\u00e1ra. Akinek befizetni val\u00f3 ad\u00f3ja maradt az v\u00e1laszthat 6 havi r\u00e9szletfizet\u00e9st, ha ez az \u00f6ssze nagyobb akkor azt gondolom ez a k\u00f6nny\u00edt\u00e9s j\u00f3l j\u00f6n minden ad\u00f3z\u00f3 sz\u00e1m\u00e1ra.&#8221;- mondta Cs\u00e1nyi P\u00e9ter NAV megyei oszt\u00e1lyvezet\u0151je.<\/p>\n<p>A szem\u00e9lyi j\u00f6vedelem ad\u00f3 bevall\u00e1sa az eddigi \u00e9vekhez hasonl\u00f3an t\u00f6rt\u00e9nik. V\u00e1ltoz\u00e1s az 1%-os felaj\u00e1nl\u00e1sokban tapasztalhat\u00f3. Akik maguk k\u00e9sz\u00edtik el bevall\u00e1sukat vagy tervezetet fogadnak el, illetve azok az egy\u00e9ni v\u00e1llalkoz\u00f3k, akik febru\u00e1rban nem nyilatkoztak ad\u00f3juk 1+1%-r\u00f3l m\u00e1jus 22-\u00e9n \u00e9gf\u00e9lig tehetik meg. <\/p>\n<p>-Ett\u0151l az \u00e9vt\u0151l kezdve, aki egyh\u00e1zi 1%-ot aj\u00e1nl fel, annak nem kell a tov\u00e1bbi \u00e9vekben v\u00e1ltoztatnia ezen. Teh\u00e1t nem kell minden \u00e9vben \u00fajra beadni. Az az egyh\u00e1zi 1% az \u0151 \u00e1ltala kezdem\u00e9nyezett m\u00f3dos\u00edt\u00e1sig, visszavon\u00e1s\u00e1ig \u00e9rv\u00e9nyben marad. Ez nem vonatkozik a civil szervezetekre.&#8221;-tette hozz\u00e1 Cs\u00e1nyi P\u00e9ter.<\/p>\n<p>Az \u00fcgyf\u00e9lkapuval rendelkez\u0151k bevall\u00e1sukat elektronikus \u00faton is bek\u00fcldhetik. Akik nem rendelkeznek vele postai \u00faton vagy szem\u00e9lyesen int\u00e9zhetik el szja-bevall\u00e1sukat. Szolnokon az \u00fcgyf\u00e9lszolg\u00e1lat minden nap este 6 \u00f3r\u00e1ig, m\u00e1jus 22-\u00e9n pedig este 8 \u00f3r\u00e1ig v\u00e1rja az ad\u00f3z\u00f3kat.<br \/>\n<br \/>\n<div style=\"width: 640px;\" class=\"wp-video\"><!--[if lt IE 9]><script>document.createElement('video');<\/script><![endif]-->\n<video class=\"wp-video-shortcode\" id=\"video-9023-1\" width=\"640\" height=\"360\" preload=\"metadata\" controls=\"controls\"><source type=\"video\/mp4\" src=\"\/spots\/hir\/hir_180516_04.mp4?_=1\" \/><a href=\"\/spots\/hir\/hir_180516_04.mp4\">\/spots\/hir\/hir_180516_04.mp4<\/a><\/video><\/div><\/p>\n","protected":false},"excerpt":{"rendered":"<p>A legt\u00f6bben szja-bevall\u00e1suk elk\u00e9sz\u00edt\u00e9se, illetve lead\u00e1sa miatt \u00e9rkeztek ma is a Nemzeti Ad\u00f3 \u00e9s V\u00e1mhivatal szolnoki \u00e9p\u00fclet\u00e9be. \u00c1prilis v\u00e9g\u00e9ig a NAV-t\u00f3l 800 ezren kapt\u00e1k meg bevall\u00e1si tervezet\u00fcket. M\u00e1jus 22. ut\u00e1n a tervezet automatikusan bevall\u00e1ss\u00e1 v\u00e1lik, azoknak, akik a benne foglaltakkal egyet\u00e9rtenek. Ez al\u00f3l csak az \u0151stermel\u0151k \u00e9s \u00e1f\u00e1s mag\u00e1nszem\u00e9lyek kiv\u00e9telek. -Orsz\u00e1gosan 800 ezer tervezet ment [&hellip;]<\/p>\n","protected":false},"author":2,"featured_media":0,"comment_status":"closed","ping_status":"closed","sticky":false,"template":"","format":"standard","meta":[],"categories":[9],"tags":[],"_links":{"self":[{"href":"http:\/\/archiv.szolnoktv.hu\/index.php?rest_route=\/wp\/v2\/posts\/9023"}],"collection":[{"href":"http:\/\/archiv.szolnoktv.hu\/index.php?rest_route=\/wp\/v2\/posts"}],"about":[{"href":"http:\/\/archiv.szolnoktv.hu\/index.php?rest_route=\/wp\/v2\/types\/post"}],"author":[{"embeddable":true,"href":"http:\/\/archiv.szolnoktv.hu\/index.php?rest_route=\/wp\/v2\/users\/2"}],"replies":[{"embeddable":true,"href":"http:\/\/archiv.szolnoktv.hu\/index.php?rest_route=%2Fwp%2Fv2%2Fcomments&post=9023"}],"version-history":[{"count":1,"href":"http:\/\/archiv.szolnoktv.hu\/index.php?rest_route=\/wp\/v2\/posts\/9023\/revisions"}],"predecessor-version":[{"id":9072,"href":"http:\/\/archiv.szolnoktv.hu\/index.php?rest_route=\/wp\/v2\/posts\/9023\/revisions\/9072"}],"wp:attachment":[{"href":"http:\/\/archiv.szolnoktv.hu\/index.php?rest_route=%2Fwp%2Fv2%2Fmedia&parent=9023"}],"wp:term":[{"taxonomy":"category","embeddable":true,"href":"http:\/\/archiv.szolnoktv.hu\/index.php?rest_route=%2Fwp%2Fv2%2Fcategories&post=9023"},{"taxonomy":"post_tag","embeddable":true,"href":"http:\/\/archiv.szolnoktv.hu\/index.php?rest_route=%2Fwp%2Fv2%2Ftags&post=9023"}],"curies":[{"name":"wp","href":"https:\/\/api.w.org\/{rel}","templated":true}]}}