{"id":9022,"date":"2018-05-16T18:04:11","date_gmt":"2018-05-16T18:04:11","guid":{"rendered":"http:\/\/archiv.szolnoktv.hu\/?p=9022"},"modified":"2021-08-14T14:10:31","modified_gmt":"2021-08-14T14:10:31","slug":"2018-vegeig-126-kilometer-utat-ujitanak-fel-a-megyeben","status":"publish","type":"post","link":"http:\/\/archiv.szolnoktv.hu\/?p=9022","title":{"rendered":"2018 v\u00e9g\u00e9ig 126 kilom\u00e9ter utat \u00faj\u00edtanak fel a megy\u00e9ben"},"content":{"rendered":"<div class='booster-block booster-read-block'><\/div><p>&#8216;<\/p>\n<p>T\u00f6bb olyan 3-\u00e9s 4 jegy\u0171 \u00fat is van a megy\u00e9ben, amelyek burkolat\u00e1n gyakorlatilag csak l\u00e9p\u00e9sben lehet haladni az \u00fathib\u00e1k miatt. Az elm\u00falt \u00e9vekben megyeszerte voltak m\u00e1r fel\u00faj\u00edt\u00e1sok, viszont az \u00fath\u00e1l\u00f3zat \u00e1llapota a jelent\u0151s terhel\u00e9s miatt folyamatosan romlik.<\/p>\n<p>Boldog Istv\u00e1n, orsz\u00e1ggy\u0171l\u00e9si k\u00e9pvisel\u0151 r\u00e1mutatott &#8211; -Ezek az utak a &#038;#8217<br \/>\n<br \/>\n80-as \u00e9vekben k\u00e9sz\u00fcltek, ha belegondolnak abba, hogy akkor milyen j\u00e1rm\u0171vek j\u00e1rtak az utakon  &#8211;  ZIL, IFA teheraut\u00f3, tal\u00e1n a legnehezebb ilyen j\u00e1rm\u0171 a komb\u00e1jn volt, ami ezeken v\u00e9gig ment. Bizony az alapjai nem a mai hatalmas Scania \u00e9s Mercedes kamionokra k\u00e9sz\u00fcltek. Akkor elvitt egy kamion mondjuk 10 tonn\u00e1t, ma meg elvisz 40 tonn\u00e1t. Gyakorlatilag sz\u00e9ttaposs\u00e1k az utakat.&#8221;<\/p>\n<p>A m\u00e1r folyamatban l\u00e9v\u0151, vagy hamarosan elindul\u00f3 fel\u00faj\u00edt\u00e1sok a teljes megy\u00e9t \u00e9rintik. A t\u00f6bbi k\u00f6z\u00f6tt a 32-es \u00e9s 34-es, a 46-os, a 402-es, a 442-es \u00e9s a 3224-es utak t\u00f6bb kilom\u00e9ter\u00e9t is tartalmazza a fejleszt\u00e9s. A megye egyik legfontosabb \u00fatj\u00e1n, a 4-es f\u0151\u00faton is t\u00f6bb helyen kezd\u0151dnek majd szakszos fel\u00faj\u00edt\u00e1sok az \u00e9v h\u00e1tralev\u0151 r\u00e9sz\u00e9ben. <\/p>\n<p>Dr. K\u00e1llai M\u00e1ria, orsz\u00e1ggy\u0171l\u00e9si k\u00e9pvisel\u0151 al\u00e1h\u00fazta &#8211; -A 4-es gyorsforgalmi \u00fat \u00e9p\u00edt\u00e9s\u00e9vel, \u00e1tad\u00e1s\u00e1val az a gazdas\u00e1gi vonzer\u0151 meggy\u0151z\u0151d\u00e9sem, hogy az eg\u00e9sz megy\u00e9t fogja szolg\u00e1lni egyr\u00e9szt, m\u00e1sr\u00e9szt pedig nyilv\u00e1nval\u00f3, hogy a gyorsforgalmi \u00fat csatlakozik azokhoz a kisebb utakhoz, ahonnan az emberek mennek dolgozni. Azt hiszem, hogy az \u00fat k\u00e9rd\u00e9se ebben az id\u0151szakban nagyon fontos.&#8221; <\/p>\n<p>A tervek szerint az \u00e9v v\u00e9g\u00e9ig JNSZ megy\u00e9ben mintegy 126 kilom\u00e9ter k\u00f6zutat \u00faj\u00edtanak fel 10,5 milli\u00e1rd forintb\u00f3l. A beruh\u00e1z\u00e1s egy r\u00e9sz\u00e9nek forr\u00e1sait a Ter\u00fclet- \u00e9s Telep\u00fcl\u00e9sfejleszt\u00e9si Operat\u00edv Program biztos\u00edtja. A 2,5 milli\u00e1rd forint Uni\u00f3s p\u00e9nzb\u0151l 10 munkater\u00fcleten 46 kilom\u00e9ter utat \u00faj\u00edtanak fel. A hazai, korm\u00e1nyzati, \u00f6sszesen 100 milli\u00e1rd forintnyi forr\u00e1sb\u00f3l pedig a megye 20 helysz\u00edn\u00e9n 80 kilom\u00e9ter \u00fat lesz korszer\u0171s\u00edtve. <\/p>\n<p>-A hazai 100 milli\u00e1rd forintos keret terh\u00e9re 79,5 km \u00fatburkolat tud meg\u00fajulni, ennek az \u00f6ssz\u00e9rt\u00e9ke 8,8 milli\u00e1rd forint lenne. Itt 5 helysz\u00ednen m\u00e1r megy a munka \u00e9s h\u00e1tra van m\u00e9g 15.&#8221;  &#8211; mondta V\u00e1ntsa Zolt\u00e1n, a Magyar K\u00f6z\u00fat Nonprofit Zrt. JNSZ megyei igazgat\u00f3ja<\/p>\n<p>A szakemberek szerint az \u00f6sszes fel\u00faj\u00edt\u00e1s befejez\u0151dhet m\u00e9g 2018-ban, illetve olyan ter\u00fcletek is vannak  &#8211;  p\u00e9ld\u00e1ul a 32-es Abony-Szolnok k\u00f6z\u00f6tti szakasza-, ahol m\u00e1r befejez\u0151d\u00f6tt a munka. A mostani adatok alapj\u00e1n kicsi az es\u00e9lye, de a Magyar K\u00f6z\u00fat Zrt. arra is felk\u00e9sz\u00fclt, ha n\u00e9h\u00e1ny szakasz \u00e1tad\u00e1sa 2019-re cs\u00faszna. A fel\u00faj\u00edt\u00e1sok kivitelez\u0151i a Strabel Konzorcium \u00e9s a Swietelsky Magyarorsz\u00e1g Kft.  &#8216;<\/p>\n","protected":false},"excerpt":{"rendered":"<p>&#8216; T\u00f6bb olyan 3-\u00e9s 4 jegy\u0171 \u00fat is van a megy\u00e9ben, amelyek burkolat\u00e1n gyakorlatilag csak l\u00e9p\u00e9sben lehet haladni az \u00fathib\u00e1k miatt. Az elm\u00falt \u00e9vekben megyeszerte voltak m\u00e1r fel\u00faj\u00edt\u00e1sok, viszont az \u00fath\u00e1l\u00f3zat \u00e1llapota a jelent\u0151s terhel\u00e9s miatt folyamatosan romlik. Boldog Istv\u00e1n, orsz\u00e1ggy\u0171l\u00e9si k\u00e9pvisel\u0151 r\u00e1mutatott &#8211; -Ezek az utak a &#038;#8217 80-as \u00e9vekben k\u00e9sz\u00fcltek, ha belegondolnak abba, [&hellip;]<\/p>\n","protected":false},"author":2,"featured_media":0,"comment_status":"closed","ping_status":"closed","sticky":false,"template":"","format":"standard","meta":[],"categories":[9],"tags":[],"_links":{"self":[{"href":"http:\/\/archiv.szolnoktv.hu\/index.php?rest_route=\/wp\/v2\/posts\/9022"}],"collection":[{"href":"http:\/\/archiv.szolnoktv.hu\/index.php?rest_route=\/wp\/v2\/posts"}],"about":[{"href":"http:\/\/archiv.szolnoktv.hu\/index.php?rest_route=\/wp\/v2\/types\/post"}],"author":[{"embeddable":true,"href":"http:\/\/archiv.szolnoktv.hu\/index.php?rest_route=\/wp\/v2\/users\/2"}],"replies":[{"embeddable":true,"href":"http:\/\/archiv.szolnoktv.hu\/index.php?rest_route=%2Fwp%2Fv2%2Fcomments&post=9022"}],"version-history":[{"count":1,"href":"http:\/\/archiv.szolnoktv.hu\/index.php?rest_route=\/wp\/v2\/posts\/9022\/revisions"}],"predecessor-version":[{"id":9073,"href":"http:\/\/archiv.szolnoktv.hu\/index.php?rest_route=\/wp\/v2\/posts\/9022\/revisions\/9073"}],"wp:attachment":[{"href":"http:\/\/archiv.szolnoktv.hu\/index.php?rest_route=%2Fwp%2Fv2%2Fmedia&parent=9022"}],"wp:term":[{"taxonomy":"category","embeddable":true,"href":"http:\/\/archiv.szolnoktv.hu\/index.php?rest_route=%2Fwp%2Fv2%2Fcategories&post=9022"},{"taxonomy":"post_tag","embeddable":true,"href":"http:\/\/archiv.szolnoktv.hu\/index.php?rest_route=%2Fwp%2Fv2%2Ftags&post=9022"}],"curies":[{"name":"wp","href":"https:\/\/api.w.org\/{rel}","templated":true}]}}