{"id":9021,"date":"2018-05-16T17:58:43","date_gmt":"2018-05-16T17:58:43","guid":{"rendered":"http:\/\/archiv.szolnoktv.hu\/?p=9021"},"modified":"2021-08-14T14:10:31","modified_gmt":"2021-08-14T14:10:31","slug":"kozteruletek-viragositasa","status":"publish","type":"post","link":"http:\/\/archiv.szolnoktv.hu\/?p=9021","title":{"rendered":"K\u00f6zter\u00fcletek vir\u00e1gos\u00edt\u00e1sa"},"content":{"rendered":"<div class='booster-block booster-read-block'><\/div><p>Minden ny\u00e1ron nagy fel\u00fcletek vannak vir\u00e1ggal be\u00fcltetve Szolnokon. \u00c1ltal\u00e1ban m\u00e1jus els\u0151 fel\u00e9ben szokott a vir\u00e1gos\u00edt\u00e1s elkezd\u0151dni. Ebben az \u00e9vben azonban m\u00e1jus 14-\u00e9n, h\u00e9tf\u0151n kezdhett\u00e9k el a munk\u00e1t, ugyanis az id\u0151j\u00e1r\u00e1s nem kedvezett a n\u00f6v\u00e9nyek fejl\u0151d\u00e9s\u00e9nek.<\/p>\n<p>-El\u0151d \u00fati telephely\u00fcnk\u00f6n \u00e1ll\u00edtjuk el\u0151 a n\u00f6v\u00e9nyeket, amelyek a v\u00e1rosi k\u00f6zter\u00fcletekre ker\u00fclnek \u00e9s most egy \u00faj attrakci\u00f3 is k\u00e9sz\u00fcl a v\u00e1rosban: 11, \u00fagy nevezett vir\u00e1gtornyot fogunk kihelyezni. Els\u0151 sorba a belv\u00e1rosba, a Kossuth-t\u00e9rre, ezek be\u00fcltet\u00e9se folyik most a n\u00f6v\u00e9nyekkel. A kor\u00e1bbi \u00e9vekben megszokott vir\u00e1goszlopok is ki fognak ker\u00fclni, m\u00e1shova, mint, ahol eddig voltak, els\u0151 sorban k\u00f6zint\u00e9zm\u00e9nyek bej\u00e1ratai el\u00e9.&#8221;-mondta Fodor Gy\u00f6rgy, a Munkalehet\u0151s\u00e9g a J\u00f6v\u0151\u00e9rt Nonprofit Kft. igazgat\u00f3ja.<\/p>\n<p>A k\u00f6zel 200 kilogrammos vir\u00e1goszlopok a Kossuth-t\u00e9r sz\u00f6k\u0151k\u00fatjai k\u00f6r\u00fcl kapnak helyet. Ezekbe olyan fajt\u00e1t \u00fcltetnek, amely j\u00f3l b\u00edrja a sz\u00e1razs\u00e1got \u00e9s az er\u0151s naps\u00fct\u00e9st.<\/p>\n<p>Bol\u00edviai beg\u00f3ni\u00e1k ker\u00fclnek az oszlopokba. A fels\u0151 sor feh\u00e9r lesz, a k\u00e9t als\u00f3 sor pedig piros.&#8221;<br \/>Angel\u00f3nia, vir\u00e1gcsal\u00e1n, paprikavir\u00e1g, k\u00e1nna \u00e9s kakastar\u00e9j is helyet kap a belv\u00e1ros parkjaiban. Az eszt\u00e9tikus  l\u00e1tv\u00e1ny \u00e9rdek\u00e9ben a ki\u00fcltet\u00e9si tervek m\u00e1r tavaly \u0151sszel elk\u00e9sz\u00fcltek. Ebben a form\u00e1kat, sz\u00edneket \u00e9s vir\u00e1gfajt\u00e1kat is szak\u00e9rt\u0151k hat\u00e1rozt\u00e1k meg.<\/p>\n<p>-Itt, a Verseghy-parkban szoktunk kezdeni, de sz\u00e9pen haladunk. H\u00e1rom h\u00e9t alatt v\u00e9gig fogunk \u00e9rni, h\u00e1rom \u00e9s f\u00e9l h\u00e9t alatt a v\u00e1ros eg\u00e9sz ter\u00fclet\u00e9n \u00e9s ahol az emberek megszokt\u00e1k, hogy sz\u00e9p vir\u00e1gfel\u00fclet v\u00e1rja \u0151ket ny\u00e1ron, ez az id\u00e9n is \u00edgy lesz. A 40.000 t\u0151nek t\u00f6bb, mint a fele ide ker\u00fcl a Tisza k\u00f6zel\u00e9be: a Verseghy-park, R\u00f3zsakert \u00e9s az \u00faj, Angolkert r\u00e9szre.<\/p>\n<p>A belv\u00e1ros k\u00f6ztereire, a Sz\u00e9chenyi Lak\u00f3telepre, a J\u00f3zsef Attila Lak\u00f3telepre \u00e9s  Szandasz\u0151l\u0151sre is ker\u00fclnek a sz\u00ednes vir\u00e1gokb\u00f3l. A V\u00e1ros\u00fczemeltet\u00e9si Oszt\u00e1ly \u00fctemterve szerint a vir\u00e1gos\u00edt\u00e1si program m\u00e1jus v\u00e9g\u00e9ig tart.<\/p>\n<div style=\"width: 640px;\" class=\"wp-video\"><!--[if lt IE 9]><script>document.createElement('video');<\/script><![endif]-->\n<video class=\"wp-video-shortcode\" id=\"video-9021-1\" width=\"640\" height=\"360\" preload=\"metadata\" controls=\"controls\"><source type=\"video\/mp4\" src=\"\/spots\/hir\/hir_180516_01.mp4?_=1\" \/><a href=\"\/spots\/hir\/hir_180516_01.mp4\">\/spots\/hir\/hir_180516_01.mp4<\/a><\/video><\/div>\n","protected":false},"excerpt":{"rendered":"<p>Minden ny\u00e1ron nagy fel\u00fcletek vannak vir\u00e1ggal be\u00fcltetve Szolnokon. \u00c1ltal\u00e1ban m\u00e1jus els\u0151 fel\u00e9ben szokott a vir\u00e1gos\u00edt\u00e1s elkezd\u0151dni. Ebben az \u00e9vben azonban m\u00e1jus 14-\u00e9n, h\u00e9tf\u0151n kezdhett\u00e9k el a munk\u00e1t, ugyanis az id\u0151j\u00e1r\u00e1s nem kedvezett a n\u00f6v\u00e9nyek fejl\u0151d\u00e9s\u00e9nek. -El\u0151d \u00fati telephely\u00fcnk\u00f6n \u00e1ll\u00edtjuk el\u0151 a n\u00f6v\u00e9nyeket, amelyek a v\u00e1rosi k\u00f6zter\u00fcletekre ker\u00fclnek \u00e9s most egy \u00faj attrakci\u00f3 is k\u00e9sz\u00fcl a [&hellip;]<\/p>\n","protected":false},"author":2,"featured_media":0,"comment_status":"closed","ping_status":"closed","sticky":false,"template":"","format":"standard","meta":[],"categories":[9],"tags":[],"_links":{"self":[{"href":"http:\/\/archiv.szolnoktv.hu\/index.php?rest_route=\/wp\/v2\/posts\/9021"}],"collection":[{"href":"http:\/\/archiv.szolnoktv.hu\/index.php?rest_route=\/wp\/v2\/posts"}],"about":[{"href":"http:\/\/archiv.szolnoktv.hu\/index.php?rest_route=\/wp\/v2\/types\/post"}],"author":[{"embeddable":true,"href":"http:\/\/archiv.szolnoktv.hu\/index.php?rest_route=\/wp\/v2\/users\/2"}],"replies":[{"embeddable":true,"href":"http:\/\/archiv.szolnoktv.hu\/index.php?rest_route=%2Fwp%2Fv2%2Fcomments&post=9021"}],"version-history":[{"count":1,"href":"http:\/\/archiv.szolnoktv.hu\/index.php?rest_route=\/wp\/v2\/posts\/9021\/revisions"}],"predecessor-version":[{"id":9074,"href":"http:\/\/archiv.szolnoktv.hu\/index.php?rest_route=\/wp\/v2\/posts\/9021\/revisions\/9074"}],"wp:attachment":[{"href":"http:\/\/archiv.szolnoktv.hu\/index.php?rest_route=%2Fwp%2Fv2%2Fmedia&parent=9021"}],"wp:term":[{"taxonomy":"category","embeddable":true,"href":"http:\/\/archiv.szolnoktv.hu\/index.php?rest_route=%2Fwp%2Fv2%2Fcategories&post=9021"},{"taxonomy":"post_tag","embeddable":true,"href":"http:\/\/archiv.szolnoktv.hu\/index.php?rest_route=%2Fwp%2Fv2%2Ftags&post=9021"}],"curies":[{"name":"wp","href":"https:\/\/api.w.org\/{rel}","templated":true}]}}