{"id":9020,"date":"2018-05-15T18:23:15","date_gmt":"2018-05-15T18:23:15","guid":{"rendered":"http:\/\/archiv.szolnoktv.hu\/?p=9020"},"modified":"2021-08-14T14:10:31","modified_gmt":"2021-08-14T14:10:31","slug":"vizugyi-palyazat-esozesre","status":"publish","type":"post","link":"http:\/\/archiv.szolnoktv.hu\/?p=9020","title":{"rendered":"V\u00edz\u00fcgyi p\u00e1ly\u00e1zat es\u0151z\u00e9sre"},"content":{"rendered":"<div class='booster-block booster-read-block'><\/div><p>&#8220;RAINMAN&#8221;- a legt\u00f6bb n\u00e9z\u0151nek bizony\u00e1ra a h\u00edres film jut esz\u00e9be, \u00e1m most nem err\u0151l van sz\u00f3. A Sz\u00e1szorsz\u00e1gi mentor\u00e1l\u00e1s alatt fut\u00f3 eur\u00f3pai uni\u00f3s v\u00edz\u00fcgyi projekt l\u00e9nyege, hogy haszn\u00e1lhat\u00f3 megold\u00e1sokat dolgozzon ki a partner szervezetekkel kar\u00f6ltve a hirtelen es\u0151z\u00e9sek nyom\u00e1n kialakul\u00f3 helyzetekre.<\/p>\n<p>&#8220;Heves es\u0151z\u00e9sek azok nagyon gyakran el\u0151fordulnak. N\u00e1lunk v\u00e9g\u00fcl is nem az a probl\u00e9ma mint hegyvid\u00e9ken ahol kil\u00e9p a mederb\u0151l a v\u00edz \u00e9s az okoz k\u00e1rokat- n\u00e1lunk nem akar bel\u00e9pni a mederbe a v\u00edz, teh\u00e1t a belvizi el\u00f6nt\u00e9sek azok jellemz\u0151en abb\u00f3l keletkeznek, hogy az \u00e9rintett medrek kapacit\u00e1sa j\u00f3val kisebb mint amekkora terhel\u00e9st kapnak egy id\u0151ben. Ezekre a helyzetekre pr\u00f3b\u00e1lunk kidolgozni \u00e1ltal\u00e1nos\u00edthat\u00f3 \u00e9s haszn\u00e1lhat\u00f3 megold\u00e1sokat.&#8221;- tudtuk meg Lovas Attil\u00e1t\u00f3l a K\u00d6TIVIZIG igazgat\u00f3j\u00e1t\u00f3l.<\/p>\n<p>A nemzetk\u00f6zi projekthez t\u00f6bb eur\u00f3pai orsz\u00e1g is csatlakozott. A Magyarorsz\u00e1got k\u00e9pvisel\u0151 K\u00f6z\u00e9p- Tisza- Vid\u00e9ki V\u00edz\u00fcgyi Igazgat\u00f3s\u00e1g m\u0171k\u00f6d\u00e9si ter\u00fclete azonban fekv\u00e9s\u00e9n\u00e9l fogva is kiemelt szerepet j\u00e1tszik.<\/p>\n<p>&#8220;A projektben hat orsz\u00e1g vesz r\u00e9szt \u00e9s az \u00f6sszes t\u00f6bbin\u00e9l jellemz\u0151en dombvid\u00e9ki, hegyvid\u00e9ki mintater\u00fcletek ker\u00fcltek bele a projektbe, a mi\u00e9nk \u00edgy eur\u00f3pai tekintetben is \u00e1ltal\u00e1nos\u00edthat\u00f3v\u00e1 teszi a tapasztalatokat mert \u00edgy m\u00e1r s\u00edkvid\u00e9ki ter\u00fcletek is a projekt r\u00e9sz\u00e9t k\u00e9pezik.&#8221;<\/p>\n<p>A h\u00e1rom \u00e9ves projektre 170 ezer Eur\u00f3t kapott a K\u00d6TIVIZIG. A p\u00e9nzb\u0151l egyebek mellett k\u00e9t mintaberuh\u00e1z\u00e1st val\u00f3s\u00edtanak majd meg.<\/p>\n<p>&#8220;Kett\u0151 mintater\u00fcletet tett\u00fcnk a projektbe. Az egyik Kunhegyes \u00e9s t\u00e9rs\u00e9ge. Teh\u00e1t itt egy csatorn\u00e1n egy m\u0171t\u00e1rgyat k\u00edv\u00e1nunk \u00e9p\u00edteni ami a v\u00edzvisszatart\u00e1ssal, t\u00e1roz\u00f3t\u00e9rrel seg\u00edtheti a lehull\u00f3 csapad\u00e9kok visszatart\u00e1s\u00e1t, elvezet\u00e9s\u00e9t, hasznos\u00edt\u00e1s\u00e1t, illetve Tiszak\u00e9cske van m\u00e9g benne ahol belter\u00fcleti csapad\u00e9krendez\u00e9s tervez\u00e9s\u00e9vel fogunk foglalkozni a projekten bel\u00fcl. Ez nem Szolnok megye, de a m\u0171k\u00f6d\u00e9si ter\u00fclet\u00fcnket \u00e9rinti.&#8221;<\/p>\n<p>Az adatok \u00e9s \u00f6tletek gy\u0171jt\u00e9s\u00e9t szolg\u00e1l\u00f3 k\u00e9rd\u0151\u00edv a K\u00d6TIVIZIG honlapj\u00e1r\u00f3l t\u00f6lthet\u0151 le. Az igazgat\u00f3s\u00e1g ezen k\u00edv\u00fcl szeretne egy olyan interneten friss\u00fcl\u0151 alkalmaz\u00e1st is k\u00e9sz\u00edttetni, ami a j\u00f6v\u0151ben seg\u00edtheti a belv\u00edz \u00e1ltal s\u00fajtott gazd\u00e1k \u00e9s \u00f6nkorm\u00e1nyzatok naprak\u00e9sz t\u00e1j\u00e9koztat\u00e1s\u00e1t.<br \/>\n<br \/>\n<div style=\"width: 640px;\" class=\"wp-video\"><!--[if lt IE 9]><script>document.createElement('video');<\/script><![endif]-->\n<video class=\"wp-video-shortcode\" id=\"video-9020-1\" width=\"640\" height=\"360\" preload=\"metadata\" controls=\"controls\"><source type=\"video\/mp4\" src=\"\/spots\/hir\/hir_180515_02.mp4?_=1\" \/><a href=\"\/spots\/hir\/hir_180515_02.mp4\">\/spots\/hir\/hir_180515_02.mp4<\/a><\/video><\/div><\/p>\n","protected":false},"excerpt":{"rendered":"<p>&#8220;RAINMAN&#8221;- a legt\u00f6bb n\u00e9z\u0151nek bizony\u00e1ra a h\u00edres film jut esz\u00e9be, \u00e1m most nem err\u0151l van sz\u00f3. A Sz\u00e1szorsz\u00e1gi mentor\u00e1l\u00e1s alatt fut\u00f3 eur\u00f3pai uni\u00f3s v\u00edz\u00fcgyi projekt l\u00e9nyege, hogy haszn\u00e1lhat\u00f3 megold\u00e1sokat dolgozzon ki a partner szervezetekkel kar\u00f6ltve a hirtelen es\u0151z\u00e9sek nyom\u00e1n kialakul\u00f3 helyzetekre. &#8220;Heves es\u0151z\u00e9sek azok nagyon gyakran el\u0151fordulnak. N\u00e1lunk v\u00e9g\u00fcl is nem az a probl\u00e9ma mint [&hellip;]<\/p>\n","protected":false},"author":2,"featured_media":0,"comment_status":"closed","ping_status":"closed","sticky":false,"template":"","format":"standard","meta":[],"categories":[9],"tags":[],"_links":{"self":[{"href":"http:\/\/archiv.szolnoktv.hu\/index.php?rest_route=\/wp\/v2\/posts\/9020"}],"collection":[{"href":"http:\/\/archiv.szolnoktv.hu\/index.php?rest_route=\/wp\/v2\/posts"}],"about":[{"href":"http:\/\/archiv.szolnoktv.hu\/index.php?rest_route=\/wp\/v2\/types\/post"}],"author":[{"embeddable":true,"href":"http:\/\/archiv.szolnoktv.hu\/index.php?rest_route=\/wp\/v2\/users\/2"}],"replies":[{"embeddable":true,"href":"http:\/\/archiv.szolnoktv.hu\/index.php?rest_route=%2Fwp%2Fv2%2Fcomments&post=9020"}],"version-history":[{"count":1,"href":"http:\/\/archiv.szolnoktv.hu\/index.php?rest_route=\/wp\/v2\/posts\/9020\/revisions"}],"predecessor-version":[{"id":9075,"href":"http:\/\/archiv.szolnoktv.hu\/index.php?rest_route=\/wp\/v2\/posts\/9020\/revisions\/9075"}],"wp:attachment":[{"href":"http:\/\/archiv.szolnoktv.hu\/index.php?rest_route=%2Fwp%2Fv2%2Fmedia&parent=9020"}],"wp:term":[{"taxonomy":"category","embeddable":true,"href":"http:\/\/archiv.szolnoktv.hu\/index.php?rest_route=%2Fwp%2Fv2%2Fcategories&post=9020"},{"taxonomy":"post_tag","embeddable":true,"href":"http:\/\/archiv.szolnoktv.hu\/index.php?rest_route=%2Fwp%2Fv2%2Ftags&post=9020"}],"curies":[{"name":"wp","href":"https:\/\/api.w.org\/{rel}","templated":true}]}}