{"id":9019,"date":"2018-05-15T18:16:26","date_gmt":"2018-05-15T18:16:26","guid":{"rendered":"http:\/\/archiv.szolnoktv.hu\/?p=9019"},"modified":"2021-08-14T14:10:32","modified_gmt":"2021-08-14T14:10:32","slug":"politikusok-koszontese","status":"publish","type":"post","link":"http:\/\/archiv.szolnoktv.hu\/?p=9019","title":{"rendered":"Politikusok k\u00f6sz\u00f6nt\u00e9se"},"content":{"rendered":"<div class='booster-block booster-read-block'><\/div><p>Az orsz\u00e1g polg\u00e1rai k\u00e9tharmados bizalmat szavaztak az Orb\u00e1n Viktor minisztereln\u00f6k \u00e1ltal vezetett korm\u00e1nynak. Ez az eredm\u00e9ny a maga nem\u00e9ben egyed\u00fcl\u00e1ll\u00f3 Eur\u00f3p\u00e1ban. Tegnap este a Szigligeti Sz\u00ednh\u00e1zban -t\u00f6bbek k\u00f6z\u00f6tt- a gy\u0151ztes politikusokat k\u00f6sz\u00f6nt\u00f6tt\u00e9k, valamint Szalay Ferenc \u00e9rt\u00e9kelte a v\u00e1laszt\u00e1s eredm\u00e9nyeit.<\/p>\n<p>-Nagyon fontos dolog, hogy \u00e9reztess\u00fck azt, hogy egy-egy ilyen v\u00e1laszt\u00e1si eredm\u00e9ny nem azon m\u00falik, hogy ki vehet\u0151 meg vagy ki nem, hanem azon m\u00falik, hogy a lelk\u00e9ben mi van. \u00c9s h\u00e1la az Istennek, nagyon sokan vannak, akiknek a lelk\u00e9ben az van, hogy ez a polg\u00e1ri, kereszt\u00e9ny, konzervat\u00edv vonal m\u0171k\u00f6dj\u00f6n a k\u00e9s\u0151bbiekben.&#8221;<\/p>\n<p> A Fidesz megyei eln\u00f6ke P\u00f3cs J\u00e1nost \u00e9s Dr. K\u00e1llai M\u00e1ri\u00e1t k\u00f6sz\u00f6nt\u00f6tte v\u00e1laszt\u00e1si gy\u0151zelme ok\u00e1n. <\/p>\n<p>-Nagyon nagyon komoly \u00e9s fontos dolog volt, hogy egy olyan embert tal\u00e1ljunk, aki ismert, aki elismert, aki m\u00e1r az asztalra tett le. Aki nev\u00e9vel, teljes\u00edtm\u00e9ny\u00e9vel, az \u00e9let\u00e9nek a munk\u00e1j\u00e1val oda tud l\u00e9pni, ahonnan Ildik\u00f3 kil\u00e9pett. Nagyon fontos volt, hogy megtal\u00e1ljuk ezt az embert. K\u00fcl\u00f6n k\u00f6sz\u00f6net K\u00e1llai Marik\u00e1nak az\u00e9rt, hogy ezt a feladatot v\u00e1llalta.&#8221;<\/p>\n<p> Szalay Ferenc kiemelte: Dr. K\u00e1llai M\u00e1ria az eddig r\u00e1b\u00edzott feladatokat maxim\u00e1lisan teljes\u00edtette. Iskolaigazgat\u00f3k\u00e9nt \u00e9s korm\u00e1nymegb\u00edzottk\u00e9nt is bizony\u00edtotta r\u00e1termetts\u00e9g\u00e9t. \u00cdgy k\u00e9ts\u00e9g nem f\u00e9rhet k\u00e9pess\u00e9geihez, elhivatotts\u00e1g\u00e1hoz, amit a parlamentben is kamatoztathat majd. Az \u00fcnneps\u00e9gen Farkas Fl\u00f3ri\u00e1n a Lungo Drom vezet\u0151je is besz\u00e9det mondott, amelyben megk\u00f6sz\u00f6nte a cig\u00e1nys\u00e1g kamp\u00e1ny sor\u00e1n v\u00e9gzett munk\u00e1j\u00e1t.<\/p>\n<div style=\"width: 640px;\" class=\"wp-video\"><!--[if lt IE 9]><script>document.createElement('video');<\/script><![endif]-->\n<video class=\"wp-video-shortcode\" id=\"video-9019-1\" width=\"640\" height=\"360\" preload=\"metadata\" controls=\"controls\"><source type=\"video\/mp4\" src=\"\/spots\/hir\/hir_180515_01.mp4?_=1\" \/><a href=\"\/spots\/hir\/hir_180515_01.mp4\">\/spots\/hir\/hir_180515_01.mp4<\/a><\/video><\/div>\n","protected":false},"excerpt":{"rendered":"<p>Az orsz\u00e1g polg\u00e1rai k\u00e9tharmados bizalmat szavaztak az Orb\u00e1n Viktor minisztereln\u00f6k \u00e1ltal vezetett korm\u00e1nynak. Ez az eredm\u00e9ny a maga nem\u00e9ben egyed\u00fcl\u00e1ll\u00f3 Eur\u00f3p\u00e1ban. Tegnap este a Szigligeti Sz\u00ednh\u00e1zban -t\u00f6bbek k\u00f6z\u00f6tt- a gy\u0151ztes politikusokat k\u00f6sz\u00f6nt\u00f6tt\u00e9k, valamint Szalay Ferenc \u00e9rt\u00e9kelte a v\u00e1laszt\u00e1s eredm\u00e9nyeit. -Nagyon fontos dolog, hogy \u00e9reztess\u00fck azt, hogy egy-egy ilyen v\u00e1laszt\u00e1si eredm\u00e9ny nem azon m\u00falik, hogy ki [&hellip;]<\/p>\n","protected":false},"author":2,"featured_media":0,"comment_status":"closed","ping_status":"closed","sticky":false,"template":"","format":"standard","meta":[],"categories":[9],"tags":[],"_links":{"self":[{"href":"http:\/\/archiv.szolnoktv.hu\/index.php?rest_route=\/wp\/v2\/posts\/9019"}],"collection":[{"href":"http:\/\/archiv.szolnoktv.hu\/index.php?rest_route=\/wp\/v2\/posts"}],"about":[{"href":"http:\/\/archiv.szolnoktv.hu\/index.php?rest_route=\/wp\/v2\/types\/post"}],"author":[{"embeddable":true,"href":"http:\/\/archiv.szolnoktv.hu\/index.php?rest_route=\/wp\/v2\/users\/2"}],"replies":[{"embeddable":true,"href":"http:\/\/archiv.szolnoktv.hu\/index.php?rest_route=%2Fwp%2Fv2%2Fcomments&post=9019"}],"version-history":[{"count":1,"href":"http:\/\/archiv.szolnoktv.hu\/index.php?rest_route=\/wp\/v2\/posts\/9019\/revisions"}],"predecessor-version":[{"id":9076,"href":"http:\/\/archiv.szolnoktv.hu\/index.php?rest_route=\/wp\/v2\/posts\/9019\/revisions\/9076"}],"wp:attachment":[{"href":"http:\/\/archiv.szolnoktv.hu\/index.php?rest_route=%2Fwp%2Fv2%2Fmedia&parent=9019"}],"wp:term":[{"taxonomy":"category","embeddable":true,"href":"http:\/\/archiv.szolnoktv.hu\/index.php?rest_route=%2Fwp%2Fv2%2Fcategories&post=9019"},{"taxonomy":"post_tag","embeddable":true,"href":"http:\/\/archiv.szolnoktv.hu\/index.php?rest_route=%2Fwp%2Fv2%2Ftags&post=9019"}],"curies":[{"name":"wp","href":"https:\/\/api.w.org\/{rel}","templated":true}]}}