{"id":9018,"date":"2018-05-15T18:10:22","date_gmt":"2018-05-15T18:10:22","guid":{"rendered":"http:\/\/archiv.szolnoktv.hu\/?p=9018"},"modified":"2021-08-14T14:10:32","modified_gmt":"2021-08-14T14:10:32","slug":"penzadomanyt-kapott-jandi-rita","status":"publish","type":"post","link":"http:\/\/archiv.szolnoktv.hu\/?p=9018","title":{"rendered":"P\u00e9nzadom\u00e1nyt kapott J\u00e1ndi Rita"},"content":{"rendered":"<div class='booster-block booster-read-block'><\/div><p>J\u00e1ndi Rit\u00e1t fogadt\u00e1k ma a Hum\u00e1n Szolg\u00e1ltat\u00f3 K\u00f6zpontban. \u00d6r\u00f6mh\u00edrrel v\u00e1rt\u00e1k, hiszen egy a neve elhallgat\u00e1s\u00e1t k\u00e9r\u0151 felaj\u00e1nl\u00f3t\u00f3l p\u00e9nzadom\u00e1nyt kapott.<\/p>\n<p>-A felaj\u00e1nl\u00f3kr\u00f3l annyit tudok elmondani, hogy \u0151k a program indul\u00e1sa \u00f3ta nyomon k\u00f6vetik a programot, a csal\u00e1dokat \u00e9s az \u0151 helyzet\u00fcket \u00e9s l\u00e1tt\u00e1k az \u00d6n bemutatkoz\u00f3 kisfilmj\u00e9t \u00e9s \u00fagy gondolt\u00e1k, hogy p\u00e9nzadom\u00e1nnyal szeretn\u00e9nek \u00d6n\u00f6k\u00f6n seg\u00edteni.&#8221;<\/p>\n<p>A kisfilm ut\u00e1n szinte r\u00f6gt\u00f6n \u00e9rkezett a felaj\u00e1nl\u00e1s  &#8211;   Rita kisl\u00e1ny Lotti ny\u00e1ri programj\u00e1t szeretn\u00e9 biztos\u00edtani ebb\u0151l az \u00f6sszegb\u0151l. K\u00e9zm\u0171ves angol t\u00e1bor \u00e9s \u00fasz\u00e1soktat\u00e1s  &#8211;   ez szerepel a k\u00edv\u00e1ns\u00e1glist\u00e1n. A bor\u00edt\u00e9kban lapul\u00f3 \u00f6sszeg mindezt fedezni fogja, Rita ugyanis 55.000 forintot kapott.<\/p>\n<p>-\u00daristen m\u00e9g remeg is a kezem!&#8221;  &#8211;   mondta J\u00e1ndi Rita.<\/p>\n<p>J\u00f3 helyre ker\u00fclt az adom\u00e1ny &#8211; Rita egyed\u00fcl neveli kisl\u00e1ny\u00e1t, ny\u00e1rit\u00e1borra pedig, ha nincs a seg\u00edts\u00e9g nem tellett volna.<\/p>\n<p>-En\u00e9lk\u00fcl nem tudtuk volna megval\u00f3s\u00edtani a gyermeknek ezt a nyarat, mivel m\u00e9g kicsi igaz\u00e1b\u00f3l nem tudja, hogy \u0151 mi\u00e9rt nem mehet, m\u00edg a m\u00e1sik gyerek megy t\u00e1borba. P\u00e9ld\u00e1ul \u00fasz\u00e1sn\u00e1l, hogy a t\u00f6bbiek tudnak, de \u0151 mi\u00e9rt nem tud.&#8221;  &#8211;   tette hozz\u00e1 Rita.<\/p>\n<p>Nem csak Rit\u00e1nak seg\u00edtettek, hanem a kor\u00e1bban bemutatott, daganatos betegs\u00e9ggel k\u00fczd\u0151 Juditnak is. <\/p>\n<p>-Sz\u00e1m\u00e1ra is \u00e9rkezett felaj\u00e1nl\u00e1s \u00e9s majd k\u00f6zvet\u00edteni fogjuk ezt az adom\u00e1nyt hozz\u00e1. Tudom\u00e1som szerint ezt most az \u00e9trendj\u00e9re szeretn\u00e9 ford\u00edtani, gy\u00f3gyte\u00e1kat rendelt, ami gy\u00f3gyuls\u00e1s\u00e1t rem\u00e9lhet\u0151leg el\u0151 fogja seg\u00edteni.&#8221;  &#8211;   mondta Kis Rita Koordin\u00e1tor, Szolnok Seg\u00edt Program<\/p>\n<p>Judit 60.000 forintot kapott a n\u00e9vtelen seg\u00edt\u0151kt\u0151l.<br \/>\n<br \/>\n<div style=\"width: 640px;\" class=\"wp-video\"><!--[if lt IE 9]><script>document.createElement('video');<\/script><![endif]-->\n<video class=\"wp-video-shortcode\" id=\"video-9018-1\" width=\"640\" height=\"360\" preload=\"metadata\" controls=\"controls\"><source type=\"video\/mp4\" src=\"\/spots\/hir\/hir_180515_04.mp4?_=1\" \/><a href=\"\/spots\/hir\/hir_180515_04.mp4\">\/spots\/hir\/hir_180515_04.mp4<\/a><\/video><\/div><\/p>\n","protected":false},"excerpt":{"rendered":"<p>J\u00e1ndi Rit\u00e1t fogadt\u00e1k ma a Hum\u00e1n Szolg\u00e1ltat\u00f3 K\u00f6zpontban. \u00d6r\u00f6mh\u00edrrel v\u00e1rt\u00e1k, hiszen egy a neve elhallgat\u00e1s\u00e1t k\u00e9r\u0151 felaj\u00e1nl\u00f3t\u00f3l p\u00e9nzadom\u00e1nyt kapott. -A felaj\u00e1nl\u00f3kr\u00f3l annyit tudok elmondani, hogy \u0151k a program indul\u00e1sa \u00f3ta nyomon k\u00f6vetik a programot, a csal\u00e1dokat \u00e9s az \u0151 helyzet\u00fcket \u00e9s l\u00e1tt\u00e1k az \u00d6n bemutatkoz\u00f3 kisfilmj\u00e9t \u00e9s \u00fagy gondolt\u00e1k, hogy p\u00e9nzadom\u00e1nnyal szeretn\u00e9nek \u00d6n\u00f6k\u00f6n seg\u00edteni.&#8221; A [&hellip;]<\/p>\n","protected":false},"author":2,"featured_media":0,"comment_status":"closed","ping_status":"closed","sticky":false,"template":"","format":"standard","meta":[],"categories":[9],"tags":[],"_links":{"self":[{"href":"http:\/\/archiv.szolnoktv.hu\/index.php?rest_route=\/wp\/v2\/posts\/9018"}],"collection":[{"href":"http:\/\/archiv.szolnoktv.hu\/index.php?rest_route=\/wp\/v2\/posts"}],"about":[{"href":"http:\/\/archiv.szolnoktv.hu\/index.php?rest_route=\/wp\/v2\/types\/post"}],"author":[{"embeddable":true,"href":"http:\/\/archiv.szolnoktv.hu\/index.php?rest_route=\/wp\/v2\/users\/2"}],"replies":[{"embeddable":true,"href":"http:\/\/archiv.szolnoktv.hu\/index.php?rest_route=%2Fwp%2Fv2%2Fcomments&post=9018"}],"version-history":[{"count":1,"href":"http:\/\/archiv.szolnoktv.hu\/index.php?rest_route=\/wp\/v2\/posts\/9018\/revisions"}],"predecessor-version":[{"id":9077,"href":"http:\/\/archiv.szolnoktv.hu\/index.php?rest_route=\/wp\/v2\/posts\/9018\/revisions\/9077"}],"wp:attachment":[{"href":"http:\/\/archiv.szolnoktv.hu\/index.php?rest_route=%2Fwp%2Fv2%2Fmedia&parent=9018"}],"wp:term":[{"taxonomy":"category","embeddable":true,"href":"http:\/\/archiv.szolnoktv.hu\/index.php?rest_route=%2Fwp%2Fv2%2Fcategories&post=9018"},{"taxonomy":"post_tag","embeddable":true,"href":"http:\/\/archiv.szolnoktv.hu\/index.php?rest_route=%2Fwp%2Fv2%2Ftags&post=9018"}],"curies":[{"name":"wp","href":"https:\/\/api.w.org\/{rel}","templated":true}]}}