{"id":9017,"date":"2018-05-15T18:06:52","date_gmt":"2018-05-15T18:06:52","guid":{"rendered":"http:\/\/archiv.szolnoktv.hu\/?p=9017"},"modified":"2021-08-14T14:10:32","modified_gmt":"2021-08-14T14:10:32","slug":"nevet-keresnek-szolnok-kabalajanak","status":"publish","type":"post","link":"http:\/\/archiv.szolnoktv.hu\/?p=9017","title":{"rendered":"Nevet keresnek Szolnok kabal\u00e1j\u00e1nak"},"content":{"rendered":"<div class='booster-block booster-read-block'><\/div><p>A V\u00e1rosmarketing \u00e9s Turisztikai Oszt\u00e1ly egyedi m\u00f3don n\u00e9pszer\u0171s\u00edti Szolnok v\u00e1ros\u00e1t. 2016 \u00f3ta K\u00f6z\u00e9p-Kelet Eur\u00f3pa leghosszabb gyalogh\u00eddja: a Tiszavir\u00e1g-h\u00edd szerepel a megyesz\u00e9khely log\u00f3j\u00e1n. Ugyanakkor a  t\u00f6rt\u00e9nelmi \u00e9rt\u00e9keket \u00e1polva az \u0151si c\u00edmerben szerepl\u0151 pelik\u00e1nmad\u00e1r most \u00faj form\u00e1t kapott. A terveket Debreczeni Ildik\u00f3, a v\u00e1ros kultur\u00e1lis d\u00edjasa k\u00e9sz\u00edtette el.<\/p>\n<p>-Nagyon fontos sz\u00e1munkra a Tiszavir\u00e1g-h\u00edd, mint az \u00faj log\u00f3nak az eleme. A v\u00e1rosim\u00e1zs szempontj\u00e1b\u00f3l kiemelked\u0151en fontosnak tartjuk, azonban a r\u00e9gi, k\u00f6z\u00e9pkori c\u00edmerhaszn\u00e1lat\u00e1t is szeretn\u00e9nk p\u00e1rhuzamosan alkalmazni ezzel az \u00faj v\u00e1ros log\u00f3val. Mindig szem el\u0151tt tartjuk, hogy a hagyom\u00e1nyos marketing megold\u00e1sok mellett az \u00faj, modern marketing megold\u00e1sokat is megvizsg\u00e1lhassuk \u00e9s \u00e9ppen ez\u00e9rt adta ez az \u00f6tletet, hogy a v\u00e1ros c\u00edmer\u00e9ben megjelen\u0151 pelik\u00e1n egy mindenki \u00e1ltal k\u00f6zkedvelt pl\u00fcssfigura k\u00e9p\u00e9ben \u00f6lts\u00f6n testet.&#8221; -nyilatkozta \u00d6hlbaum Emese, a V\u00e1rosmarketing \u00e9s Turisztikai Oszt\u00e1ly megb\u00edzott vezet\u0151je.<\/p>\n<p>A megyesz\u00e9khely c\u00edmere igen besz\u00e9des. A pelik\u00e1n jelenik meg rajta. A legenda szerint az emberek \u00fagy gondolt\u00e1k, a pelik\u00e1n anya saj\u00e1t v\u00e9r\u00e9vel t\u00e1pl\u00e1lta kicsinyeit.<\/p>\n<p>-Ez utalhat a r\u00e9gi id\u0151kre, hogy nem volt mindig ezen a vid\u00e9ken k\u00f6nny\u0171 \u00e9lni, hiszen a foly\u00f3k puszt\u00edt\u00e1sai, az \u00e1rvizek, az id\u0151j\u00e1r\u00e1s viszontags\u00e1gai, a t\u00f6r\u00f6k id\u0151k, a vil\u00e1gh\u00e1bor\u00fas neh\u00e9zs\u00e9gek, mind olyan neh\u00e9z id\u0151ket hoztak, amib\u0151l a v\u00e1rosnak talpra kellett \u00e1llni \u00e9s id\u0151r\u0151l id\u0151re meg\u00fajulni.&#8221;<\/p>\n<p>A lakoss\u00e1g seg\u00edts\u00e9g\u00e9t k\u00e9rik abban, hogy Szolnok c\u00edmer\u00e1llat\u00e1nak- amely most modern \u00f6lt\u00f6z\u00e9ket kapott  &#8211;   egy testhez\u00e1ll\u00f3 nevet tal\u00e1ljanak. A javaslatokat, \u00f6tleteket a marketing@ph.szolnok.hu e-mail c\u00edmre vagy Szolnok v\u00e1ros hivatalos Facebook oldal\u00e1n hozz\u00e1sz\u00f3l\u00e1sban v\u00e1rj\u00e1k. Az \u00f6tletel\u0151k k\u00f6z\u00f6tt kisorsolnak egy I love Szolnok pl\u00fcss pelik\u00e1nt. Ezt j\u00falius 2-t\u00f3l meg is lehet majd v\u00e1s\u00e1rolni az Agor\u00e1ban tal\u00e1lhat\u00f3 Tourinform Irod\u00e1ban.<\/p>\n<div style=\"width: 640px;\" class=\"wp-video\"><!--[if lt IE 9]><script>document.createElement('video');<\/script><![endif]-->\n<video class=\"wp-video-shortcode\" id=\"video-9017-1\" width=\"640\" height=\"360\" preload=\"metadata\" controls=\"controls\"><source type=\"video\/mp4\" src=\"\/spots\/hir\/hir_180515_06.mp4?_=1\" \/><a href=\"\/spots\/hir\/hir_180515_06.mp4\">\/spots\/hir\/hir_180515_06.mp4<\/a><\/video><\/div>\n","protected":false},"excerpt":{"rendered":"<p>A V\u00e1rosmarketing \u00e9s Turisztikai Oszt\u00e1ly egyedi m\u00f3don n\u00e9pszer\u0171s\u00edti Szolnok v\u00e1ros\u00e1t. 2016 \u00f3ta K\u00f6z\u00e9p-Kelet Eur\u00f3pa leghosszabb gyalogh\u00eddja: a Tiszavir\u00e1g-h\u00edd szerepel a megyesz\u00e9khely log\u00f3j\u00e1n. Ugyanakkor a t\u00f6rt\u00e9nelmi \u00e9rt\u00e9keket \u00e1polva az \u0151si c\u00edmerben szerepl\u0151 pelik\u00e1nmad\u00e1r most \u00faj form\u00e1t kapott. A terveket Debreczeni Ildik\u00f3, a v\u00e1ros kultur\u00e1lis d\u00edjasa k\u00e9sz\u00edtette el. -Nagyon fontos sz\u00e1munkra a Tiszavir\u00e1g-h\u00edd, mint az \u00faj log\u00f3nak [&hellip;]<\/p>\n","protected":false},"author":2,"featured_media":0,"comment_status":"closed","ping_status":"closed","sticky":false,"template":"","format":"standard","meta":[],"categories":[9],"tags":[],"_links":{"self":[{"href":"http:\/\/archiv.szolnoktv.hu\/index.php?rest_route=\/wp\/v2\/posts\/9017"}],"collection":[{"href":"http:\/\/archiv.szolnoktv.hu\/index.php?rest_route=\/wp\/v2\/posts"}],"about":[{"href":"http:\/\/archiv.szolnoktv.hu\/index.php?rest_route=\/wp\/v2\/types\/post"}],"author":[{"embeddable":true,"href":"http:\/\/archiv.szolnoktv.hu\/index.php?rest_route=\/wp\/v2\/users\/2"}],"replies":[{"embeddable":true,"href":"http:\/\/archiv.szolnoktv.hu\/index.php?rest_route=%2Fwp%2Fv2%2Fcomments&post=9017"}],"version-history":[{"count":1,"href":"http:\/\/archiv.szolnoktv.hu\/index.php?rest_route=\/wp\/v2\/posts\/9017\/revisions"}],"predecessor-version":[{"id":9078,"href":"http:\/\/archiv.szolnoktv.hu\/index.php?rest_route=\/wp\/v2\/posts\/9017\/revisions\/9078"}],"wp:attachment":[{"href":"http:\/\/archiv.szolnoktv.hu\/index.php?rest_route=%2Fwp%2Fv2%2Fmedia&parent=9017"}],"wp:term":[{"taxonomy":"category","embeddable":true,"href":"http:\/\/archiv.szolnoktv.hu\/index.php?rest_route=%2Fwp%2Fv2%2Fcategories&post=9017"},{"taxonomy":"post_tag","embeddable":true,"href":"http:\/\/archiv.szolnoktv.hu\/index.php?rest_route=%2Fwp%2Fv2%2Ftags&post=9017"}],"curies":[{"name":"wp","href":"https:\/\/api.w.org\/{rel}","templated":true}]}}