{"id":9015,"date":"2018-05-15T17:58:12","date_gmt":"2018-05-15T17:58:12","guid":{"rendered":"http:\/\/archiv.szolnoktv.hu\/?p=9015"},"modified":"2021-08-14T14:10:33","modified_gmt":"2021-08-14T14:10:33","slug":"a-termelok-orulnek-az-esonek","status":"publish","type":"post","link":"http:\/\/archiv.szolnoktv.hu\/?p=9015","title":{"rendered":"A termel\u0151k \u00f6r\u00fclnek az es\u0151nek"},"content":{"rendered":"<div class='booster-block booster-read-block'><\/div><p>-Ezen a f\u00f6ld\u00f6n is l\u00e1tsz\u00f3dik, hogy az asz\u00e1ly miatt nagyon rossz a kukorica kel\u00e9se&#8221;<\/p>\n<p>Olyan kukoricat\u00e1bl\u00e1kat mutat ez a karcagi gazd\u00e1lkod\u00f3, amelyekr\u0151l els\u0151 pillant\u00e1sra azt is neh\u00e9z meg\u00e1llap\u00edtani, hogy milyen n\u00f6v\u00e9nyt vetettek bele. D\u00e1niel Csaba azt mondja: \u00c1prilis elej\u00e9n m\u00e9g a belv\u00edzzel k\u00fczd\u00f6ttek, majd az elm\u00falt hetek k\u00e1nikul\u00e1ba fordul\u00f3 id\u0151j\u00e1r\u00e1sa okozott tov\u00e1bbi k\u00e1rokat a sarjad\u00f3 n\u00f6v\u00e9nyekben. <\/p>\n<p>-Nagyon rosszak lettek a tavaszi kel\u00e9sek, nem minden talajt tudtunk id\u0151ben lez\u00e1rni. Nagyon k\u00e9rgesek lettek, hiszen a meleg \u00e9s a sz\u00e9l az folyamatos \u00far lett itt n\u00e1lunk, s\u0151t k\u00e1nikulai napok j\u00f6ttek.&#8221;  &#8211; mondta D\u00e1niel Csaba, a KARCAGI CSERH\u00c1T Mez\u0151gazdas\u00e1gi Kft. \u00fcgyvezet\u0151 igazgat\u00f3ja<\/p>\n<p>A kedvez\u0151tlen id\u0151j\u00e1r\u00e1s hat\u00e1sai m\u00e1r \u00e9rz\u0151dnek, t\u00f6bb helyen ligetes, vagy elh\u00faz\u00f3d\u00f3 lett a kel\u00e9s, s\u0151t olyan ter\u00fcletek is vannak, ahol ki sem b\u00fajtak a n\u00f6v\u00e9nyek. A r\u00e9gi\u00f3 termel\u0151i jelenleg \u00fagy sz\u00e1molnak, hogy mintegy 50 mm csapad\u00e9k hi\u00e1nyzik a f\u00f6ldekb\u0151l. <\/p>\n<p>A ma d\u00e9lel\u0151tt \u00e1tvonul\u00f3 csapad\u00e9khull\u00e1m d\u00e9lut\u00e1nig k\u00f6zel 15 mm es\u0151t hozott mag\u00e1val, ami a n\u00f6v\u00e9nyek sz\u00e1m\u00e1ra \u00e9letment\u0151 is lehet  &#8211;   mondj\u00e1k a termel\u0151k. Arra sz\u00e1m\u00edtanak, hogyha m\u00e9g ugyanennyi csapad\u00e9k hull, akkor ha minim\u00e1lisan is, de cs\u00f6kkenhet az asz\u00e1lyb\u00f3l sz\u00e1rmaz\u00f3 k\u00e1r m\u00e9rt\u00e9ke.<\/p>\n<p>D\u00e1niel Csaba r\u00e1mutatott &#8211; -Azokat a n\u00f6v\u00e9nyeket, amelyek kor\u00e1n vir\u00e1goztak  &#8211;  repce, \u0151szib\u00faza-, azokn\u00e1l m\u00e1r l\u00e1tszik, hogy kevesebb term\u00e9s lesz. R\u00f6videbbek a repce-vessz\u0151k, kevesebb sz\u00e1m\u00fa mag van a bec\u0151ben, illetve r\u00f6videbbek a kal\u00e1szok az \u0151szi \u00e1rp\u00e1n\u00e1l. Azok a b\u00faz\u00e1k, amelyek most kal\u00e1szolnak, most kezdenek vir\u00e1gozni, ott m\u00e9g nem l\u00e1tjuk pontosan, hogy milyen kies\u00e9s lehet.&#8221;  <\/p>\n<p>A gazd\u00e1k sz\u00e1m\u00e1ra jelenleg nem marad m\u00e1s lehet\u0151s\u00e9g, mint a v\u00e9dekez\u00e9s \u00e9s a megel\u0151z\u00e9s: a szokottn\u00e1l m\u00e1r j\u00f3val kor\u00e1bban elkezdt\u00e9k a ny\u00e1ri \u00f6nt\u00f6z\u00e9shez sz\u00fcks\u00e9ges rendszerek ki\u00e9p\u00edt\u00e9s\u00e9t, a f\u00f6ldeken m\u00e1r most is l\u00e1tni az \u00f6nt\u00f6z\u0151dobokat \u00e9s a line\u00e1rokat is.<br \/>\n<br \/>\n<div style=\"width: 640px;\" class=\"wp-video\"><!--[if lt IE 9]><script>document.createElement('video');<\/script><![endif]-->\n<video class=\"wp-video-shortcode\" id=\"video-9015-1\" width=\"640\" height=\"360\" preload=\"metadata\" controls=\"controls\"><source type=\"video\/mp4\" src=\"\/spots\/hir\/hir_180515_05.mp4?_=1\" \/><a href=\"\/spots\/hir\/hir_180515_05.mp4\">\/spots\/hir\/hir_180515_05.mp4<\/a><\/video><\/div><\/p>\n","protected":false},"excerpt":{"rendered":"<p>-Ezen a f\u00f6ld\u00f6n is l\u00e1tsz\u00f3dik, hogy az asz\u00e1ly miatt nagyon rossz a kukorica kel\u00e9se&#8221; Olyan kukoricat\u00e1bl\u00e1kat mutat ez a karcagi gazd\u00e1lkod\u00f3, amelyekr\u0151l els\u0151 pillant\u00e1sra azt is neh\u00e9z meg\u00e1llap\u00edtani, hogy milyen n\u00f6v\u00e9nyt vetettek bele. D\u00e1niel Csaba azt mondja: \u00c1prilis elej\u00e9n m\u00e9g a belv\u00edzzel k\u00fczd\u00f6ttek, majd az elm\u00falt hetek k\u00e1nikul\u00e1ba fordul\u00f3 id\u0151j\u00e1r\u00e1sa okozott tov\u00e1bbi k\u00e1rokat a sarjad\u00f3 [&hellip;]<\/p>\n","protected":false},"author":2,"featured_media":0,"comment_status":"closed","ping_status":"closed","sticky":false,"template":"","format":"standard","meta":[],"categories":[9],"tags":[],"_links":{"self":[{"href":"http:\/\/archiv.szolnoktv.hu\/index.php?rest_route=\/wp\/v2\/posts\/9015"}],"collection":[{"href":"http:\/\/archiv.szolnoktv.hu\/index.php?rest_route=\/wp\/v2\/posts"}],"about":[{"href":"http:\/\/archiv.szolnoktv.hu\/index.php?rest_route=\/wp\/v2\/types\/post"}],"author":[{"embeddable":true,"href":"http:\/\/archiv.szolnoktv.hu\/index.php?rest_route=\/wp\/v2\/users\/2"}],"replies":[{"embeddable":true,"href":"http:\/\/archiv.szolnoktv.hu\/index.php?rest_route=%2Fwp%2Fv2%2Fcomments&post=9015"}],"version-history":[{"count":1,"href":"http:\/\/archiv.szolnoktv.hu\/index.php?rest_route=\/wp\/v2\/posts\/9015\/revisions"}],"predecessor-version":[{"id":9080,"href":"http:\/\/archiv.szolnoktv.hu\/index.php?rest_route=\/wp\/v2\/posts\/9015\/revisions\/9080"}],"wp:attachment":[{"href":"http:\/\/archiv.szolnoktv.hu\/index.php?rest_route=%2Fwp%2Fv2%2Fmedia&parent=9015"}],"wp:term":[{"taxonomy":"category","embeddable":true,"href":"http:\/\/archiv.szolnoktv.hu\/index.php?rest_route=%2Fwp%2Fv2%2Fcategories&post=9015"},{"taxonomy":"post_tag","embeddable":true,"href":"http:\/\/archiv.szolnoktv.hu\/index.php?rest_route=%2Fwp%2Fv2%2Ftags&post=9015"}],"curies":[{"name":"wp","href":"https:\/\/api.w.org\/{rel}","templated":true}]}}