{"id":9014,"date":"2018-05-15T17:54:22","date_gmt":"2018-05-15T17:54:22","guid":{"rendered":"http:\/\/archiv.szolnoktv.hu\/?p=9014"},"modified":"2021-08-14T14:10:33","modified_gmt":"2021-08-14T14:10:33","slug":"a-megye-tehetseges-diakjait-koszontottek","status":"publish","type":"post","link":"http:\/\/archiv.szolnoktv.hu\/?p=9014","title":{"rendered":"A megye tehets\u00e9ges di\u00e1kjait k\u00f6sz\u00f6nt\u00f6tt\u00e9k"},"content":{"rendered":"<div class='booster-block booster-read-block'><\/div><p>A Verseghy Ferenc Gimn\u00e1zium kamra k\u00f3rusa nyitotta meg a Szolnoki Pedag\u00f3giai Oktat\u00e1si K\u00f6zpont \u00fcnneps\u00e9g\u00e9t. Ma azokat a tanul\u00f3kat k\u00f6sz\u00f6nt\u00f6tt\u00e9k, akik tanulm\u00e1nyi \u00e9s m\u0171v\u00e9szeti versenyeken dobokos helyen v\u00e9geztek vagy k\u00fcl\u00f6n d\u00edjban r\u00e9szes\u00fcltek. A megm\u00e9rettet\u00e9sek t\u00f6bb h\u00f3napos felk\u00e9sz\u00fcl\u00e9st ig\u00e9nyeltek. Az \u00e1ltal\u00e1nos- \u00e9s k\u00f6z\u00e9piskol\u00e1s tanul\u00f3k minden fordul\u00f3ra tan\u00e1raikkal k\u00f6z\u00f6sen k\u00e9sz\u00fcltek fel.<\/p>\n<p>-M\u00e1r \u00e1ltal\u00e1nos iskol\u00e1s koromban j\u00e1rtam hasonl\u00f3 versenyre \u00e9s a matek tan\u00e1runk is felk\u00e9sz\u00edtett minket rendesen. Hozott feladatokat az el\u0151z\u0151 \u00e9vi versenyekr\u0151l \u00e9s t\u00edpus feladatokat n\u00e9zt\u00fcnk \u00e1t \u00f3r\u00e1kon, szakk\u00f6r\u00f6k\u00f6n.&#8221;- mes\u00e9lte Benedek Bal\u00e1zs M\u00e1rk.<\/p>\n<p>-A legfontosabb, hogy \u0151 akarja, ez az alap. Azt\u00e1n, ha \u0151 is akarja \u00e9s \u00e9n is, akkor m\u00e1r mennek a dolgok. Ha \u00e9rdekli a gyereket, amit csin\u00e1lunk- \u00e9n mondjuk matekot, fizik\u00e1t tan\u00edtok- \u00e9s \u00e1ltal\u00e1ban \u00e9rdekelni szokta \u0151ket, akkor m\u00e1r nincs gond.&#8221;- mondta P\u00e9csi Istv\u00e1n a Verseghy Ferenc Gimn\u00e1zium matematika- \u00e9s fizika szakos tan\u00e1ra.<\/p>\n<p>A Szolnoki Pedag\u00f3giai Oktat\u00e1si K\u00f6zpont 12 verseny\u00e9n a megye t\u00f6bb mint 880 di\u00e1kja m\u00e9rette meg mag\u00e1t. Az oktat\u00e1si k\u00f6zpont a kih\u00edv\u00e1sokkal minden tan\u00e9vben a tehets\u00e9ggondoz\u00e1st t\u00e1mogatja. <\/p>\n<p>-Fontosnak tartjuk \u00e9s igyeksz\u00fcnk minden lehet\u0151s\u00e9get megtal\u00e1lni arra, hogy a tehets\u00e9geket megmutassuk, mert nagyon j\u00f3 lehet\u0151s\u00e9geink vannak. Sz\u00e1mos kiv\u00e1l\u00f3 b\u00e1zis int\u00e9zm\u00e9ny\u00fcnk van \u00e9s sz\u00e1mos kiv\u00e1l\u00f3 szaktan\u00e1csad\u00f3 koll\u00e9ga dolgozik a Szolnoki Pedag\u00f3giai Oktat\u00e1si K\u00f6zpontban.&#8221;- mondta Szab\u00f3 R\u00f3za a Szolnoki Pedag\u00f3giai Oktat\u00e1si K\u00f6zpont f\u0151oszt\u00e1lyvezet\u0151je.<\/p>\n<p>Az \u00fcnneps\u00e9gre 28 int\u00e9zm\u00e9nyb\u0151l \u00e9rkezett az a 130 di\u00e1k, akik felk\u00e9sz\u00edt\u0151 tan\u00e1raikkal k\u00f6z\u00f6sen vehettek \u00e1t elismer\u00e9st a Megyeh\u00e1za d\u00edszterm\u00e9ben.<br \/>\n<br \/>\n<div style=\"width: 640px;\" class=\"wp-video\"><!--[if lt IE 9]><script>document.createElement('video');<\/script><![endif]-->\n<video class=\"wp-video-shortcode\" id=\"video-9014-1\" width=\"640\" height=\"360\" preload=\"metadata\" controls=\"controls\"><source type=\"video\/mp4\" src=\"\/spots\/hir\/hir_180515_07.mp4?_=1\" \/><a href=\"\/spots\/hir\/hir_180515_07.mp4\">\/spots\/hir\/hir_180515_07.mp4<\/a><\/video><\/div><\/p>\n","protected":false},"excerpt":{"rendered":"<p>A Verseghy Ferenc Gimn\u00e1zium kamra k\u00f3rusa nyitotta meg a Szolnoki Pedag\u00f3giai Oktat\u00e1si K\u00f6zpont \u00fcnneps\u00e9g\u00e9t. Ma azokat a tanul\u00f3kat k\u00f6sz\u00f6nt\u00f6tt\u00e9k, akik tanulm\u00e1nyi \u00e9s m\u0171v\u00e9szeti versenyeken dobokos helyen v\u00e9geztek vagy k\u00fcl\u00f6n d\u00edjban r\u00e9szes\u00fcltek. A megm\u00e9rettet\u00e9sek t\u00f6bb h\u00f3napos felk\u00e9sz\u00fcl\u00e9st ig\u00e9nyeltek. Az \u00e1ltal\u00e1nos- \u00e9s k\u00f6z\u00e9piskol\u00e1s tanul\u00f3k minden fordul\u00f3ra tan\u00e1raikkal k\u00f6z\u00f6sen k\u00e9sz\u00fcltek fel. -M\u00e1r \u00e1ltal\u00e1nos iskol\u00e1s koromban j\u00e1rtam hasonl\u00f3 versenyre [&hellip;]<\/p>\n","protected":false},"author":2,"featured_media":0,"comment_status":"closed","ping_status":"closed","sticky":false,"template":"","format":"standard","meta":[],"categories":[9],"tags":[],"_links":{"self":[{"href":"http:\/\/archiv.szolnoktv.hu\/index.php?rest_route=\/wp\/v2\/posts\/9014"}],"collection":[{"href":"http:\/\/archiv.szolnoktv.hu\/index.php?rest_route=\/wp\/v2\/posts"}],"about":[{"href":"http:\/\/archiv.szolnoktv.hu\/index.php?rest_route=\/wp\/v2\/types\/post"}],"author":[{"embeddable":true,"href":"http:\/\/archiv.szolnoktv.hu\/index.php?rest_route=\/wp\/v2\/users\/2"}],"replies":[{"embeddable":true,"href":"http:\/\/archiv.szolnoktv.hu\/index.php?rest_route=%2Fwp%2Fv2%2Fcomments&post=9014"}],"version-history":[{"count":1,"href":"http:\/\/archiv.szolnoktv.hu\/index.php?rest_route=\/wp\/v2\/posts\/9014\/revisions"}],"predecessor-version":[{"id":9081,"href":"http:\/\/archiv.szolnoktv.hu\/index.php?rest_route=\/wp\/v2\/posts\/9014\/revisions\/9081"}],"wp:attachment":[{"href":"http:\/\/archiv.szolnoktv.hu\/index.php?rest_route=%2Fwp%2Fv2%2Fmedia&parent=9014"}],"wp:term":[{"taxonomy":"category","embeddable":true,"href":"http:\/\/archiv.szolnoktv.hu\/index.php?rest_route=%2Fwp%2Fv2%2Fcategories&post=9014"},{"taxonomy":"post_tag","embeddable":true,"href":"http:\/\/archiv.szolnoktv.hu\/index.php?rest_route=%2Fwp%2Fv2%2Ftags&post=9014"}],"curies":[{"name":"wp","href":"https:\/\/api.w.org\/{rel}","templated":true}]}}