{"id":9013,"date":"2018-05-14T17:08:27","date_gmt":"2018-05-14T17:08:27","guid":{"rendered":"http:\/\/archiv.szolnoktv.hu\/?p=9013"},"modified":"2021-08-14T14:10:33","modified_gmt":"2021-08-14T14:10:33","slug":"szakma-sztar","status":"publish","type":"post","link":"http:\/\/archiv.szolnoktv.hu\/?p=9013","title":{"rendered":"Szakma Szt\u00e1r"},"content":{"rendered":"<div class='booster-block booster-read-block'><\/div><p>A Szakma Kiv\u00e1l\u00f3 Tanul\u00f3ja \u00e9s az Orsz\u00e1gos Szakmai Tanulm\u00e1nyi Versenyen d\u00f6nt\u0151be jutott di\u00e1kokat k\u00f6sz\u00f6nt\u00f6tt\u00e9k ma. Mint Szir\u00e1ki Andr\u00e1s a JNSZMegyei Kereskedelmi \u00e9s Iparkamara eln\u00f6ke elmondta: 10 \u00e9ve nem volt p\u00e9lda arra, hogy ilyen sikeresen szerepeljenek a di\u00e1kok. <\/p>\n<p>Dr. Szir\u00e1ki Andr\u00e1s eln\u00f6k JNSZMegyei Kereskedelmi \u00e9s Iparkamara : <\/p>\n<p>-&#8220;A Nagykuns\u00e1gb\u00f3l Karcagr\u00f3l Kis\u00fajsz\u00e1ll\u00e1sr\u00f3l \u00e9s a Tiszazugb\u00f3l Martf\u0171r\u0151l is ker\u00fclt be versenyz\u0151 a d\u00f6nt\u0151be. Ez komoly siker. &#8211;<\/p>\n<p>Mindez a di\u00e1kok mellett a szakk\u00e9pz\u0151 int\u00e9zm\u00e9nyek \u00e9s a gyakorlati helyet ad\u00f3 c\u00e9gek, v\u00e1llalkoz\u00e1sok \u00e9rdeme  is. <\/p>\n<p>-&#8220;Most 15-en ker\u00fcltek be a d\u00f6nt\u0151be, plusz az agr\u00e1rkamara r\u00e9sz\u00e9r\u0151l m\u00e9g k\u00e9t szem\u00e9ly. A 15-b\u0151l 8 dobog\u00f3s helyez\u00e9st \u00e9r\u00fcnk el, egy els\u0151 k\u00e9t m\u00e1sodik \u00e9s 5 harmadik helyez\u00e9st. Az agr\u00e1rkamara versenyz\u0151i egy m\u00e1sodik \u00e9s egy harmadik helyez\u00e9st&#8221;-folytatta az eln\u00f6k.  <\/p>\n<p>Valamennyien a gazdas\u00e1gi fejl\u0151d\u00e9s z\u00e1logai -hangs\u00falyozta. <br \/>Kov\u00e1cs Istv\u00e1n Karcagon tanul. \u00d5 lett az els\u0151 az \u00c9p\u00fclet &#8211; \u00e9s szerkezetlakatosok megm\u00e9rettet\u00e9s\u00e9n. Szakm\u00e1ja sz\u00e9ps\u00e9g\u00e9r\u0151l besz\u00e9lt a h\u00edrad\u00f3nak. <\/p>\n<p> Kov\u00e1cs Istv\u00e1n,   Karcagi Szakk\u00e9pz\u00e9si Centrum Varr\u00f3 D\u00e1niel Szakgimn\u00e1zium: <\/p>\n<p>-&#8220;Minden! A vassal val\u00f3 b\u00e1n\u00e1sm\u00f3d. Megmunk\u00e1l\u00e1s. Ebben a szakm\u00e1ban szeretn\u00e9l maradni? Igen igen-! Majd megyek dolgozni, nem tanulok tov\u00e1bb. &#8211;<\/p>\n<p>Eddigi gyakorlati hely\u00e9n aj\u00e1nlottak neki \u00e1ll\u00e1st. Aj\u00e1nlatokban b\u0151velkedik a 2. helyezett  is, \u00edgy munka mellett estin teszi majd le az \u00e9retts\u00e9git. <\/p>\n<p>Csuri Vikt\u00f3ria, Szolnoki Szolg\u00e1ltat\u00e1si Szakk\u00e9pz\u00e9si Centrum Damjanich J\u00e1nos Szakk\u00e9pz\u0151 Iskola: <\/p>\n<p>-&#8220;Azt szeretem benne, hogy teljes k\u00f6r\u0171. Minden elad\u00f3i munka benne van, m\u0171szaki cikk elad\u00e1s,  \u00e9lelmiszer, vegyi\u00e1ru, ruh\u00e1zat, b\u00e1rmilyen r\u00e9szen meg\u00e1llom a helyem. Szeretem, kiskorom \u00f3ta vonz ez a szakma \u00e9s \u00fagy \u00e9rzem, ebben tudok is fejl\u0151dni. &#8211;<\/p>\n<p>A folyamatos fejl\u0151d\u00e9sre h\u00edvta fel a figyelmet a megyei korm\u00e1nyhivatal foglalkoztat\u00e1si f\u0151oszt\u00e1ly\u00e1nak vezet\u0151je is. <\/p>\n<p>Dr. N\u00e9meth M\u00f3nika f\u0151oszt\u00e1lyvezet\u0151 , JNSZ Megyei Korm\u00e1nyhivatal Foglalkoztat\u00e1si F\u0151oszt\u00e1ly : <\/p>\n<p>-&#8220;Tal\u00e1lj\u00e1k meg azt a munkahelyet ahol tudnak a szakm\u00e1juknak ad\u00f3zni. Tanuljanak m\u00e9g tov\u00e1bb, szerezzenek olyan \u00faj ismereteket, amelyekkel  egy fejl\u0151d\u0151 gazdas\u00e1gnak akt\u00edv r\u00e9szesei lehetnek. &#8211;<\/p>\n<p>Az \u00fcnneps\u00e9gen nemcsak a kimagasl\u00f3 eredm\u00e9nyt el\u00e9rt tanul\u00f3kat, hanem az \u0151ket felk\u00e9sz\u00edt\u0151 pedag\u00f3gusokat is k\u00f6sz\u00f6nt\u00f6tt\u00e9k. A d\u00edszoklev\u00e9l mell\u00e9 pedig  aj\u00e1nd\u00e9kcsomagot is kaptak a di\u00e1kok. <\/p>\n<div style=\"width: 640px;\" class=\"wp-video\"><!--[if lt IE 9]><script>document.createElement('video');<\/script><![endif]-->\n<video class=\"wp-video-shortcode\" id=\"video-9013-1\" width=\"640\" height=\"360\" preload=\"metadata\" controls=\"controls\"><source type=\"video\/mp4\" src=\"\/spots\/hir\/hir_180514_07.mp4?_=1\" \/><a href=\"\/spots\/hir\/hir_180514_07.mp4\">\/spots\/hir\/hir_180514_07.mp4<\/a><\/video><\/div>\n","protected":false},"excerpt":{"rendered":"<p>A Szakma Kiv\u00e1l\u00f3 Tanul\u00f3ja \u00e9s az Orsz\u00e1gos Szakmai Tanulm\u00e1nyi Versenyen d\u00f6nt\u0151be jutott di\u00e1kokat k\u00f6sz\u00f6nt\u00f6tt\u00e9k ma. Mint Szir\u00e1ki Andr\u00e1s a JNSZMegyei Kereskedelmi \u00e9s Iparkamara eln\u00f6ke elmondta: 10 \u00e9ve nem volt p\u00e9lda arra, hogy ilyen sikeresen szerepeljenek a di\u00e1kok. Dr. Szir\u00e1ki Andr\u00e1s eln\u00f6k JNSZMegyei Kereskedelmi \u00e9s Iparkamara : -&#8220;A Nagykuns\u00e1gb\u00f3l Karcagr\u00f3l Kis\u00fajsz\u00e1ll\u00e1sr\u00f3l \u00e9s a Tiszazugb\u00f3l Martf\u0171r\u0151l is [&hellip;]<\/p>\n","protected":false},"author":2,"featured_media":0,"comment_status":"closed","ping_status":"closed","sticky":false,"template":"","format":"standard","meta":[],"categories":[9],"tags":[],"_links":{"self":[{"href":"http:\/\/archiv.szolnoktv.hu\/index.php?rest_route=\/wp\/v2\/posts\/9013"}],"collection":[{"href":"http:\/\/archiv.szolnoktv.hu\/index.php?rest_route=\/wp\/v2\/posts"}],"about":[{"href":"http:\/\/archiv.szolnoktv.hu\/index.php?rest_route=\/wp\/v2\/types\/post"}],"author":[{"embeddable":true,"href":"http:\/\/archiv.szolnoktv.hu\/index.php?rest_route=\/wp\/v2\/users\/2"}],"replies":[{"embeddable":true,"href":"http:\/\/archiv.szolnoktv.hu\/index.php?rest_route=%2Fwp%2Fv2%2Fcomments&post=9013"}],"version-history":[{"count":1,"href":"http:\/\/archiv.szolnoktv.hu\/index.php?rest_route=\/wp\/v2\/posts\/9013\/revisions"}],"predecessor-version":[{"id":9082,"href":"http:\/\/archiv.szolnoktv.hu\/index.php?rest_route=\/wp\/v2\/posts\/9013\/revisions\/9082"}],"wp:attachment":[{"href":"http:\/\/archiv.szolnoktv.hu\/index.php?rest_route=%2Fwp%2Fv2%2Fmedia&parent=9013"}],"wp:term":[{"taxonomy":"category","embeddable":true,"href":"http:\/\/archiv.szolnoktv.hu\/index.php?rest_route=%2Fwp%2Fv2%2Fcategories&post=9013"},{"taxonomy":"post_tag","embeddable":true,"href":"http:\/\/archiv.szolnoktv.hu\/index.php?rest_route=%2Fwp%2Fv2%2Ftags&post=9013"}],"curies":[{"name":"wp","href":"https:\/\/api.w.org\/{rel}","templated":true}]}}