{"id":9012,"date":"2018-05-14T17:03:51","date_gmt":"2018-05-14T17:03:51","guid":{"rendered":"http:\/\/archiv.szolnoktv.hu\/?p=9012"},"modified":"2021-08-14T14:10:33","modified_gmt":"2021-08-14T14:10:33","slug":"trofea-szemle","status":"publish","type":"post","link":"http:\/\/archiv.szolnoktv.hu\/?p=9012","title":{"rendered":"Tr\u00f3fea szemle"},"content":{"rendered":"<div class='booster-block booster-read-block'><\/div><p>Ez a tr\u00f3fea 572 grammal m\u00e9rlegelt, \u00edgy egyed\u00fcl\u00e1ll\u00f3nak min\u0151s\u00fcl a maga nem\u00e9ben, ez\u00e9rt arany \u00e9remmel min\u0151s\u00edtett\u00e9k. 2017 az elm\u00falt m\u00e1sf\u00e9l \u00e9vtized legjobb \u00e9ve volt \u0151zbak tekintet\u00e9ben. <br \/>-Szolnok megye Magyarorsz\u00e1gon a h\u00e1rom legjobb min\u0151s\u00e9g\u0171 \u0151zbakos megye. Meg kell eml\u00edteni m\u00e9g Szolnok megye mellett B\u00e9k\u00e9s megy\u00e9t \u00e9s Csongr\u00e1d megy\u00e9t. De Szolnok megye az, ahol tal\u00e1n az \u00e9rmes ar\u00e1ny a legmagasabb, ez\u00e9rt, aki biztosra akar menni \u00e9s nagy bakokat akarnak l\u0151ni: itt a legnagyobb val\u00f3sz\u00edn\u0171s\u00e9ggel lehet tal\u00e1lni.&#8221;-mondta Kasuba Andr\u00e1s, a J\u00e1sz-Nagykun Szolnok Megyei Vad\u00e1szkamara \u00e9s Vad\u00e1szsz\u00f6vets\u00e9g titk\u00e1ra, megyei f\u0151vad\u00e1sz.<\/p>\n<p>Az idei \u00e9vben 780 bakot ejtettek el eddig a megyei vad\u00e1szok, ebb\u0151l 236 tr\u00f3fea \u00e9rmes: 81-et bronz, 80-at ez\u00fcst \u00e9s 75-\u00f6t arany \u00e9remmel d\u00edjaztak. Kiemelked\u0151, kapit\u00e1lis: 500 gramm feletti tr\u00f3fe\u00e1b\u00f3l 57 darab van \u00e9s 11 darab, ami 600 gramm feletti. A szektorban azonban jogi tekintetben v\u00e1ltoz\u00e1sok t\u00f6rt\u00e9ntek. M\u00f3dos\u00edtott\u00e1k  &#8211;   t\u00f6bbek k\u00f6z\u00f6tt- a haszonb\u00e9rleti d\u00edj-\u00e9s a vadk\u00e1r befizet\u00e9s\u00e9nek m\u00f3dj\u00e1t, valamint a vad\u00e1szati \u00fczemtervi ciklus id\u0151tartam\u00e1t.<\/p>\n<p>-A ter\u00fcletek alakul\u00e1s\u00e1ra d\u00f6nt\u0151 hat\u00e1ssal volt a m\u00falt \u00e9vben m\u00f3dos\u00edtott vad\u00e1szati t\u00f6rv\u00e9ny. Ugyanis az eddigi 10 \u00e9ves ciklust 20 \u00e9vre m\u00f3dos\u00edtotta \u00e9s, aki 2017-t\u0151l ezt a 20 \u00e9ves ciklust meg tudta szerezni, mint vad\u00e1szati haszonb\u00e9rleti jogot, az egy kisz\u00e1m\u00edthat\u00f3bb, stabilabb \u00e9s hosszabb t\u00e1von eredm\u00e9nyesebb gazd\u00e1lkod\u00e1st tud folytatni. Szolnok megy\u00e9ben 68 vad\u00e1szt\u00e1rsas\u00e1g volt ezt megel\u0151z\u0151en, most 74 van. Teh\u00e1t, apavet\u0151en a szerkezet nem v\u00e1ltozott \u00e9s mostanra  &#8211;   egy t\u00e1rsas\u00e1g kiv\u00e9tel\u00e9vel- tiszt\u00e1z\u00f3dtak a v\u00e9gleges ter\u00fcleti viszonyok, a vad\u00e1szati jogok, teh\u00e1t az, hogy melyik ter\u00fcletet ki haszn\u00e1lhatja.&#8221;-nyilatkozta Benedek F\u00fcl\u00f6p, a J\u00e1sz-Nagykun Szolnok Megyei Vad\u00e1sz Sz\u00f6vets\u00e9g eln\u00f6ke.<\/p>\n<p>Az eln\u00f6k rem\u00e9li: a j\u00f6v\u0151ben a vadgazd\u00e1lkod\u00f3k \u00e9s mez\u0151gazd\u00e1lkod\u00f3k k\u00f6z\u00f6tti kapcsolat szorosabb lesz. A vad\u00e1szt\u00e1rsas\u00e1gok els\u0151dleges bev\u00e9teli forr\u00e1sa ugyanis az \u0151zbak \u00e9s a  vend\u00e9g vad\u00e1sztat\u00e1s. Ebb\u0151l az \u00e1gazatb\u00f3l k\u00f6zel f\u00e9l milli\u00e1rd forint bev\u00e9tel folyik be az \u00e1llamkassz\u00e1ba. A h\u00e9tv\u00e9g\u00e9n megrendezett vad\u00e1szati mustra az \u00e1prilis 15-\u00e9vel indult szezon els\u0151 term\u00e9keit mutatta be a szak\u00e9rt\u0151 k\u00f6z\u00f6ns\u00e9gnek.<br \/>\n<br \/>\n<div style=\"width: 640px;\" class=\"wp-video\"><!--[if lt IE 9]><script>document.createElement('video');<\/script><![endif]-->\n<video class=\"wp-video-shortcode\" id=\"video-9012-1\" width=\"640\" height=\"360\" preload=\"metadata\" controls=\"controls\"><source type=\"video\/mp4\" src=\"\/spots\/hir\/hir_180514_02.mp4?_=1\" \/><a href=\"\/spots\/hir\/hir_180514_02.mp4\">\/spots\/hir\/hir_180514_02.mp4<\/a><\/video><\/div><\/p>\n","protected":false},"excerpt":{"rendered":"<p>Ez a tr\u00f3fea 572 grammal m\u00e9rlegelt, \u00edgy egyed\u00fcl\u00e1ll\u00f3nak min\u0151s\u00fcl a maga nem\u00e9ben, ez\u00e9rt arany \u00e9remmel min\u0151s\u00edtett\u00e9k. 2017 az elm\u00falt m\u00e1sf\u00e9l \u00e9vtized legjobb \u00e9ve volt \u0151zbak tekintet\u00e9ben. -Szolnok megye Magyarorsz\u00e1gon a h\u00e1rom legjobb min\u0151s\u00e9g\u0171 \u0151zbakos megye. Meg kell eml\u00edteni m\u00e9g Szolnok megye mellett B\u00e9k\u00e9s megy\u00e9t \u00e9s Csongr\u00e1d megy\u00e9t. De Szolnok megye az, ahol tal\u00e1n az \u00e9rmes [&hellip;]<\/p>\n","protected":false},"author":2,"featured_media":0,"comment_status":"closed","ping_status":"closed","sticky":false,"template":"","format":"standard","meta":[],"categories":[9],"tags":[],"_links":{"self":[{"href":"http:\/\/archiv.szolnoktv.hu\/index.php?rest_route=\/wp\/v2\/posts\/9012"}],"collection":[{"href":"http:\/\/archiv.szolnoktv.hu\/index.php?rest_route=\/wp\/v2\/posts"}],"about":[{"href":"http:\/\/archiv.szolnoktv.hu\/index.php?rest_route=\/wp\/v2\/types\/post"}],"author":[{"embeddable":true,"href":"http:\/\/archiv.szolnoktv.hu\/index.php?rest_route=\/wp\/v2\/users\/2"}],"replies":[{"embeddable":true,"href":"http:\/\/archiv.szolnoktv.hu\/index.php?rest_route=%2Fwp%2Fv2%2Fcomments&post=9012"}],"version-history":[{"count":1,"href":"http:\/\/archiv.szolnoktv.hu\/index.php?rest_route=\/wp\/v2\/posts\/9012\/revisions"}],"predecessor-version":[{"id":9083,"href":"http:\/\/archiv.szolnoktv.hu\/index.php?rest_route=\/wp\/v2\/posts\/9012\/revisions\/9083"}],"wp:attachment":[{"href":"http:\/\/archiv.szolnoktv.hu\/index.php?rest_route=%2Fwp%2Fv2%2Fmedia&parent=9012"}],"wp:term":[{"taxonomy":"category","embeddable":true,"href":"http:\/\/archiv.szolnoktv.hu\/index.php?rest_route=%2Fwp%2Fv2%2Fcategories&post=9012"},{"taxonomy":"post_tag","embeddable":true,"href":"http:\/\/archiv.szolnoktv.hu\/index.php?rest_route=%2Fwp%2Fv2%2Ftags&post=9012"}],"curies":[{"name":"wp","href":"https:\/\/api.w.org\/{rel}","templated":true}]}}