{"id":9011,"date":"2018-05-14T16:54:56","date_gmt":"2018-05-14T16:54:56","guid":{"rendered":"http:\/\/archiv.szolnoktv.hu\/?p=9011"},"modified":"2021-08-14T14:10:33","modified_gmt":"2021-08-14T14:10:33","slug":"speedmarathon-jnsz-megyeben-is","status":"publish","type":"post","link":"http:\/\/archiv.szolnoktv.hu\/?p=9011","title":{"rendered":"Speedmarathon JNSZ megy\u00e9ben is"},"content":{"rendered":"<div class='booster-block booster-read-block'><\/div><p>Sorban haladnak el az aut\u00f3k a rend\u0151rs\u00e9g sebess\u00e9gm\u00e9r\u0151 kamer\u00e1ja el\u0151tt a 4-es f\u0151\u00faton Szajol \u00e9s T\u00f6r\u00f6kszentmikl\u00f3s k\u00f6z\u00f6tt. A 110. kilom\u00e9terszelv\u00e9nyben reggel 6 \u00f3ra \u00f3ta m\u00e9rt\u00e9k a j\u00e1rm\u0171vek sebess\u00e9g\u00e9t. Reggel 10-ig 19 gyorshajt\u00f3t kaptak el. <\/p>\n<p>Az Eur\u00f3pai K\u00f6zleked\u00e9si Szervek H\u00e1l\u00f3zat\u00e1nak kezdem\u00e9nyez\u00e9s\u00e9hez csatlakozva m\u00e1jus 14-e reggel\u00e9t\u0151l 24 \u00f3r\u00e1n \u00e1t sebess\u00e9gellen\u0151rz\u00e9st hajt v\u00e9gre orsz\u00e1gszerte a rend\u0151rs\u00e9g. <\/p>\n<p>JNSZ megy\u00e9ben \u00f6sszesen 49 helysz\u00ednen m\u00e9rnek holnap reggelig. A m\u00e9r\u00e9si pontokat a rend\u0151rs\u00e9g saj\u00e1t tapasztalatai, valamint a lakoss\u00e1gt\u00f3l \u00e9rkez\u0151 javaslatok alapj\u00e1n v\u00e1lasztott\u00e1k ki. Egy-egy helysz\u00ednen jellemz\u0151en n\u00e9h\u00e1ny \u00f3r\u00e1t t\u00f6ltenek a kamer\u00e1k, viszont olyan vesz\u00e9lyesebb szakaszok is vannak, ahol ak\u00e1r 12 \u00e9s f\u00e9l \u00f3ra hosszat is tarthat az ellen\u0151rz\u00e9s.<\/p>\n<p>A kamer\u00e1kat bel-, \u00e9s k\u00fclter\u00fcleten is fel\u00e1ll\u00edtott\u00e1k, j\u00f3l l\u00e1that\u00f3 helyeken. \u00cdgy a t\u00f6bbi k\u00f6z\u00f6tt Szolnok, \u00d6cs\u00f6d, T\u00f6r\u00f6kszentmikl\u00f3s \u00e9s Kenderes belter\u00fclet\u00e9n is m\u00e9rnek, valamint a 442-es, 32-es, 46-os utakon, illetve a 4-esen is 10 helyen. Az akci\u00f3val a gyorshajt\u00f3k kisz\u0171r\u00e9se mellett a sebess\u00e9ghat\u00e1r betart\u00e1s\u00e1ra is szeretn\u00e9k felh\u00edvni a figyelmet. <\/p>\n<p>Az akci\u00f3 holnap reggel 6 \u00f3r\u00e1ig tart.<br \/>\n<br \/>\n<div style=\"width: 640px;\" class=\"wp-video\"><!--[if lt IE 9]><script>document.createElement('video');<\/script><![endif]-->\n<video class=\"wp-video-shortcode\" id=\"video-9011-1\" width=\"640\" height=\"360\" preload=\"metadata\" controls=\"controls\"><source type=\"video\/mp4\" src=\"\/spots\/hir\/hir_180514_06.mp4?_=1\" \/><a href=\"\/spots\/hir\/hir_180514_06.mp4\">\/spots\/hir\/hir_180514_06.mp4<\/a><\/video><\/div><\/p>\n","protected":false},"excerpt":{"rendered":"<p>Sorban haladnak el az aut\u00f3k a rend\u0151rs\u00e9g sebess\u00e9gm\u00e9r\u0151 kamer\u00e1ja el\u0151tt a 4-es f\u0151\u00faton Szajol \u00e9s T\u00f6r\u00f6kszentmikl\u00f3s k\u00f6z\u00f6tt. A 110. kilom\u00e9terszelv\u00e9nyben reggel 6 \u00f3ra \u00f3ta m\u00e9rt\u00e9k a j\u00e1rm\u0171vek sebess\u00e9g\u00e9t. Reggel 10-ig 19 gyorshajt\u00f3t kaptak el. Az Eur\u00f3pai K\u00f6zleked\u00e9si Szervek H\u00e1l\u00f3zat\u00e1nak kezdem\u00e9nyez\u00e9s\u00e9hez csatlakozva m\u00e1jus 14-e reggel\u00e9t\u0151l 24 \u00f3r\u00e1n \u00e1t sebess\u00e9gellen\u0151rz\u00e9st hajt v\u00e9gre orsz\u00e1gszerte a rend\u0151rs\u00e9g. JNSZ megy\u00e9ben [&hellip;]<\/p>\n","protected":false},"author":2,"featured_media":0,"comment_status":"closed","ping_status":"closed","sticky":false,"template":"","format":"standard","meta":[],"categories":[9],"tags":[],"_links":{"self":[{"href":"http:\/\/archiv.szolnoktv.hu\/index.php?rest_route=\/wp\/v2\/posts\/9011"}],"collection":[{"href":"http:\/\/archiv.szolnoktv.hu\/index.php?rest_route=\/wp\/v2\/posts"}],"about":[{"href":"http:\/\/archiv.szolnoktv.hu\/index.php?rest_route=\/wp\/v2\/types\/post"}],"author":[{"embeddable":true,"href":"http:\/\/archiv.szolnoktv.hu\/index.php?rest_route=\/wp\/v2\/users\/2"}],"replies":[{"embeddable":true,"href":"http:\/\/archiv.szolnoktv.hu\/index.php?rest_route=%2Fwp%2Fv2%2Fcomments&post=9011"}],"version-history":[{"count":1,"href":"http:\/\/archiv.szolnoktv.hu\/index.php?rest_route=\/wp\/v2\/posts\/9011\/revisions"}],"predecessor-version":[{"id":9084,"href":"http:\/\/archiv.szolnoktv.hu\/index.php?rest_route=\/wp\/v2\/posts\/9011\/revisions\/9084"}],"wp:attachment":[{"href":"http:\/\/archiv.szolnoktv.hu\/index.php?rest_route=%2Fwp%2Fv2%2Fmedia&parent=9011"}],"wp:term":[{"taxonomy":"category","embeddable":true,"href":"http:\/\/archiv.szolnoktv.hu\/index.php?rest_route=%2Fwp%2Fv2%2Fcategories&post=9011"},{"taxonomy":"post_tag","embeddable":true,"href":"http:\/\/archiv.szolnoktv.hu\/index.php?rest_route=%2Fwp%2Fv2%2Ftags&post=9011"}],"curies":[{"name":"wp","href":"https:\/\/api.w.org\/{rel}","templated":true}]}}