{"id":9010,"date":"2018-05-14T16:51:26","date_gmt":"2018-05-14T16:51:26","guid":{"rendered":"http:\/\/archiv.szolnoktv.hu\/?p=9010"},"modified":"2021-08-14T14:10:33","modified_gmt":"2021-08-14T14:10:33","slug":"hunya-zoltan-kiallitas","status":"publish","type":"post","link":"http:\/\/archiv.szolnoktv.hu\/?p=9010","title":{"rendered":"Hunya Zolt\u00e1n ki\u00e1ll\u00edt\u00e1s"},"content":{"rendered":"<div class='booster-block booster-read-block'><\/div><p>Festm\u00e9nyek, melyeket szolnoki m\u0171v\u00e9szek alkottak, vagy Szolnokr\u00f3l sz\u00f3lnak. A m\u0171v\u00e9sztelep szinte valamennyi alkot\u00f3j\u00e1t\u00f3l is l\u00e1that\u00f3 munka. Hunya Zolt\u00e1n gy\u0171jt\u0151 f\u00e9ltve \u0151rz\u00f6tt kincsei.<\/p>\n<p>&#8220;\u00c9rdekess\u00e9ge ezeknek a k\u00e9peknek, hogy vagy szolnoki m\u0171v\u00e9sz alkotott, vagy Szolnokr\u00f3l sz\u00f3l, egy csod\u00e1latos m\u0171v\u00e9szi vet\u00fclete ez a v\u00e1rosnak amit itt l\u00e1thatunk.&#8221; -mondta DR. KAPOSV\u00c1RI GY\u00d6NGYI, a Damjanich J\u00e1nos M\u00fazeum igazgat\u00f3-helyettese.<\/p>\n<p>L\u00e1that\u00f3ak itt k\u00fcl\u00f6nleges d\u00edsz\u00edt\u00e9s\u0171 l\u00e1mp\u00e1k \u00e9s tajt\u00e9kpip\u00e1k is. Van k\u00f6zt\u00fck n\u0151i pipa, \u00e9s olyan elef\u00e1ntcsont faragv\u00e1ny is, mely szabad k\u0151m\u0171ves jellel van ell\u00e1tva. A &#8220;visszapillant\u00e1s az elm\u00falt 85 \u00e9vre&#8221; c\u00edm\u0171 ki\u00e1ll\u00edt\u00e1s pip\u00e1i, az elm\u00falt 50 \u00e9ve gy\u0171lnek, \u00e9s m\u00e9g a nagyk\u00f6z\u00f6ns\u00e9g Szolnokon soha nem l\u00e1thatta \u0151ket. A gy\u0171jt\u0151 Hunya Zolt\u00e1n numizmatikus, \u00edgy \u00e9rmei k\u00f6z\u00fcl is v\u00e1logatott n\u00e9h\u00e1nyat.<\/p>\n<p>&#8220;Az \u0151 nev\u00e9hez f\u0171z\u0151dik a gyalogh\u00edd meg\u00e9p\u00edt\u00e9s\u00e9hez kapcsol\u00f3d\u00f3 \u00e9rme megtervez\u00e9se \u00e9s elk\u00e9sz\u00edt\u00e9se. Ezzel tisztelgett lok\u00e1lpatriotizmus\u00e1nak.&#8221; -DR. SZ\u00c1NT\u00d3N\u00c9 DR. NAGY NIKOLETTA.<\/p>\n<p>Kaposv\u00e1ry Gyula-d\u00edjas, V\u00e1rosunk kultur\u00e1lis d\u00edjasa \u00e9s lok\u00e1lpatri\u00f3ta. Ki\u00e1ll\u00edt\u00e1sa is tisztelettel ad\u00f3zik Szolnok v\u00e1rosa el\u0151tt.<br \/>&#8220;Egym\u00e1sra tal\u00e1ltunk Szolnokkal. \u00c9n a gy\u0171jt\u00e9ssel, a szorgalommal, a v\u00e1ros azzal a k\u00fcl\u00f6nleges l\u00e9gk\u00f6r\u00e9vel ide tudott k\u00f6tni Szolnokhoz.&#8221; -mondta HUNYA ZOLT\u00c1N numizmatikus.<\/p>\n<p>A gy\u0171jt\u0151 munk\u00e1j\u00e1t Szalay Ferenc polg\u00e1rmester egy k\u00fcl\u00f6nleges borral k\u00f6sz\u00f6nte meg.<\/p>\n<p>&#8220;Ez az \u00f6sszetartoz\u00e1s bora n\u00e9vre hallgat, szeret\u00fcnk t\u00e9ged, te vagy az \u00f6sszetartoz\u00e1s a v\u00e1rosban.&#8221; -mondta SZALAY FERENC polg\u00e1rmester.<\/p>\n<p>A &#8220;visszapillant\u00e1s az elm\u00falt 85 \u00e9vre&#8221; ki\u00e1ll\u00edt\u00e1s j\u00fanius 3-ig tekinteht\u0151 meg az Aba-Nov\u00e1k Ag\u00f3r\u00e1ban.<br \/>\n<br \/>\n<div style=\"width: 640px;\" class=\"wp-video\"><!--[if lt IE 9]><script>document.createElement('video');<\/script><![endif]-->\n<video class=\"wp-video-shortcode\" id=\"video-9010-1\" width=\"640\" height=\"360\" preload=\"metadata\" controls=\"controls\"><source type=\"video\/mp4\" src=\"\/spots\/hir\/hir_180514_01.mp4?_=1\" \/><a href=\"\/spots\/hir\/hir_180514_01.mp4\">\/spots\/hir\/hir_180514_01.mp4<\/a><\/video><\/div><\/p>\n","protected":false},"excerpt":{"rendered":"<p>Festm\u00e9nyek, melyeket szolnoki m\u0171v\u00e9szek alkottak, vagy Szolnokr\u00f3l sz\u00f3lnak. A m\u0171v\u00e9sztelep szinte valamennyi alkot\u00f3j\u00e1t\u00f3l is l\u00e1that\u00f3 munka. Hunya Zolt\u00e1n gy\u0171jt\u0151 f\u00e9ltve \u0151rz\u00f6tt kincsei. &#8220;\u00c9rdekess\u00e9ge ezeknek a k\u00e9peknek, hogy vagy szolnoki m\u0171v\u00e9sz alkotott, vagy Szolnokr\u00f3l sz\u00f3l, egy csod\u00e1latos m\u0171v\u00e9szi vet\u00fclete ez a v\u00e1rosnak amit itt l\u00e1thatunk.&#8221; -mondta DR. KAPOSV\u00c1RI GY\u00d6NGYI, a Damjanich J\u00e1nos M\u00fazeum igazgat\u00f3-helyettese. L\u00e1that\u00f3ak itt [&hellip;]<\/p>\n","protected":false},"author":2,"featured_media":0,"comment_status":"closed","ping_status":"closed","sticky":false,"template":"","format":"standard","meta":[],"categories":[9],"tags":[],"_links":{"self":[{"href":"http:\/\/archiv.szolnoktv.hu\/index.php?rest_route=\/wp\/v2\/posts\/9010"}],"collection":[{"href":"http:\/\/archiv.szolnoktv.hu\/index.php?rest_route=\/wp\/v2\/posts"}],"about":[{"href":"http:\/\/archiv.szolnoktv.hu\/index.php?rest_route=\/wp\/v2\/types\/post"}],"author":[{"embeddable":true,"href":"http:\/\/archiv.szolnoktv.hu\/index.php?rest_route=\/wp\/v2\/users\/2"}],"replies":[{"embeddable":true,"href":"http:\/\/archiv.szolnoktv.hu\/index.php?rest_route=%2Fwp%2Fv2%2Fcomments&post=9010"}],"version-history":[{"count":1,"href":"http:\/\/archiv.szolnoktv.hu\/index.php?rest_route=\/wp\/v2\/posts\/9010\/revisions"}],"predecessor-version":[{"id":9085,"href":"http:\/\/archiv.szolnoktv.hu\/index.php?rest_route=\/wp\/v2\/posts\/9010\/revisions\/9085"}],"wp:attachment":[{"href":"http:\/\/archiv.szolnoktv.hu\/index.php?rest_route=%2Fwp%2Fv2%2Fmedia&parent=9010"}],"wp:term":[{"taxonomy":"category","embeddable":true,"href":"http:\/\/archiv.szolnoktv.hu\/index.php?rest_route=%2Fwp%2Fv2%2Fcategories&post=9010"},{"taxonomy":"post_tag","embeddable":true,"href":"http:\/\/archiv.szolnoktv.hu\/index.php?rest_route=%2Fwp%2Fv2%2Ftags&post=9010"}],"curies":[{"name":"wp","href":"https:\/\/api.w.org\/{rel}","templated":true}]}}