{"id":9009,"date":"2018-05-14T16:48:10","date_gmt":"2018-05-14T16:48:10","guid":{"rendered":"http:\/\/archiv.szolnoktv.hu\/?p=9009"},"modified":"2021-08-14T14:10:34","modified_gmt":"2021-08-14T14:10:34","slug":"europa-napok","status":"publish","type":"post","link":"http:\/\/archiv.szolnoktv.hu\/?p=9009","title":{"rendered":"Eur\u00f3pa napok"},"content":{"rendered":"<div class='booster-block booster-read-block'><\/div><p>Id\u00e9n 4. alkalommal rendezte meg a Szolnoki Lengyel \u00d6nkorm\u00e1nyzat &#8211; csatlakozva az Eur\u00f3pa Napok rendezv\u00e9ny\u00e9hez- a Szolnoki Lengyel Kult\u00fara napot. Ennek c\u00e9lja, hogy a magyarok \u00e9s lengyelek jobban megismerj\u00e9k egym\u00e1s kult\u00far\u00e1j\u00e1t. Az \u00e9rdekl\u0151d\u0151k Szent L\u00e1szl\u00f3r\u00f3l  &#8211;   a magyarorsz\u00e1gi lengyelek v\u00e9d\u0151szentj\u00e9r\u0151l elnevezett ki\u00e1ll\u00edt\u00e1st tekinthett\u00e9k meg a Verseghy K\u00f6nyvt\u00e1rban. A t\u00e1rlat a K\u00e1rp\u00e1t-medence \u00f6sszes Szent L\u00e1szl\u00f3hoz k\u00f6thet\u0151 telep\u00fcl\u00e9s\u00e9t bemutatja, t\u00f6rt\u00e9nelmi mond\u00e1kkal \u00e9s anekdot\u00e1kkal f\u0171szerezve.<\/p>\n<p>-Van egy r\u00e9gi mond\u00e1s, hogy a pol\u00e1k -lengyel- teh\u00e1t a lengyel -magyar k\u00e9t j\u00f3 bar\u00e1t, de sajnos ennek a mai felt\u00f6lt\u0151d\u00e9se nincsen meg. Nem ismerj\u00fck egym\u00e1s kult\u00far\u00e1j\u00e1t, \u0151k a mienket, mi az \u00f6v\u00e9k\u00e9t. Ez\u00e9rt \u00fagy gondoljuk, hogy ahhoz, hogy az itt \u00e9l\u0151 lengyels\u00e9g be tudjon kapcsol\u00f3dni az itteni \u00e9letbe, elfogadtassa saj\u00e1t mag\u00e1t, ahhoz az kell, hogy az itt \u00e9l\u0151, teh\u00e1t a befogad\u00f3 orsz\u00e1g  &#8211;   hogy \u00edgy mondjam: a magyarok- ismerj\u00e9k a kult\u00far\u00e1t, tudj\u00e1k, hogy kik j\u00f6ttek ide.&#8221; -tette hozz\u00e1 B\u00e1tori Zsolt, a Szolnoki Lengyel \u00d6nkorm\u00e1nyzat eln\u00f6ke.<\/p>\n<p>2004 m\u00e1jus\u00e1ban csatlakozott Magyarorsz\u00e1g az Eur\u00f3pai Uni\u00f3hoz. Ennek aprop\u00f3j\u00e1n a 14 \u00e9ve, minden \u00e9vben megrendezett Eur\u00f3pa-nap az eur\u00f3pai b\u00e9ke \u00e9s egys\u00e9g \u00fcnnepe.<\/p>\n<p>-14. alkalommal rendezhette meg a szolnoki Europe Direkt iroda az Eur\u00f3pa-Napot, itt Szolnokon a Kossuth t\u00e9ren. Minden \u00e9vben az Eur\u00f3pai Bizotts\u00e1g t\u00e1mogat\u00e1s\u00e1val szervezz\u00fck ezt a napot \u00e9s minden \u00e9vben van egy-egy f\u0151 t\u00e9m\u00e1ja ennek az esem\u00e9nynek. Az id\u00e9n k\u00fcl\u00f6n\u00f6s figyelmet ford\u00edtottunk a Kultur\u00e1lis \u00f6r\u00f6ks\u00e9g Eur\u00f3pai \u00c9v\u00e9re, amelynek f\u0151 szlogenje: \u00f6r\u00f6ks\u00e9g\u00fcnk, a m\u00falt \u00e9s j\u00f6v\u0151 tal\u00e1lkoz\u00e1sa.&#8221; -nyilatkozta Dank\u00f3n\u00e9 Szab\u00f3 Edit, a Europe Direct Szolnok irodavezet\u0151je.<\/p>\n<p>A kultur\u00e1lis \u00f6r\u00f6ks\u00e9g meghat\u00e1roz\u00f3 szerepet j\u00e1tszik az identit\u00e1studatban \u00e9s a mindennapi \u00e9letben. \u00d3vni kell azt \u00e9s \u00e1tadni a k\u00f6vetkez\u0151 gener\u00e1ci\u00f3k sz\u00e1m\u00e1ra. <\/p>\n<p>Az Eur\u00f3pai Bizotts\u00e1g az Eur\u00f3pai Tan\u00e1ccsal, az UNESCO-val \u00e9s m\u00e1s partnerekkel kar\u00f6ltve t\u00edz, hossz\u00fa t\u00e1v\u00fa projektet is elind\u00edt. Az eur\u00f3pai \u00e9v hossz\u00fa t\u00e1v\u00fa c\u00e9lja, hogy \u00e9rdemi v\u00e1ltoz\u00e1st id\u00e9zzen el\u0151 a kultur\u00e1lis \u00e9rt\u00e9kek tov\u00e1bb\u00f6r\u00f6k\u00edt\u00e9s\u00e9t illet\u0151en, hiszen ez kulcsfontoss\u00e1g\u00fa Eur\u00f3pa j\u00f6v\u0151j\u00e9nek alakul\u00e1s\u00e1ban.<br \/>\n<br \/>\n<div style=\"width: 640px;\" class=\"wp-video\"><!--[if lt IE 9]><script>document.createElement('video');<\/script><![endif]-->\n<video class=\"wp-video-shortcode\" id=\"video-9009-1\" width=\"640\" height=\"360\" preload=\"metadata\" controls=\"controls\"><source type=\"video\/mp4\" src=\"\/spots\/hir\/hir_180514_05.mp4?_=1\" \/><a href=\"\/spots\/hir\/hir_180514_05.mp4\">\/spots\/hir\/hir_180514_05.mp4<\/a><\/video><\/div><\/p>\n","protected":false},"excerpt":{"rendered":"<p>Id\u00e9n 4. alkalommal rendezte meg a Szolnoki Lengyel \u00d6nkorm\u00e1nyzat &#8211; csatlakozva az Eur\u00f3pa Napok rendezv\u00e9ny\u00e9hez- a Szolnoki Lengyel Kult\u00fara napot. Ennek c\u00e9lja, hogy a magyarok \u00e9s lengyelek jobban megismerj\u00e9k egym\u00e1s kult\u00far\u00e1j\u00e1t. Az \u00e9rdekl\u0151d\u0151k Szent L\u00e1szl\u00f3r\u00f3l &#8211; a magyarorsz\u00e1gi lengyelek v\u00e9d\u0151szentj\u00e9r\u0151l elnevezett ki\u00e1ll\u00edt\u00e1st tekinthett\u00e9k meg a Verseghy K\u00f6nyvt\u00e1rban. A t\u00e1rlat a K\u00e1rp\u00e1t-medence \u00f6sszes Szent L\u00e1szl\u00f3hoz k\u00f6thet\u0151 [&hellip;]<\/p>\n","protected":false},"author":2,"featured_media":0,"comment_status":"closed","ping_status":"closed","sticky":false,"template":"","format":"standard","meta":[],"categories":[9],"tags":[],"_links":{"self":[{"href":"http:\/\/archiv.szolnoktv.hu\/index.php?rest_route=\/wp\/v2\/posts\/9009"}],"collection":[{"href":"http:\/\/archiv.szolnoktv.hu\/index.php?rest_route=\/wp\/v2\/posts"}],"about":[{"href":"http:\/\/archiv.szolnoktv.hu\/index.php?rest_route=\/wp\/v2\/types\/post"}],"author":[{"embeddable":true,"href":"http:\/\/archiv.szolnoktv.hu\/index.php?rest_route=\/wp\/v2\/users\/2"}],"replies":[{"embeddable":true,"href":"http:\/\/archiv.szolnoktv.hu\/index.php?rest_route=%2Fwp%2Fv2%2Fcomments&post=9009"}],"version-history":[{"count":1,"href":"http:\/\/archiv.szolnoktv.hu\/index.php?rest_route=\/wp\/v2\/posts\/9009\/revisions"}],"predecessor-version":[{"id":9086,"href":"http:\/\/archiv.szolnoktv.hu\/index.php?rest_route=\/wp\/v2\/posts\/9009\/revisions\/9086"}],"wp:attachment":[{"href":"http:\/\/archiv.szolnoktv.hu\/index.php?rest_route=%2Fwp%2Fv2%2Fmedia&parent=9009"}],"wp:term":[{"taxonomy":"category","embeddable":true,"href":"http:\/\/archiv.szolnoktv.hu\/index.php?rest_route=%2Fwp%2Fv2%2Fcategories&post=9009"},{"taxonomy":"post_tag","embeddable":true,"href":"http:\/\/archiv.szolnoktv.hu\/index.php?rest_route=%2Fwp%2Fv2%2Ftags&post=9009"}],"curies":[{"name":"wp","href":"https:\/\/api.w.org\/{rel}","templated":true}]}}