{"id":9008,"date":"2018-05-14T16:35:44","date_gmt":"2018-05-14T16:35:44","guid":{"rendered":"http:\/\/archiv.szolnoktv.hu\/?p=9008"},"modified":"2021-08-14T14:10:34","modified_gmt":"2021-08-14T14:10:34","slug":"en-is-vagyok-mozgasserult-majalis","status":"publish","type":"post","link":"http:\/\/archiv.szolnoktv.hu\/?p=9008","title":{"rendered":"\u00c9n is vagyok! Mozg\u00e1ss\u00e9r\u00fclt maj\u00e1lis"},"content":{"rendered":"<div class='booster-block booster-read-block'><\/div><p>A fogyat\u00e9kkal \u00e9l\u0151k, a mozg\u00e1skorl\u00e1tozottak m\u00e1s jelleg\u0171, a mindennapokban felmer\u00fcl\u0151 neh\u00e9zs\u00e9ggel k\u00fczdenek meg, mint eg\u00e9szs\u00e9ges t\u00e1rsaik. Ennek ok\u00e1n 2012 v\u00e9g\u00e9n megalakult az \u00c9n is vagyok! Mozg\u00e1ss\u00e9r\u00fclt Gener\u00e1ci\u00f3k \u00c9rdekv\u00e9delmi Egyes\u00fclete. <\/p>\n<p>&#8211; Egyes\u00fclet\u00fcnk Szolnok megy\u00e9be a s\u00falyosan-halmozottan fogyat\u00e9kos emberek \u00e9rdek\u00e9ben j\u00f6tt l\u00e9tre. A c\u00e9lunk, hogy ezeknek az embereknek -\u00e9s a csal\u00e1djuknak, teh\u00e1t maguknak az \u00e9rintett szem\u00e9lyeknek- olyan hi\u00e1nyp\u00f3tl\u00f3 szolg\u00e1ltat\u00e1sokat biztos\u00edtsunk, amiket egy\u00e9bk\u00e9nt nagyon nehezen \u00e9rhetnek el vagy nem \u00e9rhetnek el.&#8221;-nyilatkozta Feh\u00e9rv\u00e1ri T\u00fcnde, az \u00c9n is vagyok! Mozg\u00e1ss\u00e9r\u00fclt Gener\u00e1ci\u00f3k \u00c9rdekv\u00e9delmi Egyes\u00fclet\u00e9nek eln\u00f6ke.<\/p>\n<p>A szervezet \u00f6nk\u00e9ntes seg\u00edt\u0151ket keres. Olyan egy\u00e9neket, akik a mozg\u00e1skorl\u00e1tozottaknak seg\u00edtenek p\u00e9ld\u00e1ul az otthoni, h\u00e1zvezet\u00e9ssel kapcsolatos feladatokat ell\u00e1tni vagy \u00e9ppen egy rehabilit\u00e1ci\u00f3s kezel\u00e9sre eljutni. Az egyes\u00fclet folyamatosan tart \u00e9rz\u00e9keny\u00edt\u0151 oktat\u00e1sokat k\u00f6znevel\u00e9si int\u00e9zm\u00e9nyekben, k\u00f6z\u00f6ss\u00e9gi teret m\u0171k\u00f6dtet a belv\u00e1rosban \u00e9s most egy \u00fajabb szolg\u00e1ltat\u00e1ssal b\u0151v\u00edti tev\u00e9kenys\u00e9gi k\u00f6r\u00e9t: ez a &#8220;Sorst\u00e1rs a seg\u00edt\u0151 sz\u00fcl\u0151k h\u00e1l\u00f3zat&#8221;.<\/p>\n<p>&#8211; Azzal a c\u00e9llal hoztuk l\u00e9tre, hogy ha egy csal\u00e1dba fogyat\u00e9kos gyermek sz\u00fcletik \u00e9s a csal\u00e1d ott marad, hogy nem tud kihez fordulni, teh\u00e1t tan\u00e1cstalan, nem tudja honnan k\u00e9rjen seg\u00edts\u00e9get vagy mit tud ilyen esetben tenni. Akkor van egy olyan szervezet, ahol kap seg\u00edts\u00e9get. Emberi seg\u00edts\u00e9get is  &#8211;   teh\u00e1t ment\u00e1lisan- \u00e9rintett sz\u00fcl\u0151k seg\u00edtenek a sorst\u00e1rsaiknak.&#8221;-tette hozz\u00e1 az eln\u00f6k.<\/p>\n<p>Orsz\u00e1gos szint\u0171 adatb\u00e1zisuknak k\u00f6sz\u00f6nhet\u0151en azonnali szakmai t\u00e1mogat\u00e1st \u00e9s tan\u00e1csot tudnak adni a sz\u00fcl\u0151knek. A Mozg\u00e1ss\u00e9r\u00fclt Gener\u00e1ci\u00f3k \u00c9rdekv\u00e9delmi Egyes\u00fclet\u00e9hez hasonl\u00f3 szervezetek nemcsak seg\u00edteni k\u00e9pesek a hasonl\u00f3 \u00e9lethelyzetben l\u00e9v\u0151k\u00f6n, de n\u00f6velik a t\u00e1rsadalmi meg\u00e9rt\u00e9st \u00e9s elfogad\u00e1st is a fogyat\u00e9kkal \u00e9l\u0151kkel szemben. Az egyes\u00fclet a p\u00e1ly\u00e1zati forr\u00e1sok elmarad\u00e1sa miatt id\u00e9n fokozottan sz\u00e1m\u00edt az ad\u00f3 egy sz\u00e1zal\u00e9k felaj\u00e1nl\u00e1sokra.<br \/>\n<br \/>\n<div style=\"width: 640px;\" class=\"wp-video\"><!--[if lt IE 9]><script>document.createElement('video');<\/script><![endif]-->\n<video class=\"wp-video-shortcode\" id=\"video-9008-1\" width=\"640\" height=\"360\" preload=\"metadata\" controls=\"controls\"><source type=\"video\/mp4\" src=\"\/spots\/hir\/hir_180514_03.mp4?_=1\" \/><a href=\"\/spots\/hir\/hir_180514_03.mp4\">\/spots\/hir\/hir_180514_03.mp4<\/a><\/video><\/div><\/p>\n","protected":false},"excerpt":{"rendered":"<p>A fogyat\u00e9kkal \u00e9l\u0151k, a mozg\u00e1skorl\u00e1tozottak m\u00e1s jelleg\u0171, a mindennapokban felmer\u00fcl\u0151 neh\u00e9zs\u00e9ggel k\u00fczdenek meg, mint eg\u00e9szs\u00e9ges t\u00e1rsaik. Ennek ok\u00e1n 2012 v\u00e9g\u00e9n megalakult az \u00c9n is vagyok! Mozg\u00e1ss\u00e9r\u00fclt Gener\u00e1ci\u00f3k \u00c9rdekv\u00e9delmi Egyes\u00fclete. &#8211; Egyes\u00fclet\u00fcnk Szolnok megy\u00e9be a s\u00falyosan-halmozottan fogyat\u00e9kos emberek \u00e9rdek\u00e9ben j\u00f6tt l\u00e9tre. A c\u00e9lunk, hogy ezeknek az embereknek -\u00e9s a csal\u00e1djuknak, teh\u00e1t maguknak az \u00e9rintett szem\u00e9lyeknek- olyan [&hellip;]<\/p>\n","protected":false},"author":2,"featured_media":0,"comment_status":"closed","ping_status":"closed","sticky":false,"template":"","format":"standard","meta":[],"categories":[9],"tags":[],"_links":{"self":[{"href":"http:\/\/archiv.szolnoktv.hu\/index.php?rest_route=\/wp\/v2\/posts\/9008"}],"collection":[{"href":"http:\/\/archiv.szolnoktv.hu\/index.php?rest_route=\/wp\/v2\/posts"}],"about":[{"href":"http:\/\/archiv.szolnoktv.hu\/index.php?rest_route=\/wp\/v2\/types\/post"}],"author":[{"embeddable":true,"href":"http:\/\/archiv.szolnoktv.hu\/index.php?rest_route=\/wp\/v2\/users\/2"}],"replies":[{"embeddable":true,"href":"http:\/\/archiv.szolnoktv.hu\/index.php?rest_route=%2Fwp%2Fv2%2Fcomments&post=9008"}],"version-history":[{"count":1,"href":"http:\/\/archiv.szolnoktv.hu\/index.php?rest_route=\/wp\/v2\/posts\/9008\/revisions"}],"predecessor-version":[{"id":9087,"href":"http:\/\/archiv.szolnoktv.hu\/index.php?rest_route=\/wp\/v2\/posts\/9008\/revisions\/9087"}],"wp:attachment":[{"href":"http:\/\/archiv.szolnoktv.hu\/index.php?rest_route=%2Fwp%2Fv2%2Fmedia&parent=9008"}],"wp:term":[{"taxonomy":"category","embeddable":true,"href":"http:\/\/archiv.szolnoktv.hu\/index.php?rest_route=%2Fwp%2Fv2%2Fcategories&post=9008"},{"taxonomy":"post_tag","embeddable":true,"href":"http:\/\/archiv.szolnoktv.hu\/index.php?rest_route=%2Fwp%2Fv2%2Ftags&post=9008"}],"curies":[{"name":"wp","href":"https:\/\/api.w.org\/{rel}","templated":true}]}}