{"id":9006,"date":"2018-05-11T18:23:01","date_gmt":"2018-05-11T18:23:01","guid":{"rendered":"http:\/\/archiv.szolnoktv.hu\/?p=9006"},"modified":"2021-08-14T14:10:34","modified_gmt":"2021-08-14T14:10:34","slug":"koszoruzott-az-mszp","status":"publish","type":"post","link":"http:\/\/archiv.szolnoktv.hu\/?p=9006","title":{"rendered":"Koszor\u00fazott az MSZP"},"content":{"rendered":"<div class='booster-block booster-read-block'><\/div><p>Szimbolikus nap m\u00e1jus 9- e. Ezen a napon \u00e9rt t\u00e9nylegesen v\u00e9get a II. Vil\u00e1gh\u00e1bor\u00fa Eur\u00f3p\u00e1ban \u00e9s ezt a napot tartj\u00e1k az Eur\u00f3pai Uni\u00f3 sz\u00fclet\u00e9snapj\u00e1nak is. \u00c1m, hogy az \u00fcnnep m\u00e9gsem igazi \u00fcnnep- azt az MSZP orsz\u00e1ggy\u0171l\u00e9si k\u00e9pvisel\u0151je, az Eur\u00f3pai Szocialist\u00e1k P\u00e1rtj\u00e1nak N\u0151tagozati eln\u00f6ke dr. Gurmai Zita azzal indokolta, hogy uni\u00f3s csatlakoz\u00e1sunk csal\u00f3d\u00e1st okozott sokaknak akik a gyors felz\u00e1rk\u00f3z\u00e1sban hittek.<\/p>\n<p>&#8220;Vesz\u00e9lyben van a n\u00e9pek k\u00f6z\u00f6tti szolidarit\u00e1s, a gyarapod\u00e1sk\u00f6z\u00f6s \u00e9lm\u00e9nye \u00e9s az \u00e1llampolg\u00e1rok szabads\u00e1g\u00e1nak az a kiteljes\u00fcl\u00e9se amit csakis az uni\u00f3 tesz lehet\u0151v\u00e9. \u00c9s ezt a vesz\u00e9lyt most a mi korm\u00e1nyunk testes\u00edti meg.&#8221;<\/p>\n<p>A politikus szerint a bel\u00fclr\u0151l verik sz\u00e9t ma az uni\u00f3t. Besz\u00e9de v\u00e9g\u00e9n dr. Gurmai Zita m\u00e1jus 9- e m\u00e1sik fontos aprop\u00f3j\u00e1ra eml\u00e9kezett. Mint mondta Szolnok is s\u00falyos v\u00e9r\u00e1ldozatot hozott a II. Vil\u00e1gh\u00e1bor\u00faban amire ma is eml\u00e9kezni kell. Az MSZP mellett a DK helyi szervezete is elhelyezte az eml\u00e9kez\u00e9s koszor\u00faj\u00e1t a h\u0151si eml\u00e9km\u0171 talapzat\u00e1n.<\/p>\n<div style=\"width: 640px;\" class=\"wp-video\"><!--[if lt IE 9]><script>document.createElement('video');<\/script><![endif]-->\n<video class=\"wp-video-shortcode\" id=\"video-9006-1\" width=\"640\" height=\"360\" preload=\"metadata\" controls=\"controls\"><source type=\"video\/mp4\" src=\"\/spots\/hir\/hir_180511_07.mp4?_=1\" \/><a href=\"\/spots\/hir\/hir_180511_07.mp4\">\/spots\/hir\/hir_180511_07.mp4<\/a><\/video><\/div>\n","protected":false},"excerpt":{"rendered":"<p>Szimbolikus nap m\u00e1jus 9- e. Ezen a napon \u00e9rt t\u00e9nylegesen v\u00e9get a II. Vil\u00e1gh\u00e1bor\u00fa Eur\u00f3p\u00e1ban \u00e9s ezt a napot tartj\u00e1k az Eur\u00f3pai Uni\u00f3 sz\u00fclet\u00e9snapj\u00e1nak is. \u00c1m, hogy az \u00fcnnep m\u00e9gsem igazi \u00fcnnep- azt az MSZP orsz\u00e1ggy\u0171l\u00e9si k\u00e9pvisel\u0151je, az Eur\u00f3pai Szocialist\u00e1k P\u00e1rtj\u00e1nak N\u0151tagozati eln\u00f6ke dr. Gurmai Zita azzal indokolta, hogy uni\u00f3s csatlakoz\u00e1sunk csal\u00f3d\u00e1st okozott sokaknak akik [&hellip;]<\/p>\n","protected":false},"author":2,"featured_media":0,"comment_status":"closed","ping_status":"closed","sticky":false,"template":"","format":"standard","meta":[],"categories":[9],"tags":[],"_links":{"self":[{"href":"http:\/\/archiv.szolnoktv.hu\/index.php?rest_route=\/wp\/v2\/posts\/9006"}],"collection":[{"href":"http:\/\/archiv.szolnoktv.hu\/index.php?rest_route=\/wp\/v2\/posts"}],"about":[{"href":"http:\/\/archiv.szolnoktv.hu\/index.php?rest_route=\/wp\/v2\/types\/post"}],"author":[{"embeddable":true,"href":"http:\/\/archiv.szolnoktv.hu\/index.php?rest_route=\/wp\/v2\/users\/2"}],"replies":[{"embeddable":true,"href":"http:\/\/archiv.szolnoktv.hu\/index.php?rest_route=%2Fwp%2Fv2%2Fcomments&post=9006"}],"version-history":[{"count":1,"href":"http:\/\/archiv.szolnoktv.hu\/index.php?rest_route=\/wp\/v2\/posts\/9006\/revisions"}],"predecessor-version":[{"id":9089,"href":"http:\/\/archiv.szolnoktv.hu\/index.php?rest_route=\/wp\/v2\/posts\/9006\/revisions\/9089"}],"wp:attachment":[{"href":"http:\/\/archiv.szolnoktv.hu\/index.php?rest_route=%2Fwp%2Fv2%2Fmedia&parent=9006"}],"wp:term":[{"taxonomy":"category","embeddable":true,"href":"http:\/\/archiv.szolnoktv.hu\/index.php?rest_route=%2Fwp%2Fv2%2Fcategories&post=9006"},{"taxonomy":"post_tag","embeddable":true,"href":"http:\/\/archiv.szolnoktv.hu\/index.php?rest_route=%2Fwp%2Fv2%2Ftags&post=9006"}],"curies":[{"name":"wp","href":"https:\/\/api.w.org\/{rel}","templated":true}]}}