{"id":9005,"date":"2018-05-11T18:15:46","date_gmt":"2018-05-11T18:15:46","guid":{"rendered":"http:\/\/archiv.szolnoktv.hu\/?p=9005"},"modified":"2021-08-14T14:10:34","modified_gmt":"2021-08-14T14:10:34","slug":"generaciok-vetelkedtek-egyutt","status":"publish","type":"post","link":"http:\/\/archiv.szolnoktv.hu\/?p=9005","title":{"rendered":"Gener\u00e1ci\u00f3k vet\u00e9lkedtek egy\u00fctt"},"content":{"rendered":"<div class='booster-block booster-read-block'><\/div><p>K\u00fcl\u00f6nleges j\u00e1t\u00e9kos vet\u00e9lked\u0151re invit\u00e1lt\u00e1k a nyugd\u00edjasokat \u00e9s a kamaszokat a Damjanich J\u00e1nos M\u00fazeumba. A K\u00f6z\u00f6ss\u00e9gek Hete c. orsz\u00e1gos programsorozathoz csatlakozva a gener\u00e1ci\u00f3kat hozt\u00e1k \u00f6ssze egy k\u00f6z\u00f6s tal\u00e1lkoz\u00e1sra. <\/p>\n<p>  Barl\u00e1n\u00e9 Kul\u00e1nda Krisztina m\u00fazeumpedag\u00f3gus Damjanich J\u00e1nos M\u00fazeum  <br \/>-&#8220;Egy\u00fctt lenni j\u00f3, egy\u00fctt tenni j\u00f3. Felh\u00edvja a figyelmet arra, hogy  a k\u00fcl\u00f6nb\u00f6z\u0151 gener\u00e1ci\u00f3k mennyit tanulhatnak egym\u00e1st\u00f3l, illetve mennyire j\u00f3l \u00e9rezhetik egym\u00e1s t\u00e1rsas\u00e1g\u00e1ban magukat. &#8211;<\/p>\n<p>A szolnoki nyugd\u00edjas klubok \u00e9s a di\u00e1kok csapatai els\u0151k\u00e9nt filmfeladv\u00e1nyokat kaptak. A nyugd\u00edjasok csapatai \u00e9pp\u00fagy pillanatok alatt felismert\u00e9k a Harry Potter \u00e9s az Alkonyat c. film k\u00e9pkock\u00e1it, mint a d\u00e1kok az Egri csillagok\u00e9t, \u00e9s a J\u00f3, a rossz \u00e9s a Cs\u00faf\u00e9t. <\/p>\n<p>Dob\u00f3 Dezs\u0151n\u00e9, Nefelejcs csapat: <br \/>-&#8220;Bizony\u00e1ra az\u00e9rt mert mindannyiunk csal\u00e1dj\u00e1ban vannak gyermekek, ak\u00e1r unok\u00e1k is, k\u00fcl\u00f6nb\u00f6z\u0151 koroszt\u00e1ly\u00faak \u00e9s sokat foglalkoztunk vel\u00fck \u00e9s az\u00e9rt van az, hogy tal\u00e1n jobban benne vagyunk az \u0151 \u00e9let\u00fckbe. &#8211;<\/p>\n<p>A fiatalok is okoztak meglepet\u00e9seket, hiszen k\u00fcl\u00f6nleges  recepteket is felismertek. A zenei feladv\u00e1nyok is a gener\u00e1ci\u00f3k egy\u00fcttm\u0171k\u00f6d\u00e9s\u00e9t szimboliz\u00e1lt\u00e1k.<br \/> Valamennyi r\u00e9sztvev\u0151 nagyon \u00e9lvezte a d\u00e9lut\u00e1nt. <\/p>\n<p> Szekeres Dalma,  Vadmacsk\u00e1k csapat: <br \/>-&#8220;Nagyon \u00e9rdekes \u00e9s j\u00f3, hogy \u00edgy \u00f6ssze tudta mosni a k\u00e9t gener\u00e1ci\u00f3t , nagyon izgalmas volt. Kicsit but\u00e1nak \u00e9rezz\u00fck magunkat, mert az id\u0151sebb gener\u00e1ci\u00f3 azt is tudja, amit mi is tudunk, viszont mi meg nem biztos, hogy amit \u0151k meg\u00e9ltek azt tudjuk. &#8211;<\/p>\n<p> A fiatalok meglep\u0151dtek a nyugd\u00edjasok tud\u00e1s\u00e1n. <\/p>\n<p> Szatm\u00e1ri Soma ,  Retr\u00f3 cic\u00e1k csapat : <br \/>-&#8220;El\u00e9g j\u00f3nak, ahhoz k\u00e9pest, hogy \u0151k nem ebben a korszakban n\u0151ttek f\u00f6l. A mi\u00e9nket meg kicsit gyeng\u00e9bbnek.&#8221; <\/p>\n<p>Somogyi M\u00e1ria,  \u00d6sszetart\u00e1s csapat: <br \/>-&#8220;T\u00f6bb ilyen kellene, hogy k\u00f6zelebb ker\u00fclj\u00fcnk egym\u00e1shoz, hogy ne legyen ez, hogy \u0151 fiatal \u00e9n id\u0151s vagyok, hiszen nem sz\u00e1m\u00edt.&#8221; <\/p>\n<p> Utols\u00f3 feladatk\u00e9nt k\u00f6z\u00f6s munk\u00e1ban kellett a v\u00e1ros jellegzetes \u00e9p\u00fcleteit elhelyezni egy r\u00e9gi t\u00e9rk\u00e9pen, ahol egym\u00e1st seg\u00edtve, egym\u00e1s tud\u00e1s\u00e1t kieg\u00e9sz\u00edtve gondolkodtak egy\u00fctt a gener\u00e1ci\u00f3k. <\/p>\n<div style=\"width: 640px;\" class=\"wp-video\"><!--[if lt IE 9]><script>document.createElement('video');<\/script><![endif]-->\n<video class=\"wp-video-shortcode\" id=\"video-9005-1\" width=\"640\" height=\"360\" preload=\"metadata\" controls=\"controls\"><source type=\"video\/mp4\" src=\"\/spots\/hir\/hir_180511_06.mp4?_=1\" \/><a href=\"\/spots\/hir\/hir_180511_06.mp4\">\/spots\/hir\/hir_180511_06.mp4<\/a><\/video><\/div>\n","protected":false},"excerpt":{"rendered":"<p>K\u00fcl\u00f6nleges j\u00e1t\u00e9kos vet\u00e9lked\u0151re invit\u00e1lt\u00e1k a nyugd\u00edjasokat \u00e9s a kamaszokat a Damjanich J\u00e1nos M\u00fazeumba. A K\u00f6z\u00f6ss\u00e9gek Hete c. orsz\u00e1gos programsorozathoz csatlakozva a gener\u00e1ci\u00f3kat hozt\u00e1k \u00f6ssze egy k\u00f6z\u00f6s tal\u00e1lkoz\u00e1sra. Barl\u00e1n\u00e9 Kul\u00e1nda Krisztina m\u00fazeumpedag\u00f3gus Damjanich J\u00e1nos M\u00fazeum -&#8220;Egy\u00fctt lenni j\u00f3, egy\u00fctt tenni j\u00f3. Felh\u00edvja a figyelmet arra, hogy a k\u00fcl\u00f6nb\u00f6z\u0151 gener\u00e1ci\u00f3k mennyit tanulhatnak egym\u00e1st\u00f3l, illetve mennyire j\u00f3l \u00e9rezhetik [&hellip;]<\/p>\n","protected":false},"author":2,"featured_media":0,"comment_status":"closed","ping_status":"closed","sticky":false,"template":"","format":"standard","meta":[],"categories":[9],"tags":[],"_links":{"self":[{"href":"http:\/\/archiv.szolnoktv.hu\/index.php?rest_route=\/wp\/v2\/posts\/9005"}],"collection":[{"href":"http:\/\/archiv.szolnoktv.hu\/index.php?rest_route=\/wp\/v2\/posts"}],"about":[{"href":"http:\/\/archiv.szolnoktv.hu\/index.php?rest_route=\/wp\/v2\/types\/post"}],"author":[{"embeddable":true,"href":"http:\/\/archiv.szolnoktv.hu\/index.php?rest_route=\/wp\/v2\/users\/2"}],"replies":[{"embeddable":true,"href":"http:\/\/archiv.szolnoktv.hu\/index.php?rest_route=%2Fwp%2Fv2%2Fcomments&post=9005"}],"version-history":[{"count":1,"href":"http:\/\/archiv.szolnoktv.hu\/index.php?rest_route=\/wp\/v2\/posts\/9005\/revisions"}],"predecessor-version":[{"id":9090,"href":"http:\/\/archiv.szolnoktv.hu\/index.php?rest_route=\/wp\/v2\/posts\/9005\/revisions\/9090"}],"wp:attachment":[{"href":"http:\/\/archiv.szolnoktv.hu\/index.php?rest_route=%2Fwp%2Fv2%2Fmedia&parent=9005"}],"wp:term":[{"taxonomy":"category","embeddable":true,"href":"http:\/\/archiv.szolnoktv.hu\/index.php?rest_route=%2Fwp%2Fv2%2Fcategories&post=9005"},{"taxonomy":"post_tag","embeddable":true,"href":"http:\/\/archiv.szolnoktv.hu\/index.php?rest_route=%2Fwp%2Fv2%2Ftags&post=9005"}],"curies":[{"name":"wp","href":"https:\/\/api.w.org\/{rel}","templated":true}]}}