{"id":9004,"date":"2018-05-11T18:08:51","date_gmt":"2018-05-11T18:08:51","guid":{"rendered":"http:\/\/archiv.szolnoktv.hu\/?p=9004"},"modified":"2021-08-14T14:10:35","modified_gmt":"2021-08-14T14:10:35","slug":"rezdulesek-fotokiallitas","status":"publish","type":"post","link":"http:\/\/archiv.szolnoktv.hu\/?p=9004","title":{"rendered":"Rezd\u00fcl\u00e9sek fot\u00f3ki\u00e1ll\u00edt\u00e1s"},"content":{"rendered":"<div class='booster-block booster-read-block'><\/div><p>Vihar ut\u00e1n, Modern Vil\u00e1g, Magasba T\u00f6r\u0151 csak n\u00e9h\u00e1ny f\u00e9nyk\u00e9p a Rezd\u00fcl\u00e9sek c\u00edm\u0171 fot\u00f3 ki\u00e1ll\u00edt\u00e1s alkot\u00e1si k\u00f6z\u00fcl. A k\u00e9peket Kolozsi S\u00e1ndor utaz\u00e1sai sor\u00e1n k\u00e9sz\u00edtette. A 10 \u00e9v munk\u00e1j\u00e1t fel\u00f6lel\u0151 ki\u00e1ll\u00edt\u00e1s anyaga Cs\u00edkszered\u00e1t\u00f3l Barcelon\u00e1ig, illetve Berlint\u0151l Szabadk\u00e1ig mutatja be a vil\u00e1got.<\/p>\n<p>-Ezek azoknak az \u00e9rzelmi rezd\u00fcl\u00e9sek a k\u00e9pi megjelen\u00e9sei, amiket \u00e9n \u00e9rzek j\u00e1rtamba-keltembe, f\u0151leg utaz\u00e1saim k\u00f6zben. Ezeket pr\u00f3b\u00e1lom k\u00e9pekk\u00e9 fogalmazni \u00e9s az emberek el\u00e9 t\u00e1rni. Rem\u00e9lem \u0151k is valami hasonl\u00f3t \u00e9reznek mikor megl\u00e1tj\u00e1k ezeket a k\u00e9peket, mint amit \u00e9n \u00e9reztem a felv\u00e9tel k\u00e9sz\u00edt\u00e9sekor.&#8221;- mes\u00e9lte Kolozsi S\u00e1ndor fot\u00f3m\u0171v\u00e9sz.<\/p>\n<p>A fotogr\u00e1fia Kolozsi S\u00e1ndor \u00e9let\u00e9ben 1965 \u00f3ta meghat\u00e1roz\u00f3. Munk\u00e1ja nemzetk\u00f6zi szinten is kiemelked\u0151. Az Osztr\u00e1k Fotogr\u00e1fiai T\u00e1rsas\u00e1g tev\u00e9kenys\u00e9g\u00e9t kit\u00fcntet\u00e9ssel ismerte el. Szolnokon a fot\u00f3kult\u00fara megszervez\u00e9s\u00e9ben, a J\u00e1szkun Fot\u00f3klub megalak\u00edt\u00e1s\u00e1ban, valamint a Szolnoki Fot\u00f3gal\u00e9ria l\u00e9trehoz\u00e1s\u00e1ban j\u00e1tszott fontos szerepet.<\/p>\n<p>-Nem lenne itt a falakon ez a ki\u00e1ll\u00edt\u00e1s, ha nem lenne a fot\u00f3 klub. \u00c9n amikor elkezdtem a digit\u00e1lis technik\u00e1t, akkor bizony nagyon sok tan\u00e1csra, seg\u00edts\u00e9gre szorultam \u00e9s mindig megkaptam a koll\u00e9g\u00e1kt\u00f3l. Itt is a k\u00e9pek v\u00e9gs\u0151 feldolgoz\u00e1sa- ugye digit\u00e1lisn\u00e1l nem \u00fagy van, ahogy kiesik a g\u00e9pb\u0151l, abb\u00f3l ki\u00e1ll\u00edt\u00e1si k\u00e9p van. El\u00e9g sok ut\u00f3munk\u00e1ra van sz\u00fcks\u00e9g, ebben mindig seg\u00edtenek a fot\u00f3s koll\u00e9g\u00e1k.&#8221;- tette hozz\u00e1 Kolozsi S\u00e1ndor.<\/p>\n<p>-Szolnok kultur\u00e1lis \u00e9let\u00e9ben bet\u00f6lt\u00f6tt, kiemelked\u0151 szerep\u00e9\u00e9rt a J\u00e1szkun Fot\u00f3klub megalak\u00edt\u00e1s\u00e1\u00e9rt \u00e9s 70. sz\u00fclet\u00e9snapja alkalm\u00e1val Szolnok\u00e9rt Eml\u00e9k\u00e9rem arany fokozat\u00e1t&#8230;&#8221;<br \/>Ezekkel az elismer\u0151 szavakkal adta \u00e1t a megnyit\u00f3n Szab\u00f3 Istv\u00e1n alpolg\u00e1rmester a Szolnok\u00e9rt Eml\u00e9k\u00e9rem arany fokozat\u00e1t. Kolozsi S\u00e1ndor 70. sz\u00fclet\u00e9snapja alkalm\u00e1b\u00f3l k\u00e9sz\u00edtett ki\u00e1ll\u00edt\u00e1s j\u00fanius 2-ig v\u00e1rja az \u00e9rdekl\u0151d\u0151ket a Verseghy Ferenc K\u00f6nyvt\u00e1rban. <\/p>\n<div style=\"width: 640px;\" class=\"wp-video\"><!--[if lt IE 9]><script>document.createElement('video');<\/script><![endif]-->\n<video class=\"wp-video-shortcode\" id=\"video-9004-1\" width=\"640\" height=\"360\" preload=\"metadata\" controls=\"controls\"><source type=\"video\/mp4\" src=\"\/spots\/hir\/hir_180511_04.mp4?_=1\" \/><a href=\"\/spots\/hir\/hir_180511_04.mp4\">\/spots\/hir\/hir_180511_04.mp4<\/a><\/video><\/div>\n","protected":false},"excerpt":{"rendered":"<p>Vihar ut\u00e1n, Modern Vil\u00e1g, Magasba T\u00f6r\u0151 csak n\u00e9h\u00e1ny f\u00e9nyk\u00e9p a Rezd\u00fcl\u00e9sek c\u00edm\u0171 fot\u00f3 ki\u00e1ll\u00edt\u00e1s alkot\u00e1si k\u00f6z\u00fcl. A k\u00e9peket Kolozsi S\u00e1ndor utaz\u00e1sai sor\u00e1n k\u00e9sz\u00edtette. A 10 \u00e9v munk\u00e1j\u00e1t fel\u00f6lel\u0151 ki\u00e1ll\u00edt\u00e1s anyaga Cs\u00edkszered\u00e1t\u00f3l Barcelon\u00e1ig, illetve Berlint\u0151l Szabadk\u00e1ig mutatja be a vil\u00e1got. -Ezek azoknak az \u00e9rzelmi rezd\u00fcl\u00e9sek a k\u00e9pi megjelen\u00e9sei, amiket \u00e9n \u00e9rzek j\u00e1rtamba-keltembe, f\u0151leg utaz\u00e1saim k\u00f6zben. Ezeket [&hellip;]<\/p>\n","protected":false},"author":2,"featured_media":0,"comment_status":"closed","ping_status":"closed","sticky":false,"template":"","format":"standard","meta":[],"categories":[9],"tags":[],"_links":{"self":[{"href":"http:\/\/archiv.szolnoktv.hu\/index.php?rest_route=\/wp\/v2\/posts\/9004"}],"collection":[{"href":"http:\/\/archiv.szolnoktv.hu\/index.php?rest_route=\/wp\/v2\/posts"}],"about":[{"href":"http:\/\/archiv.szolnoktv.hu\/index.php?rest_route=\/wp\/v2\/types\/post"}],"author":[{"embeddable":true,"href":"http:\/\/archiv.szolnoktv.hu\/index.php?rest_route=\/wp\/v2\/users\/2"}],"replies":[{"embeddable":true,"href":"http:\/\/archiv.szolnoktv.hu\/index.php?rest_route=%2Fwp%2Fv2%2Fcomments&post=9004"}],"version-history":[{"count":1,"href":"http:\/\/archiv.szolnoktv.hu\/index.php?rest_route=\/wp\/v2\/posts\/9004\/revisions"}],"predecessor-version":[{"id":9091,"href":"http:\/\/archiv.szolnoktv.hu\/index.php?rest_route=\/wp\/v2\/posts\/9004\/revisions\/9091"}],"wp:attachment":[{"href":"http:\/\/archiv.szolnoktv.hu\/index.php?rest_route=%2Fwp%2Fv2%2Fmedia&parent=9004"}],"wp:term":[{"taxonomy":"category","embeddable":true,"href":"http:\/\/archiv.szolnoktv.hu\/index.php?rest_route=%2Fwp%2Fv2%2Fcategories&post=9004"},{"taxonomy":"post_tag","embeddable":true,"href":"http:\/\/archiv.szolnoktv.hu\/index.php?rest_route=%2Fwp%2Fv2%2Ftags&post=9004"}],"curies":[{"name":"wp","href":"https:\/\/api.w.org\/{rel}","templated":true}]}}