{"id":9003,"date":"2018-05-11T17:45:05","date_gmt":"2018-05-11T17:45:05","guid":{"rendered":"http:\/\/archiv.szolnoktv.hu\/?p=9003"},"modified":"2021-08-14T14:10:35","modified_gmt":"2021-08-14T14:10:35","slug":"kuka-kultura","status":"publish","type":"post","link":"http:\/\/archiv.szolnoktv.hu\/?p=9003","title":{"rendered":"Kuka kult\u00fara"},"content":{"rendered":"<div class='booster-block booster-read-block'><\/div><p>Az NHSZ Kuka kult\u00fara elnevez\u00e9s\u0171 programj\u00e1n a szandai Hullad\u00e9kudvarban j\u00e1rtak a K\u0151r\u00f6si Csoma S\u00e1ndor \u00c1ltal\u00e1nos Iskola harmadik oszt\u00e1lyos di\u00e1kjai. Itt megtudt\u00e1k: nemcsak a tejes doboz, a pap\u00edrhullad\u00e9k \u00e9s a m\u0171anyagpalack j\u00e1r be m\u00e1s \u00e9s m\u00e1s utat az \u00fajrahasznos\u00edt\u00e1s sor\u00e1n, hanem  &#8211;   t\u00f6bbek k\u00f6z\u00f6tt- az \u00e9tolaj is. <\/p>\n<p>-Itt a vesz\u00e9lyes hullad\u00e9kot ne, hogy az \u00e9tolajat egy ilyen nagy kont\u00e9nerbe \u00f6ntik bele, mert \u00e9n ezt \u00fagy nem tudtam.&#8221; -mondta M\u00e1lik D\u00f3ra Vanda.<\/p>\n<p>A haszn\u00e1laton k\u00edv\u00fcli, elromlott elektronikai t\u00e1rgyak t\u00e1rol\u00e1s\u00e1r\u00f3l \u00e9s \u00fajrahasznos\u00edt\u00e1s\u00e1r\u00f3l, valamint vesz\u00e9lyes orvosi hullad\u00e9kok lead\u00e1s\u00e1r\u00f3l is \u00faj ismereteket szereztek a gyerekek.<\/p>\n<p>-A gy\u00f3gyszereket nem szabad behozni a vesz\u00e9lyes hullad\u00e9kgy\u0171jt\u0151be, hanem le kell adni gy\u00f3gyszert\u00e1rakban&#8221; -mondta Amran Nada, harmadik oszt\u00e1lyos tanul\u00f3.<\/p>\n<p>A gyerekek orsz\u00e1gos k\u00f6rnyezetismeret versenyre k\u00e9sz\u00fclve el\u0151zetes ismereteiket \u00fajakkal b\u0151v\u00edtettek. A hullad\u00e9k kezel\u00e9s\u00e9vel kapcsolatos innov\u00e1ci\u00f3s folyamatok megismer\u00e9se azonban c\u00e9gek \u00e9s int\u00e9zm\u00e9nyek sz\u00e1m\u00e1ra is hasznos lehet.<\/p>\n<p>-Az egyik legfontosabb k\u00e9rd\u00e9s, hiszen hogy hogyan \u00e9lnek majd az ut\u00f3daink a mi felel\u0151ss\u00e9g\u00fcnk. \u00c9s mivel \u00e9n a p\u00e1lyafut\u00e1som sor\u00e1n, t\u00f6bb \u00e9vtizeden kereszt\u00fcl a k\u00f6rnyezetismeret tant\u00e1rgyat tan\u00edtottam, \u00edgy tulajdonk\u00e9ppen magam is fejl\u0151dtem, \u00fagy ahogy ez az eg\u00e9sz ter\u00fclet is fejl\u0151dik a mi orsz\u00e1gunkban is \u00e9s vil\u00e1gszerte.&#8221;-nyilatkozta Barta Gabriella, a  K\u0151r\u00f6si Csoma S\u00e1ndor \u00c1ltal\u00e1nos Iskola \u00e9s Alapfok\u00fa M\u0171v\u00e9szeti Iskola tan\u00e1ra.<\/p>\n<p>Az \u00fczeml\u00e1togat\u00e1sok sor\u00e1n hiteles inform\u00e1ci\u00f3kat kapnak a hullad\u00e9k kezel\u00e9sr\u0151l \u00e9s a feleslegess\u00e9 v\u00e1lt anyagok szelekt\u00edv gy\u0171jt\u00e9s\u00e9nek m\u00f3dj\u00e1r\u00f3l is. Azok, akik k\u00edv\u00e1ncsiak a hullad\u00e9kkezel\u00e9s kulisszatitkaira,  az NHSZSZOLNOK.HU oldalon jelentkezhetnek a programra.<\/p>\n<div style=\"width: 640px;\" class=\"wp-video\"><!--[if lt IE 9]><script>document.createElement('video');<\/script><![endif]-->\n<video class=\"wp-video-shortcode\" id=\"video-9003-1\" width=\"640\" height=\"360\" preload=\"metadata\" controls=\"controls\"><source type=\"video\/mp4\" src=\"\/spots\/hir\/hir_180511_05.mp4?_=1\" \/><a href=\"\/spots\/hir\/hir_180511_05.mp4\">\/spots\/hir\/hir_180511_05.mp4<\/a><\/video><\/div>\n","protected":false},"excerpt":{"rendered":"<p>Az NHSZ Kuka kult\u00fara elnevez\u00e9s\u0171 programj\u00e1n a szandai Hullad\u00e9kudvarban j\u00e1rtak a K\u0151r\u00f6si Csoma S\u00e1ndor \u00c1ltal\u00e1nos Iskola harmadik oszt\u00e1lyos di\u00e1kjai. Itt megtudt\u00e1k: nemcsak a tejes doboz, a pap\u00edrhullad\u00e9k \u00e9s a m\u0171anyagpalack j\u00e1r be m\u00e1s \u00e9s m\u00e1s utat az \u00fajrahasznos\u00edt\u00e1s sor\u00e1n, hanem &#8211; t\u00f6bbek k\u00f6z\u00f6tt- az \u00e9tolaj is. -Itt a vesz\u00e9lyes hullad\u00e9kot ne, hogy az \u00e9tolajat egy [&hellip;]<\/p>\n","protected":false},"author":2,"featured_media":0,"comment_status":"closed","ping_status":"closed","sticky":false,"template":"","format":"standard","meta":[],"categories":[9],"tags":[],"_links":{"self":[{"href":"http:\/\/archiv.szolnoktv.hu\/index.php?rest_route=\/wp\/v2\/posts\/9003"}],"collection":[{"href":"http:\/\/archiv.szolnoktv.hu\/index.php?rest_route=\/wp\/v2\/posts"}],"about":[{"href":"http:\/\/archiv.szolnoktv.hu\/index.php?rest_route=\/wp\/v2\/types\/post"}],"author":[{"embeddable":true,"href":"http:\/\/archiv.szolnoktv.hu\/index.php?rest_route=\/wp\/v2\/users\/2"}],"replies":[{"embeddable":true,"href":"http:\/\/archiv.szolnoktv.hu\/index.php?rest_route=%2Fwp%2Fv2%2Fcomments&post=9003"}],"version-history":[{"count":1,"href":"http:\/\/archiv.szolnoktv.hu\/index.php?rest_route=\/wp\/v2\/posts\/9003\/revisions"}],"predecessor-version":[{"id":9092,"href":"http:\/\/archiv.szolnoktv.hu\/index.php?rest_route=\/wp\/v2\/posts\/9003\/revisions\/9092"}],"wp:attachment":[{"href":"http:\/\/archiv.szolnoktv.hu\/index.php?rest_route=%2Fwp%2Fv2%2Fmedia&parent=9003"}],"wp:term":[{"taxonomy":"category","embeddable":true,"href":"http:\/\/archiv.szolnoktv.hu\/index.php?rest_route=%2Fwp%2Fv2%2Fcategories&post=9003"},{"taxonomy":"post_tag","embeddable":true,"href":"http:\/\/archiv.szolnoktv.hu\/index.php?rest_route=%2Fwp%2Fv2%2Ftags&post=9003"}],"curies":[{"name":"wp","href":"https:\/\/api.w.org\/{rel}","templated":true}]}}