{"id":9002,"date":"2018-05-11T17:35:49","date_gmt":"2018-05-11T17:35:49","guid":{"rendered":"http:\/\/archiv.szolnoktv.hu\/?p=9002"},"modified":"2021-08-14T14:10:35","modified_gmt":"2021-08-14T14:10:35","slug":"vizirendeszeti-nyilt-nap-2","status":"publish","type":"post","link":"http:\/\/archiv.szolnoktv.hu\/?p=9002","title":{"rendered":"Vizirend\u00e9szeti ny\u00edlt nap"},"content":{"rendered":"<div class='booster-block booster-read-block'><\/div><p>Jobb f\u00e9lni mint megijedni. A mond\u00e1s k\u00fcl\u00f6n\u00f6sen igaz a vadv\u00edzi f\u00fcrd\u0151z\u00e9sre. A Tisza sajnos nem egy \u00e1ldozatot k\u00f6vetelt m\u00e1r az elm\u00falt \u00e9vekben.<\/p>\n<p>&#8220;N\u00e9h\u00e1ny \u00e9vet \u00f6sszehasonl\u00edtva az elmondhat\u00f3, hogy cs\u00f6kken\u0151 tendenci\u00e1r\u00f3l besz\u00e9l\u00fcnk. Sajnos a j\u00f3 id\u0151 bek\u00f6sz\u00f6nt\u00e9vel mindig t\u00f6rt\u00e9nnek trag\u00e9di\u00e1k. A trag\u00e9di\u00e1k bek\u00f6vetkezt\u00e9s\u00e9nek a legfontosabb oka sajnos a felel\u0151tlens\u00e9g \u00e9s az alkoholfogyaszt\u00e1s. Mi azt tan\u00e1csoljuk \u00e9s azt javasoljuk mindenkinek, hogy a szabad f\u00fcrd\u0151helyeket amelyek kijel\u00f6lt elj\u00e1r\u00e1s keret\u00e9ben biztons\u00e1gos k\u00f6r\u00fclm\u00e9nyek k\u00f6zt biztos\u00edtja a f\u00fcrd\u0151z\u00e9st azokat l\u00e1togass\u00e1k.&#8221;- eml\u00e9keztetett r\u00e1 Busi L\u00e1szl\u00f3 a Tiszai Vizirend\u00e9szeti Rend\u0151rkapit\u00e1nys\u00e1g vezet\u0151je<\/p>\n<p>A rend\u0151rs\u00e9gi ny\u00edlt napon a t\u00e1rsszervek is bemutatkoztak, \u00e1m a legt\u00f6bben a rend\u0151rs\u00e9gi motorcs\u00f3nak ut\u00e1n \u00e1hitoztak. A foly\u00f3 apad\u00e1s\u00e1val p\u00e1rhuzamosan a homokpadok is megjelennek- \u00edgy a f\u00fcrd\u0151z\u00e9snek sem lesz akad\u00e1lya. <\/p>\n<p>&#8220;\u00c9n m\u00e1r f\u00fcr\u00f6dtem a Tisz\u00e1ban \u00e9s azt tapasztaltam, hogy sok helyen vannak ilyen lyukak \u00e9s ez nagyon vesz\u00e9lyes lehet, mert ha elmer\u00fcl benne az ember, akkor hirtelen nem tud reag\u00e1lni \u00e9s \u00edgy ak\u00e1r eszm\u00e9let\u00e9t is vesztheti.&#8221;- mondja az \u00f6t\u00f6dike Vinnai \u00c1d\u00e1m, aki Szajolb\u00f3l \u00e9rkezett a ny\u00edlt napra.<\/p>\n<p>A ny\u00edlt napon elhangzott- a tilalom al\u00e1 es\u0151 foly\u00f3szakaszok kiv\u00e9tel\u00e9vel a f\u00fcrd\u0151z\u00e9snek nincs akad\u00e1lya. Azonban m\u0171t\u00e1rgyak- szivatty\u00fak, haj\u00f3kik\u00f6t\u0151k, hidak k\u00f6zel\u00e9ben tilos a v\u00edzbe menni. Aki lakott ter\u00fclett\u0151l t\u00e1vol szeretne megm\u00e1rt\u00f3zni, lehet\u0151leg ne egyed\u00fcl menjen. Tov\u00e1bb\u00e1 rossz l\u00e1t\u00e1si- \u00e9s id\u0151j\u00e1r\u00e1si viszonyok mellett sem tan\u00e1csos a foly\u00f3ban tart\u00f3zkodni. A Tisza v\u00edzh\u0151m\u00e9rs\u00e9klete jelenleg 20 fok k\u00f6zel\u00e9ben van.<\/p>\n<div style=\"width: 640px;\" class=\"wp-video\"><!--[if lt IE 9]><script>document.createElement('video');<\/script><![endif]-->\n<video class=\"wp-video-shortcode\" id=\"video-9002-1\" width=\"640\" height=\"360\" preload=\"metadata\" controls=\"controls\"><source type=\"video\/mp4\" src=\"\/spots\/hir\/hir_180511_02.mp4?_=1\" \/><a href=\"\/spots\/hir\/hir_180511_02.mp4\">\/spots\/hir\/hir_180511_02.mp4<\/a><\/video><\/div>\n","protected":false},"excerpt":{"rendered":"<p>Jobb f\u00e9lni mint megijedni. A mond\u00e1s k\u00fcl\u00f6n\u00f6sen igaz a vadv\u00edzi f\u00fcrd\u0151z\u00e9sre. A Tisza sajnos nem egy \u00e1ldozatot k\u00f6vetelt m\u00e1r az elm\u00falt \u00e9vekben. &#8220;N\u00e9h\u00e1ny \u00e9vet \u00f6sszehasonl\u00edtva az elmondhat\u00f3, hogy cs\u00f6kken\u0151 tendenci\u00e1r\u00f3l besz\u00e9l\u00fcnk. Sajnos a j\u00f3 id\u0151 bek\u00f6sz\u00f6nt\u00e9vel mindig t\u00f6rt\u00e9nnek trag\u00e9di\u00e1k. A trag\u00e9di\u00e1k bek\u00f6vetkezt\u00e9s\u00e9nek a legfontosabb oka sajnos a felel\u0151tlens\u00e9g \u00e9s az alkoholfogyaszt\u00e1s. Mi azt tan\u00e1csoljuk \u00e9s [&hellip;]<\/p>\n","protected":false},"author":2,"featured_media":0,"comment_status":"closed","ping_status":"closed","sticky":false,"template":"","format":"standard","meta":[],"categories":[9],"tags":[],"_links":{"self":[{"href":"http:\/\/archiv.szolnoktv.hu\/index.php?rest_route=\/wp\/v2\/posts\/9002"}],"collection":[{"href":"http:\/\/archiv.szolnoktv.hu\/index.php?rest_route=\/wp\/v2\/posts"}],"about":[{"href":"http:\/\/archiv.szolnoktv.hu\/index.php?rest_route=\/wp\/v2\/types\/post"}],"author":[{"embeddable":true,"href":"http:\/\/archiv.szolnoktv.hu\/index.php?rest_route=\/wp\/v2\/users\/2"}],"replies":[{"embeddable":true,"href":"http:\/\/archiv.szolnoktv.hu\/index.php?rest_route=%2Fwp%2Fv2%2Fcomments&post=9002"}],"version-history":[{"count":1,"href":"http:\/\/archiv.szolnoktv.hu\/index.php?rest_route=\/wp\/v2\/posts\/9002\/revisions"}],"predecessor-version":[{"id":9093,"href":"http:\/\/archiv.szolnoktv.hu\/index.php?rest_route=\/wp\/v2\/posts\/9002\/revisions\/9093"}],"wp:attachment":[{"href":"http:\/\/archiv.szolnoktv.hu\/index.php?rest_route=%2Fwp%2Fv2%2Fmedia&parent=9002"}],"wp:term":[{"taxonomy":"category","embeddable":true,"href":"http:\/\/archiv.szolnoktv.hu\/index.php?rest_route=%2Fwp%2Fv2%2Fcategories&post=9002"},{"taxonomy":"post_tag","embeddable":true,"href":"http:\/\/archiv.szolnoktv.hu\/index.php?rest_route=%2Fwp%2Fv2%2Ftags&post=9002"}],"curies":[{"name":"wp","href":"https:\/\/api.w.org\/{rel}","templated":true}]}}