{"id":9001,"date":"2018-05-11T17:15:52","date_gmt":"2018-05-11T17:15:52","guid":{"rendered":"http:\/\/archiv.szolnoktv.hu\/?p=9001"},"modified":"2021-08-14T14:10:35","modified_gmt":"2021-08-14T14:10:35","slug":"muveszeti-iskolak-galaja","status":"publish","type":"post","link":"http:\/\/archiv.szolnoktv.hu\/?p=9001","title":{"rendered":"M\u0171v\u00e9szeti Iskol\u00e1k G\u00e1l\u00e1ja"},"content":{"rendered":"<div class='booster-block booster-read-block'><\/div><p>\u00c9nekkel, jazz balettel \u00e9s hangszeres j\u00e1t\u00e9kkal k\u00e1pr\u00e1ztatt\u00e1k el a k\u00f6z\u00f6ns\u00e9get a M\u0171v\u00e9szeti Iskol\u00e1k G\u00e1l\u00e1j\u00e1nak fell\u00e9p\u0151i. Az el\u0151ad\u00e1st 9 alap \u00e9s k\u00f6z\u00e9pfok\u00fa m\u0171v\u00e9szeti oktat\u00e1ssal foglalkoz\u00f3 int\u00e9zm\u00e9ny \u00e1ll\u00edtotta \u00f6ssze. A fell\u00e9p\u00e9sre mindenki sokat k\u00e9sz\u00fclt, hiszen voltak olyan gyerekek, akik t\u00f6bb m\u0171vel is sz\u00ednpadra \u00e1lltak.<\/p>\n<p> -A Hangol\u00f3 dalt, a M\u00e1jusi dalt \u00e9s az Allegrot. Nem volt t\u00fals\u00e1gosan neh\u00e9z megtanulni, de az\u00e9rt sokat k\u00e9sz\u00fclt\u00fcnk r\u00e1.&#8221;- mondta Budai Anna.<\/p>\n<p>-Ebben az \u00e9vben kezdt\u00fck a dalt tanulni, ezt a zen\u00e9t \u00e9s 2-3 h\u00f3napot legal\u00e1bb gyakoroltunk r\u00e1.&#8221;- tette hozz\u00e1 Turzai Magda Panna.<\/p>\n<p>A koreogr\u00e1fi\u00e1k meg\u00e1lmod\u00e1s\u00e1ban t\u00f6bb mint 20 felk\u00e9sz\u00edt\u0151 tan\u00e1r vett r\u00e9szt. A k\u00f6z\u00f6ns\u00e9g olyan produkci\u00f3kat is l\u00e1thatott, ami egy t\u00f6rt\u00e9netet mes\u00e9lt el. <\/p>\n<p>-Isten hozott, \u00f6rd\u00f6g vigyen Jank\u00f3. Mert \u00e9n vagyok Jank\u00f3 a f\u0151szerepl\u0151 \u00e9s a Ha megfogom az \u00f6rd\u00f6g\u00f6t t\u00e1ncoljuk.&#8221;- mes\u00e9lte L\u00e1szl\u00f3 \u00c1d\u00e1m.<\/p>\n<p> -Szolnoki m\u0171v\u00e9szeti iskol\u00e1k g\u00e1l\u00e1ja alap- \u00e9s k\u00f6z\u00e9pfok\u00fa m\u0171v\u00e9szetoktat\u00e1s eredm\u00e9nyeinek bemutat\u00e1sa. Id\u00e9n 9 int\u00e9zm\u00e9ny, kb. 200 tanul\u00f3val, t\u00f6bb mint 20 felk\u00e9sz\u00edt\u0151tan\u00e1r \u00e1ll\u00edtotta \u00f6ssze ezeket a produkci\u00f3kat sz\u00ednpadra. Gyakorlatilag ez egy k\u00f6z\u00f6s m\u0171sor, t\u00e9nyleg egy k\u00f6z\u00f6s bemutatkoz\u00e1s, egy sz\u00ednes paletta.&#8221;- mondta Abonyi Katalin a Szolnoki Bart\u00f3k B\u00e9la Alapfok\u00fa M\u0171v\u00e9szeti Iskola int\u00e9zm\u00e9nyvezet\u0151je.<\/p>\n<p>A m\u0171v\u00e9szeti g\u00e1l\u00e1t tavaly hagyom\u00e1nyteremt\u0151 c\u00e9llal ind\u00edtott\u00e1k el. A szervez\u0151k a rendezv\u00e9nyt a j\u00f6v\u0151ben k\u00e9t\u00e9vente szeretn\u00e9k megrendezni.<\/p>\n<div style=\"width: 640px;\" class=\"wp-video\"><!--[if lt IE 9]><script>document.createElement('video');<\/script><![endif]-->\n<video class=\"wp-video-shortcode\" id=\"video-9001-1\" width=\"640\" height=\"360\" preload=\"metadata\" controls=\"controls\"><source type=\"video\/mp4\" src=\"\/spots\/hir\/hir_180511_01.mp4?_=1\" \/><a href=\"\/spots\/hir\/hir_180511_01.mp4\">\/spots\/hir\/hir_180511_01.mp4<\/a><\/video><\/div>\n","protected":false},"excerpt":{"rendered":"<p>\u00c9nekkel, jazz balettel \u00e9s hangszeres j\u00e1t\u00e9kkal k\u00e1pr\u00e1ztatt\u00e1k el a k\u00f6z\u00f6ns\u00e9get a M\u0171v\u00e9szeti Iskol\u00e1k G\u00e1l\u00e1j\u00e1nak fell\u00e9p\u0151i. Az el\u0151ad\u00e1st 9 alap \u00e9s k\u00f6z\u00e9pfok\u00fa m\u0171v\u00e9szeti oktat\u00e1ssal foglalkoz\u00f3 int\u00e9zm\u00e9ny \u00e1ll\u00edtotta \u00f6ssze. A fell\u00e9p\u00e9sre mindenki sokat k\u00e9sz\u00fclt, hiszen voltak olyan gyerekek, akik t\u00f6bb m\u0171vel is sz\u00ednpadra \u00e1lltak. -A Hangol\u00f3 dalt, a M\u00e1jusi dalt \u00e9s az Allegrot. Nem volt t\u00fals\u00e1gosan neh\u00e9z [&hellip;]<\/p>\n","protected":false},"author":2,"featured_media":0,"comment_status":"closed","ping_status":"closed","sticky":false,"template":"","format":"standard","meta":[],"categories":[9],"tags":[],"_links":{"self":[{"href":"http:\/\/archiv.szolnoktv.hu\/index.php?rest_route=\/wp\/v2\/posts\/9001"}],"collection":[{"href":"http:\/\/archiv.szolnoktv.hu\/index.php?rest_route=\/wp\/v2\/posts"}],"about":[{"href":"http:\/\/archiv.szolnoktv.hu\/index.php?rest_route=\/wp\/v2\/types\/post"}],"author":[{"embeddable":true,"href":"http:\/\/archiv.szolnoktv.hu\/index.php?rest_route=\/wp\/v2\/users\/2"}],"replies":[{"embeddable":true,"href":"http:\/\/archiv.szolnoktv.hu\/index.php?rest_route=%2Fwp%2Fv2%2Fcomments&post=9001"}],"version-history":[{"count":1,"href":"http:\/\/archiv.szolnoktv.hu\/index.php?rest_route=\/wp\/v2\/posts\/9001\/revisions"}],"predecessor-version":[{"id":9094,"href":"http:\/\/archiv.szolnoktv.hu\/index.php?rest_route=\/wp\/v2\/posts\/9001\/revisions\/9094"}],"wp:attachment":[{"href":"http:\/\/archiv.szolnoktv.hu\/index.php?rest_route=%2Fwp%2Fv2%2Fmedia&parent=9001"}],"wp:term":[{"taxonomy":"category","embeddable":true,"href":"http:\/\/archiv.szolnoktv.hu\/index.php?rest_route=%2Fwp%2Fv2%2Fcategories&post=9001"},{"taxonomy":"post_tag","embeddable":true,"href":"http:\/\/archiv.szolnoktv.hu\/index.php?rest_route=%2Fwp%2Fv2%2Ftags&post=9001"}],"curies":[{"name":"wp","href":"https:\/\/api.w.org\/{rel}","templated":true}]}}