{"id":9000,"date":"2018-05-10T18:03:44","date_gmt":"2018-05-10T18:03:44","guid":{"rendered":"http:\/\/archiv.szolnoktv.hu\/?p=9000"},"modified":"2021-08-14T14:10:35","modified_gmt":"2021-08-14T14:10:35","slug":"letette-eskujet-orban-viktor","status":"publish","type":"post","link":"http:\/\/archiv.szolnoktv.hu\/?p=9000","title":{"rendered":"Letette esk\u00fcj\u00e9t Orb\u00e1n Viktor"},"content":{"rendered":"<div class='booster-block booster-read-block'><\/div><p>Orb\u00e1n Viktor negyedszer is haz\u00e1nk minisztereln\u00f6ke. Err\u0151l d\u00f6nt\u00f6ttek ma az orsz\u00e1ggy\u0171l\u00e9si k\u00e9pvisel\u0151k. A minisztereln\u00f6k a jelenlegi parlamenti ciklus idej\u00e9re is letette esk\u00fcj\u00e9t.<br \/>Orb\u00e1n Viktor besz\u00e9d\u00e9ben hangs\u00falyozta: a nemzet minden polg\u00e1r\u00e1t k\u00e9pviseli majd, \u00e9s 15 milli\u00f3 magyar minisztereln\u00f6ke lesz tov\u00e1bbra is. Hossz\u00fa t\u00e1vra tervez, 12 \u00e9ves intervallumban gondolkodik.<br \/>&#8220;Magyarorsz\u00e1g 2030-ra az UNIO els\u0151 5 olyan orsz\u00e1ga lesz, ahol j\u00f3 \u00e9lni, dolgozni \u00e9s lakni. Az \u00faj t\u00edpus\u00fa versenyben, ahol a min\u0151s\u00e9g sz\u00e1m\u00edt, szint\u00e9n az UNI\u00d3 els\u0151 5 legjobb orsz\u00e1ga k\u00f6zt lesz Magyarorsz\u00e1g.&#8221; -mondta ORB\u00c1N VIKTOR minisztereln\u00f6k.<br \/>&#8220;A k\u00f6vetkez\u0151 ciklusban meg\u00e1ll\u00edtjuk a n\u00e9pesed\u00e9s cs\u00f6kken\u00e9s\u00e9t, s\u0151t &#8211; visszaford\u00edtjuk azt&#8221; -folytatta a minisztereln\u00f6k. \u00cdg\u00e9rete szerint minden megyei jog\u00fa v\u00e1rost gyorsforgalmi \u00fat k\u00f6t majd \u00f6ssze Budapesttel, elk\u00e9sz\u00fclnek a hat\u00e1rokig el\u00e9r\u0151 aut\u00f3p\u00e1ly\u00e1k, \u00e9s Paks 2-nek k\u00f6sz\u00f6nhet\u0151en a tiszta energiatermel\u00e9s \u00e9lvonal\u00e1ba ker\u00fcl majd haz\u00e1nk. Tov\u00e1bb er\u0151s\u00edtik a hazai v\u00e1llalkoz\u00e1sokat, \u00e9sszer\u0171s\u00edtik az eg\u00e9szs\u00e9g\u00fcgyet \u00e9s \u00faj magyar honv\u00e9ds\u00e9get \u00e9p\u00edtenek -fogalmazott Orb\u00e1n Viktor. C\u00e9ljuk, hogy \u00f6sszefogva m\u00e1s nemzetekkel lerakj\u00e1k egy er\u0151s K\u00f6z\u00e9p-Eur\u00f3pai Gazdas\u00e1gi T\u00e9rs\u00e9g alapjait.<br \/>&#8220;Sz\u00fcks\u00e9g\u00fcnk van az UNI\u00d3-ra, \u00e9s az UNI\u00d3-nak is r\u00e1nk. az UNI\u00d3-nak a szabad nemzetek sz\u00f6vets\u00e9g\u00e9nek kell, hogy megmaradjon, az egyes\u00fclt UNI\u00d3-s \u00e1llam nem megval\u00f3s\u00edthat\u00f3.&#8221; -folytatta ORB\u00c1N VIKTOR minisztereln\u00f6k.<br \/>Orb\u00e1n Viktor kiemelte: a liber\u00e1lis demokr\u00e1cia korszaka v\u00e9get \u00e9rt, Magyarorsz\u00e1gon XXI-ik sz\u00e1zadi kereszt\u00e9ny demokr\u00e1ci\u00e1t \u00e9p\u00edtenek.<br \/>\n<br \/>\n<div style=\"width: 640px;\" class=\"wp-video\"><!--[if lt IE 9]><script>document.createElement('video');<\/script><![endif]-->\n<video class=\"wp-video-shortcode\" id=\"video-9000-1\" width=\"640\" height=\"360\" preload=\"metadata\" controls=\"controls\"><source type=\"video\/mp4\" src=\"\/spots\/hir\/hir_180510_08.mp4?_=1\" \/><a href=\"\/spots\/hir\/hir_180510_08.mp4\">\/spots\/hir\/hir_180510_08.mp4<\/a><\/video><\/div><\/p>\n","protected":false},"excerpt":{"rendered":"<p>Orb\u00e1n Viktor negyedszer is haz\u00e1nk minisztereln\u00f6ke. Err\u0151l d\u00f6nt\u00f6ttek ma az orsz\u00e1ggy\u0171l\u00e9si k\u00e9pvisel\u0151k. A minisztereln\u00f6k a jelenlegi parlamenti ciklus idej\u00e9re is letette esk\u00fcj\u00e9t.Orb\u00e1n Viktor besz\u00e9d\u00e9ben hangs\u00falyozta: a nemzet minden polg\u00e1r\u00e1t k\u00e9pviseli majd, \u00e9s 15 milli\u00f3 magyar minisztereln\u00f6ke lesz tov\u00e1bbra is. Hossz\u00fa t\u00e1vra tervez, 12 \u00e9ves intervallumban gondolkodik.&#8220;Magyarorsz\u00e1g 2030-ra az UNIO els\u0151 5 olyan orsz\u00e1ga lesz, ahol [&hellip;]<\/p>\n","protected":false},"author":2,"featured_media":0,"comment_status":"closed","ping_status":"closed","sticky":false,"template":"","format":"standard","meta":[],"categories":[9],"tags":[],"_links":{"self":[{"href":"http:\/\/archiv.szolnoktv.hu\/index.php?rest_route=\/wp\/v2\/posts\/9000"}],"collection":[{"href":"http:\/\/archiv.szolnoktv.hu\/index.php?rest_route=\/wp\/v2\/posts"}],"about":[{"href":"http:\/\/archiv.szolnoktv.hu\/index.php?rest_route=\/wp\/v2\/types\/post"}],"author":[{"embeddable":true,"href":"http:\/\/archiv.szolnoktv.hu\/index.php?rest_route=\/wp\/v2\/users\/2"}],"replies":[{"embeddable":true,"href":"http:\/\/archiv.szolnoktv.hu\/index.php?rest_route=%2Fwp%2Fv2%2Fcomments&post=9000"}],"version-history":[{"count":1,"href":"http:\/\/archiv.szolnoktv.hu\/index.php?rest_route=\/wp\/v2\/posts\/9000\/revisions"}],"predecessor-version":[{"id":9095,"href":"http:\/\/archiv.szolnoktv.hu\/index.php?rest_route=\/wp\/v2\/posts\/9000\/revisions\/9095"}],"wp:attachment":[{"href":"http:\/\/archiv.szolnoktv.hu\/index.php?rest_route=%2Fwp%2Fv2%2Fmedia&parent=9000"}],"wp:term":[{"taxonomy":"category","embeddable":true,"href":"http:\/\/archiv.szolnoktv.hu\/index.php?rest_route=%2Fwp%2Fv2%2Fcategories&post=9000"},{"taxonomy":"post_tag","embeddable":true,"href":"http:\/\/archiv.szolnoktv.hu\/index.php?rest_route=%2Fwp%2Fv2%2Ftags&post=9000"}],"curies":[{"name":"wp","href":"https:\/\/api.w.org\/{rel}","templated":true}]}}