{"id":8999,"date":"2018-05-10T17:48:07","date_gmt":"2018-05-10T17:48:07","guid":{"rendered":"http:\/\/archiv.szolnoktv.hu\/?p=8999"},"modified":"2021-08-14T14:10:36","modified_gmt":"2021-08-14T14:10:36","slug":"atadtuk-a-megavers-10-kulondijat","status":"publish","type":"post","link":"http:\/\/archiv.szolnoktv.hu\/?p=8999","title":{"rendered":"\u00c1tadtuk a Megavers 10 k\u00fcl\u00f6nd\u00edj\u00e1t"},"content":{"rendered":"<div class='booster-block booster-read-block'><\/div><p>Az el\u0151v\u00e1logat\u00f3, el\u0151-\u00e9s k\u00f6z\u00e9pd\u00f6nt\u0151 ut\u00e1n \u00e1prilis 14-\u00e9n kider\u00fclt, hogy ki nyerte a Megavers 10. \u00e9vad\u00e1t. A Szolnok Telev\u00edzi\u00f3 \u00e9s az Aba-Nov\u00e1k Ag\u00f3ra Kultur\u00e1lis K\u00f6zpont k\u00f6z\u00f6s produkci\u00f3j\u00e1ra ez\u00fattal is nagy volt az \u00e9rdekl\u0151d\u00e9s. A verseny v\u00e9g\u00e9re a fiatalok \u00e9lm\u00e9nyekkel, tapasztalatokkal \u00e9s t\u00e1rgy nyerem\u00e9nyekkel is gazdagodtak. A Megavers k\u00e9tkerek\u0171 k\u00fcl\u00f6nd\u00edj\u00e1t a 7. oszt\u00e1lyos Tverdota Hanna Zs\u00f3fia kapta. A d\u00edjat ma Pog\u00e1ny Attila a Szolnok Telev\u00edzi\u00f3 vez\u00e9rigazgat\u00f3ja adta \u00e1t.<\/p>\n<p>-B\u00e1r nem most volt a Megavers 10 d\u00f6nt\u0151je, de bizony\u00e1ra j\u00f3l eml\u00e9kszel r\u00e1, hogy az egyik k\u00fcl\u00f6nd\u00edj\u00e1t a sok-sok aj\u00e1nd\u00e9k k\u00f6z\u00fcl te nyerted el. Itt van ez a gy\u00f6ny\u00f6r\u0171 n\u0151i ker\u00e9kp\u00e1r, amit a t\u00f3szegi ACCELL HUNLAND ker\u00e9kp\u00e1rgy\u00e1r aj\u00e1nlott f\u00f6l \u00e9s a zs\u0171ri d\u00f6nt\u00e9se alapj\u00e1n te volt\u00e1l az, aki ezt a gy\u00f6ny\u00f6r\u0171 ker\u00e9kp\u00e1rt ki\u00e9rdemelte.&#8221;- ezekkel a mondatokkal adta \u00e1t a biciklit Pog\u00e1ny Attila.<\/p>\n<p>Hanna k\u00fcl\u00f6n\u00f6sen \u00f6r\u00fclt a d\u00edjnak, mert jelenlegi ker\u00e9kp\u00e1rj\u00e1val a v\u00e1rosban nem tud megfelel\u0151en k\u00f6zlekedni. \u00daj biciklij\u00e9t r\u00f6gt\u00f6n ki is pr\u00f3b\u00e1lta.<\/p>\n<p>-Nagyon \u00f6r\u00fcl\u00f6k ennek a biciklinek. Meg is lep\u0151dtem nagyon mikor megtudtam, hogy \u00e9n kapom ezt a biciklit. Annyira sz\u00e9p \u00e9s eleg\u00e1ns egy sz\u00f3val kifejezve. R\u00e1ad\u00e1sul nagyon felszerelt: kos\u00e1r, cseng\u0151 \u00e9s l\u00e1mp\u00e1k is tal\u00e1lhat\u00f3k rajta. Sz\u00f3val \u00e9n nagyon \u00f6r\u00fcl\u00f6k neki.&#8221;- mondta Tverdota Hanna Zs\u00f3fia.<\/p>\n<p>Hanna m\u00e1r tavaly is indult a megm\u00e9rettet\u00e9sen. Id\u00e9n K\u00e1ny\u00e1di S\u00e1ndor Pantomim c\u00edm\u0171 vers\u00e9vel ny\u0171g\u00f6zte le a d\u00f6nt\u0151 zs\u0171rij\u00e9t. Hanna el\u00e1rulta, hogy a versmond\u00e1s ir\u00e1nti szeretete tov\u00e1bb n\u0151tt \u00e9s j\u00f6v\u0151re is sz\u00edvesen megm\u00e9rettetn\u00e9 mag\u00e1t a Megavers sz\u00ednpad\u00e1n. <\/p>\n<div style=\"width: 640px;\" class=\"wp-video\"><!--[if lt IE 9]><script>document.createElement('video');<\/script><![endif]-->\n<video class=\"wp-video-shortcode\" id=\"video-8999-1\" width=\"640\" height=\"360\" preload=\"metadata\" controls=\"controls\"><source type=\"video\/mp4\" src=\"\/spots\/hir\/hir_180510_07.mp4?_=1\" \/><a href=\"\/spots\/hir\/hir_180510_07.mp4\">\/spots\/hir\/hir_180510_07.mp4<\/a><\/video><\/div>\n","protected":false},"excerpt":{"rendered":"<p>Az el\u0151v\u00e1logat\u00f3, el\u0151-\u00e9s k\u00f6z\u00e9pd\u00f6nt\u0151 ut\u00e1n \u00e1prilis 14-\u00e9n kider\u00fclt, hogy ki nyerte a Megavers 10. \u00e9vad\u00e1t. A Szolnok Telev\u00edzi\u00f3 \u00e9s az Aba-Nov\u00e1k Ag\u00f3ra Kultur\u00e1lis K\u00f6zpont k\u00f6z\u00f6s produkci\u00f3j\u00e1ra ez\u00fattal is nagy volt az \u00e9rdekl\u0151d\u00e9s. A verseny v\u00e9g\u00e9re a fiatalok \u00e9lm\u00e9nyekkel, tapasztalatokkal \u00e9s t\u00e1rgy nyerem\u00e9nyekkel is gazdagodtak. A Megavers k\u00e9tkerek\u0171 k\u00fcl\u00f6nd\u00edj\u00e1t a 7. oszt\u00e1lyos Tverdota Hanna Zs\u00f3fia kapta. [&hellip;]<\/p>\n","protected":false},"author":2,"featured_media":0,"comment_status":"closed","ping_status":"closed","sticky":false,"template":"","format":"standard","meta":[],"categories":[9],"tags":[],"_links":{"self":[{"href":"http:\/\/archiv.szolnoktv.hu\/index.php?rest_route=\/wp\/v2\/posts\/8999"}],"collection":[{"href":"http:\/\/archiv.szolnoktv.hu\/index.php?rest_route=\/wp\/v2\/posts"}],"about":[{"href":"http:\/\/archiv.szolnoktv.hu\/index.php?rest_route=\/wp\/v2\/types\/post"}],"author":[{"embeddable":true,"href":"http:\/\/archiv.szolnoktv.hu\/index.php?rest_route=\/wp\/v2\/users\/2"}],"replies":[{"embeddable":true,"href":"http:\/\/archiv.szolnoktv.hu\/index.php?rest_route=%2Fwp%2Fv2%2Fcomments&post=8999"}],"version-history":[{"count":1,"href":"http:\/\/archiv.szolnoktv.hu\/index.php?rest_route=\/wp\/v2\/posts\/8999\/revisions"}],"predecessor-version":[{"id":9096,"href":"http:\/\/archiv.szolnoktv.hu\/index.php?rest_route=\/wp\/v2\/posts\/8999\/revisions\/9096"}],"wp:attachment":[{"href":"http:\/\/archiv.szolnoktv.hu\/index.php?rest_route=%2Fwp%2Fv2%2Fmedia&parent=8999"}],"wp:term":[{"taxonomy":"category","embeddable":true,"href":"http:\/\/archiv.szolnoktv.hu\/index.php?rest_route=%2Fwp%2Fv2%2Fcategories&post=8999"},{"taxonomy":"post_tag","embeddable":true,"href":"http:\/\/archiv.szolnoktv.hu\/index.php?rest_route=%2Fwp%2Fv2%2Ftags&post=8999"}],"curies":[{"name":"wp","href":"https:\/\/api.w.org\/{rel}","templated":true}]}}