{"id":8998,"date":"2018-05-10T17:04:21","date_gmt":"2018-05-10T17:04:21","guid":{"rendered":"http:\/\/archiv.szolnoktv.hu\/?p=8998"},"modified":"2021-08-14T14:10:36","modified_gmt":"2021-08-14T14:10:36","slug":"junius-kozepen-kezdodik-a-hidfelujitas","status":"publish","type":"post","link":"http:\/\/archiv.szolnoktv.hu\/?p=8998","title":{"rendered":"J\u00fanius k\u00f6zep\u00e9n kezd\u0151dik a h\u00eddfel\u00faj\u00edt\u00e1s"},"content":{"rendered":"<div class='booster-block booster-read-block'><\/div><p>Elod\u00e1zhatatlan a Zagyva h\u00edd fel\u00faj\u00edt\u00e1sa. A m\u00e1lladoz\u00f3 k\u00f6zm\u0171vezet\u00e9kek mellett a burkolathib\u00e1k, a korl\u00e1tok is s\u00fcrg\u0151s beavatkoz\u00e1st ig\u00e9nyelnek. A r\u00e9gen v\u00e1rt rekonstrukci\u00f3 egy h\u00f3nap m\u00falva kezd\u0151dik. J\u00fanius 15- t\u0151l j\u00falius 15- ig f\u00e9lp\u00e1ly\u00e1s \u00fatlez\u00e1r\u00e1s mellett v\u00e9gzik el az els\u0151 beavatkoz\u00e1st. <\/p>\n<p>&#8220;J\u00falius 15- t\u0151l szeptember 15- ig pedig k\u00e9t h\u00f3napon kereszt\u00fcl pedig teljes \u00fatz\u00e1r lesz itt a Sebesty\u00e9n k\u00f6r\u00fati Zagyva h\u00eddon. A Guttenberg teret lehet majd haszn\u00e1lni a k\u00f6zleked\u00e9sre.&#8221;- folytatta Szalay Ferenc polg\u00e1rmester.<\/p>\n<p>B\u00e1r a g\u00e9pkocsiforgalmat ez gy\u00f6keresen \u00e1talak\u00edtja majd a V\u00e1rosmajor \u00fat k\u00f6rny\u00e9k\u00e9n, a gyalogosoknak egyszer\u0171bb dolguk lesz. A h\u00eddon foly\u00f3 munk\u00e1latokat a tervek szerint ugyanis a j\u00e1rda fel\u00faj\u00edt\u00e1s\u00e1val kezdik.<\/p>\n<p>&#8220;Hogy gyalogos forgalom a k\u00e9ts\u00e1vos lez\u00e1r\u00e1sn\u00e1l is, teh\u00e1t a teljes lez\u00e1r\u00e1sn\u00e1l is m\u0171k\u00f6dhessen, hiszen ha itt valaki gyalog \u00e1tmegy, akkor a t\u00f6megk\u00f6zleked\u00e9st a t\u00faloldalon teljes m\u00e9rt\u00e9kben ig\u00e9nybe tudja venni.&#8221;<\/p>\n<p>A h\u00edd ut\u00e1n a k\u00f6rforgalom ki\u00e9p\u00edt\u00e9se k\u00f6vetkezik, ami a v\u00e1rosmajor \u00fat forgalm\u00e1t hivatott fel-, illetve levezetni a h\u00eddr\u00f3l. Dr. T\u00f3ta \u00c1ron, a k\u00f6rzet \u00f6nkorm\u00e1nyzati k\u00e9pvisel\u0151je szerint:<\/p>\n<p>&#8220;Nagyon id\u0151szer\u0171 m\u00e1r a k\u00f6rforgalom, mert itt lehet l\u00e1tni k\u00fcl\u00f6n\u00f6sen d\u00e9lut\u00e1ni id\u0151szakban, meg a kora reggeli id\u0151szakban, hogy rendk\u00edv\u00fcl hossz\u00fa sor \u00e1ll akik nem tudnak tov\u00e1bb haladni vagy balra, vagy jobbra fordulni.&#8221;<\/p>\n<p>A munk\u00e1latok utols\u00f3 \u00fcteme a k\u00f6rforgalom ki\u00e9p\u00edt\u00e9se ut\u00e1n indul.<\/p>\n<p>&#8220;Elindul az \u00fat\u00e9p\u00edt\u00e9s eg\u00e9szen a Besenysz\u00f6gi \u00fatig, ahol a besenysz\u00f6gi laktany\u00e1t fogja ez az \u00fat egy sz\u00e9p nagy \u00edvben el\u00e9rni, amelyen ker\u00e9kp\u00e1r\u00fat, j\u00e1rda, k\u00f6zvil\u00e1g\u00edt\u00e1s mind- mind megtal\u00e1lhat\u00f3 lesz. Gyakorlatilag egy \u00faj v\u00e1rosr\u00e9szt fog megnyitni ez az \u00fat itt a v\u00e1ros ezen t\u00e9rs\u00e9g\u00e9ben.&#8221;<\/p>\n<p>Mondta Szalay Ferenc polg\u00e1rmester, aki hangs\u00falyozta, hogy j\u00fanius k\u00f6zep\u00e9n indul\u00f3 h\u00eddfel\u00faj\u00edt\u00e1ssal kiv\u00e1rt\u00e1k a tan\u00e9v v\u00e9g\u00e9t. \u00cdgy a forgalom is kisebb lesz a ny\u00e1ron. A k\u00f6zleked\u0151kt\u0151l t\u00fcrelmet k\u00e9r az \u00f6nkorm\u00e1nyzat.<br \/>\n<br \/>\n<div style=\"width: 640px;\" class=\"wp-video\"><!--[if lt IE 9]><script>document.createElement('video');<\/script><![endif]-->\n<video class=\"wp-video-shortcode\" id=\"video-8998-1\" width=\"640\" height=\"360\" preload=\"metadata\" controls=\"controls\"><source type=\"video\/mp4\" src=\"\/spots\/hir\/hir_180510_06.mp4?_=1\" \/><a href=\"\/spots\/hir\/hir_180510_06.mp4\">\/spots\/hir\/hir_180510_06.mp4<\/a><\/video><\/div><\/p>\n","protected":false},"excerpt":{"rendered":"<p>Elod\u00e1zhatatlan a Zagyva h\u00edd fel\u00faj\u00edt\u00e1sa. A m\u00e1lladoz\u00f3 k\u00f6zm\u0171vezet\u00e9kek mellett a burkolathib\u00e1k, a korl\u00e1tok is s\u00fcrg\u0151s beavatkoz\u00e1st ig\u00e9nyelnek. A r\u00e9gen v\u00e1rt rekonstrukci\u00f3 egy h\u00f3nap m\u00falva kezd\u0151dik. J\u00fanius 15- t\u0151l j\u00falius 15- ig f\u00e9lp\u00e1ly\u00e1s \u00fatlez\u00e1r\u00e1s mellett v\u00e9gzik el az els\u0151 beavatkoz\u00e1st. &#8220;J\u00falius 15- t\u0151l szeptember 15- ig pedig k\u00e9t h\u00f3napon kereszt\u00fcl pedig teljes \u00fatz\u00e1r lesz itt a [&hellip;]<\/p>\n","protected":false},"author":2,"featured_media":0,"comment_status":"closed","ping_status":"closed","sticky":false,"template":"","format":"standard","meta":[],"categories":[9],"tags":[],"_links":{"self":[{"href":"http:\/\/archiv.szolnoktv.hu\/index.php?rest_route=\/wp\/v2\/posts\/8998"}],"collection":[{"href":"http:\/\/archiv.szolnoktv.hu\/index.php?rest_route=\/wp\/v2\/posts"}],"about":[{"href":"http:\/\/archiv.szolnoktv.hu\/index.php?rest_route=\/wp\/v2\/types\/post"}],"author":[{"embeddable":true,"href":"http:\/\/archiv.szolnoktv.hu\/index.php?rest_route=\/wp\/v2\/users\/2"}],"replies":[{"embeddable":true,"href":"http:\/\/archiv.szolnoktv.hu\/index.php?rest_route=%2Fwp%2Fv2%2Fcomments&post=8998"}],"version-history":[{"count":1,"href":"http:\/\/archiv.szolnoktv.hu\/index.php?rest_route=\/wp\/v2\/posts\/8998\/revisions"}],"predecessor-version":[{"id":9097,"href":"http:\/\/archiv.szolnoktv.hu\/index.php?rest_route=\/wp\/v2\/posts\/8998\/revisions\/9097"}],"wp:attachment":[{"href":"http:\/\/archiv.szolnoktv.hu\/index.php?rest_route=%2Fwp%2Fv2%2Fmedia&parent=8998"}],"wp:term":[{"taxonomy":"category","embeddable":true,"href":"http:\/\/archiv.szolnoktv.hu\/index.php?rest_route=%2Fwp%2Fv2%2Fcategories&post=8998"},{"taxonomy":"post_tag","embeddable":true,"href":"http:\/\/archiv.szolnoktv.hu\/index.php?rest_route=%2Fwp%2Fv2%2Ftags&post=8998"}],"curies":[{"name":"wp","href":"https:\/\/api.w.org\/{rel}","templated":true}]}}