{"id":8997,"date":"2018-05-10T16:52:35","date_gmt":"2018-05-10T16:52:35","guid":{"rendered":"http:\/\/archiv.szolnoktv.hu\/?p=8997"},"modified":"2021-08-14T14:10:36","modified_gmt":"2021-08-14T14:10:36","slug":"egyedulallo-ezustpenz-lelet","status":"publish","type":"post","link":"http:\/\/archiv.szolnoktv.hu\/?p=8997","title":{"rendered":"Egyed\u00fcl\u00e1ll\u00f3 ez\u00fcstp\u00e9nz lelet"},"content":{"rendered":"<div class='booster-block booster-read-block'><\/div><p>A kunmadarasi rept\u00e9r k\u00f6rny\u00e9k\u00e9n ker\u00fclt el\u0151 ez a 11 kg-os \u00e9remlelet. Egyed\u00fcl\u00e1ll\u00f3nak sz\u00e1m\u00edt, mivel ilyen mennyis\u00e9gben \u00f6n\u00e1ll\u00f3an lengyel p\u00e9nzt m\u00e9g nem tal\u00e1ltak a r\u00e9g\u00e9szek Magyarorsz\u00e1g ter\u00fclet\u00e9n. Egy gabonasil\u00f3t kezdtek el \u00e9p\u00edteni, a f\u00f6ldmunk\u00e1k k\u00f6zben bukkantak el\u0151 az \u00e9rm\u00e9k. Csat\u00e1ri G\u00e1bor, a lelet megtal\u00e1l\u00f3ja azonnal \u00e9rtes\u00edtette a Damjanich J\u00e1nos M\u00fazeumot. <\/p>\n<p>-A kincslelet r\u00e9szleteit illet\u0151en m\u00e9g nagyon keveset tudunk r\u00f3la, azt tudjuk t\u00falnyom\u00f3r\u00e9szt lengyel kir\u00e1lyi veretek, de tal\u00e1ltunk benne a n\u00e9met lovagrendb\u0151l is vereteket, s\u0151t olyan szerencs\u00e9nk volt, hogy B\u00e1thory Istv\u00e1n lengyel kir\u00e1lyk\u00e9nt vert p\u00e9nze is el\u0151fordul benne.&#8221;- mondta: Polg\u00e1r Zolt\u00e1n, r\u00e9g\u00e9sz, Damjanich J\u00e1nos M\u00fazeum<\/p>\n<p>J\u00f3l kivehet\u0151 I. Zsigmond arck\u00e9pe is. A nagyj\u00e1b\u00f3l 6.000 \u00e9rm\u00e9b\u0151l \u00e1ll\u00f3 lelet, k\u00f6r\u00fclbel\u00fcl az 1580-as \u00e9vekben ker\u00fclhetett a f\u00f6ldbe, egy agyaged\u00e9nybe elrejtve. Akkoriban azon a ter\u00fcleten egy nagy forgalm\u00fa \u00fat h\u00faz\u00f3dott, val\u00f3sz\u00edn\u0171leg ott \u00e9rhette t\u00e1mad\u00e1s az eredeti tulajdonost, azonban ezek egyel\u0151re csak felt\u00e9telez\u00e9sek. M\u00e9g sok munka \u00e1ll a restaur\u00e1torok el\u0151tt.<\/p>\n<p>-Most kezd\u0151dik, ez h\u00f3napokig fog tartani, egyenk\u00e9nt kell restaur\u00e1lni \u0151ket, ha sz\u00fcks\u00e9ges, de nagyon j\u00f3 \u00e1llapot\u00faak, teh\u00e1t nem kell majd sok  vegyszert vesztegetni r\u00e1juk, azt\u00e1n meg kell \u0151rizni az \u00e1llagukat, azt\u00e1n k\u00f6vetkezik az apr\u00f3l\u00e9kos munka, darabonk\u00e9nt, meghat\u00e1rozni, megn\u00e9zni a verdejegyeket, milyen vari\u00e1ci\u00f3 \u00e9s mivel ezek lengyelek.&#8221;-mes\u00e9lte: Polg\u00e1r Zolt\u00e1n, r\u00e9g\u00e9sz, Damjanich J\u00e1nos M\u00fazeum<\/p>\n<p>B\u00e1r rengeteg munk\u00e1t vesz ig\u00e9nybe a restaur\u00e1l\u00e1s, nem kell  sokat v\u00e1rniuk a szolnokiaknak, ugyanis m\u00e1jus 23-\u00e1n a r\u00e9g\u00e9szet napj\u00e1n a Damjanich J\u00e1nos M\u00fazeumban m\u00e1r l\u00e1that\u00f3 lesz egy ki\u00e1ll\u00edt\u00e1s az ez\u00fcst\u00e9rm\u00e9kb\u0151l. K\u00e9s\u0151bb pedig az \u00e1lland\u00f3 ki\u00e1ll\u00edt\u00e1si r\u00e9szen f\u0151 helyet sz\u00e1nnak a kincseknek.<\/p>\n<div style=\"width: 640px;\" class=\"wp-video\"><!--[if lt IE 9]><script>document.createElement('video');<\/script><![endif]-->\n<video class=\"wp-video-shortcode\" id=\"video-8997-1\" width=\"640\" height=\"360\" preload=\"metadata\" controls=\"controls\"><source type=\"video\/mp4\" src=\"\/spots\/hir\/hir_180510_04.mp4?_=1\" \/><a href=\"\/spots\/hir\/hir_180510_04.mp4\">\/spots\/hir\/hir_180510_04.mp4<\/a><\/video><\/div>\n","protected":false},"excerpt":{"rendered":"<p>A kunmadarasi rept\u00e9r k\u00f6rny\u00e9k\u00e9n ker\u00fclt el\u0151 ez a 11 kg-os \u00e9remlelet. Egyed\u00fcl\u00e1ll\u00f3nak sz\u00e1m\u00edt, mivel ilyen mennyis\u00e9gben \u00f6n\u00e1ll\u00f3an lengyel p\u00e9nzt m\u00e9g nem tal\u00e1ltak a r\u00e9g\u00e9szek Magyarorsz\u00e1g ter\u00fclet\u00e9n. Egy gabonasil\u00f3t kezdtek el \u00e9p\u00edteni, a f\u00f6ldmunk\u00e1k k\u00f6zben bukkantak el\u0151 az \u00e9rm\u00e9k. Csat\u00e1ri G\u00e1bor, a lelet megtal\u00e1l\u00f3ja azonnal \u00e9rtes\u00edtette a Damjanich J\u00e1nos M\u00fazeumot. -A kincslelet r\u00e9szleteit illet\u0151en m\u00e9g nagyon [&hellip;]<\/p>\n","protected":false},"author":2,"featured_media":0,"comment_status":"closed","ping_status":"closed","sticky":false,"template":"","format":"standard","meta":[],"categories":[9],"tags":[],"_links":{"self":[{"href":"http:\/\/archiv.szolnoktv.hu\/index.php?rest_route=\/wp\/v2\/posts\/8997"}],"collection":[{"href":"http:\/\/archiv.szolnoktv.hu\/index.php?rest_route=\/wp\/v2\/posts"}],"about":[{"href":"http:\/\/archiv.szolnoktv.hu\/index.php?rest_route=\/wp\/v2\/types\/post"}],"author":[{"embeddable":true,"href":"http:\/\/archiv.szolnoktv.hu\/index.php?rest_route=\/wp\/v2\/users\/2"}],"replies":[{"embeddable":true,"href":"http:\/\/archiv.szolnoktv.hu\/index.php?rest_route=%2Fwp%2Fv2%2Fcomments&post=8997"}],"version-history":[{"count":1,"href":"http:\/\/archiv.szolnoktv.hu\/index.php?rest_route=\/wp\/v2\/posts\/8997\/revisions"}],"predecessor-version":[{"id":9098,"href":"http:\/\/archiv.szolnoktv.hu\/index.php?rest_route=\/wp\/v2\/posts\/8997\/revisions\/9098"}],"wp:attachment":[{"href":"http:\/\/archiv.szolnoktv.hu\/index.php?rest_route=%2Fwp%2Fv2%2Fmedia&parent=8997"}],"wp:term":[{"taxonomy":"category","embeddable":true,"href":"http:\/\/archiv.szolnoktv.hu\/index.php?rest_route=%2Fwp%2Fv2%2Fcategories&post=8997"},{"taxonomy":"post_tag","embeddable":true,"href":"http:\/\/archiv.szolnoktv.hu\/index.php?rest_route=%2Fwp%2Fv2%2Ftags&post=8997"}],"curies":[{"name":"wp","href":"https:\/\/api.w.org\/{rel}","templated":true}]}}