{"id":8996,"date":"2018-05-10T16:33:03","date_gmt":"2018-05-10T16:33:03","guid":{"rendered":"http:\/\/archiv.szolnoktv.hu\/?p=8996"},"modified":"2021-08-14T14:10:36","modified_gmt":"2021-08-14T14:10:36","slug":"45-szuletesnapjat-unnepli-a-szapary-ovi","status":"publish","type":"post","link":"http:\/\/archiv.szolnoktv.hu\/?p=8996","title":{"rendered":"45. sz\u00fclet\u00e9snapj\u00e1t \u00fcnnepli a Szap\u00e1ry ovi"},"content":{"rendered":"<div class='booster-block booster-read-block'><\/div><p>Csokitort\u00e1val, k\u00f6z\u00f6s \u00e9nekkel \u00e9s k\u00f6rj\u00e1t\u00e9kokkal \u00fcnnepeltek a gyerekek a Szap\u00e1ry \u00fati \u00f3vod\u00e1ban. A hetek \u00f3ta tart\u00f3 k\u00fcl\u00f6nleges programok els\u0151 sorban a kicsiknek sz\u00f3lnak.  <\/p>\n<p>-\u00c9nekel\u00fcnk, tort\u00e1zunk, meg\u00fcnnepelj\u00fck a Szap\u00e1ry ovinak a sz\u00fclet\u00e9snapj\u00e1t, t\u00e1ncolunk.&#8221; -mondta T\u00f3th Tessza.<\/p>\n<p>Ma kiv\u00e9telesen eb\u00e9d el\u0151tt ehettek a gyerekek egy kis \u00e9dess\u00e9get, hiszen 3 \u00f3ri\u00e1s tort\u00e1t rendeltek nekik az int\u00e9zm\u00e9ny sz\u00fclet\u00e9snapja alkalm\u00e1b\u00f3l.<br \/>A legkisebbek is j\u00f3\u00edz\u0171en ett\u00e9k az eb\u00e9d el\u0151tt felszolg\u00e1lt desszertet. A gyerekek \u00edzl\u00e9s\u00e9nek megfelel\u0151en, egy nagy kedvenc ker\u00fclt mindenki t\u00e1ny\u00e9rj\u00e1ra.<\/p>\n<p>A Szap\u00e1ry \u00fati \u00d3voda \u00e9p\u00fclete 1963-ban \u00e9p\u00fclt, t\u00edz \u00e9vvel k\u00e9s\u0151bb pedig egy \u00faj sz\u00e1rnyat kapott. Val\u00f3j\u00e1ban innen sz\u00e1m\u00edtj\u00e1k az \u00f3voda m\u0171k\u00f6d\u00e9s\u00e9nek \u00e9s fenn\u00e1ll\u00e1s\u00e1nak d\u00e1tum\u00e1t. Az \u00fcnnepi programsorozaton a sz\u00fcl\u0151kre is gondoltak. \u00d5k ny\u00edlt napon vehettek r\u00e9szt, mely sor\u00e1n a mozg\u00e1sfejleszt\u0151 \u00f3r\u00e1kb\u00f3l kaptak \u00edzel\u00edt\u0151t. A k\u00f6vetkez\u0151 napokban pedig az int\u00e9zm\u00e9ny egykori dolgoz\u00f3it v\u00e1rj\u00e1k az \u00f3voda jelenlegi munkat\u00e1rsai.<\/p>\n<p>-Meghat\u00f3 programra k\u00e9sz\u00fcl\u00fcnk, hiszen egy m\u00falt id\u00e9z\u0151, jelen bemutat\u00f3, illetve j\u00f6v\u0151t rekonstru\u00e1l\u00f3 ppt-vel k\u00e9sz\u00fcl\u00fcnk. Azokat az eml\u00e9keket pr\u00f3b\u00e1ljuk ebbe a ppt-be bemutatni, amelyek sz\u00edvhez sz\u00f3l\u00f3ak \u00e9s felid\u00e9zik azokat az eml\u00e9keket, amelyek \u0151ket \u00e9rinthett\u00e9k.&#8221;- nyilatkozta Han\u00f3 J\u00e1nosn\u00e9, a V\u00e1rosi \u00d3vod\u00e1k Szap\u00e1ry \u00dati Tagint\u00e9zm\u00e9ny\u00e9nek vezet\u0151je.<\/p>\n<p>A Szap\u00e1ry \u00fati \u00f3voda f\u00e9l \u00e9vsz\u00e1zados \u00e9p\u00fclet\u00e9t id\u00e9n ny\u00e1ron lebontj\u00e1k. Az int\u00e9zm\u00e9ny szolg\u00e1ltat\u00e1si sz\u00ednvonal\u00e1nak emel\u00e9se \u00e9rdek\u00e9ben \u00fajj\u00e1\u00e9p\u00edtik azt. A modern \u00e9p\u00fcletben 6 csoportszoba \u00e9s tornaterem is helyet kap, az emeleten pedig a Szolnok V\u00e1rosi \u00d3vod\u00e1k igazgat\u00f3s\u00e1ga m\u0171k\u00f6dik majd. A projekt 350 milli\u00f3 forintb\u00f3l val\u00f3sul meg \u00e9s a tervek szerint a gyerekek 2019 szeptember\u00e9ben vehetik birtokba.<\/p>\n<div style=\"width: 640px;\" class=\"wp-video\"><!--[if lt IE 9]><script>document.createElement('video');<\/script><![endif]-->\n<video class=\"wp-video-shortcode\" id=\"video-8996-1\" width=\"640\" height=\"360\" preload=\"metadata\" controls=\"controls\"><source type=\"video\/mp4\" src=\"\/spots\/hir\/hir_180510_03.mp4?_=1\" \/><a href=\"\/spots\/hir\/hir_180510_03.mp4\">\/spots\/hir\/hir_180510_03.mp4<\/a><\/video><\/div>\n","protected":false},"excerpt":{"rendered":"<p>Csokitort\u00e1val, k\u00f6z\u00f6s \u00e9nekkel \u00e9s k\u00f6rj\u00e1t\u00e9kokkal \u00fcnnepeltek a gyerekek a Szap\u00e1ry \u00fati \u00f3vod\u00e1ban. A hetek \u00f3ta tart\u00f3 k\u00fcl\u00f6nleges programok els\u0151 sorban a kicsiknek sz\u00f3lnak. -\u00c9nekel\u00fcnk, tort\u00e1zunk, meg\u00fcnnepelj\u00fck a Szap\u00e1ry ovinak a sz\u00fclet\u00e9snapj\u00e1t, t\u00e1ncolunk.&#8221; -mondta T\u00f3th Tessza. Ma kiv\u00e9telesen eb\u00e9d el\u0151tt ehettek a gyerekek egy kis \u00e9dess\u00e9get, hiszen 3 \u00f3ri\u00e1s tort\u00e1t rendeltek nekik az int\u00e9zm\u00e9ny sz\u00fclet\u00e9snapja alkalm\u00e1b\u00f3l.A [&hellip;]<\/p>\n","protected":false},"author":2,"featured_media":0,"comment_status":"closed","ping_status":"closed","sticky":false,"template":"","format":"standard","meta":[],"categories":[9],"tags":[],"_links":{"self":[{"href":"http:\/\/archiv.szolnoktv.hu\/index.php?rest_route=\/wp\/v2\/posts\/8996"}],"collection":[{"href":"http:\/\/archiv.szolnoktv.hu\/index.php?rest_route=\/wp\/v2\/posts"}],"about":[{"href":"http:\/\/archiv.szolnoktv.hu\/index.php?rest_route=\/wp\/v2\/types\/post"}],"author":[{"embeddable":true,"href":"http:\/\/archiv.szolnoktv.hu\/index.php?rest_route=\/wp\/v2\/users\/2"}],"replies":[{"embeddable":true,"href":"http:\/\/archiv.szolnoktv.hu\/index.php?rest_route=%2Fwp%2Fv2%2Fcomments&post=8996"}],"version-history":[{"count":1,"href":"http:\/\/archiv.szolnoktv.hu\/index.php?rest_route=\/wp\/v2\/posts\/8996\/revisions"}],"predecessor-version":[{"id":9099,"href":"http:\/\/archiv.szolnoktv.hu\/index.php?rest_route=\/wp\/v2\/posts\/8996\/revisions\/9099"}],"wp:attachment":[{"href":"http:\/\/archiv.szolnoktv.hu\/index.php?rest_route=%2Fwp%2Fv2%2Fmedia&parent=8996"}],"wp:term":[{"taxonomy":"category","embeddable":true,"href":"http:\/\/archiv.szolnoktv.hu\/index.php?rest_route=%2Fwp%2Fv2%2Fcategories&post=8996"},{"taxonomy":"post_tag","embeddable":true,"href":"http:\/\/archiv.szolnoktv.hu\/index.php?rest_route=%2Fwp%2Fv2%2Ftags&post=8996"}],"curies":[{"name":"wp","href":"https:\/\/api.w.org\/{rel}","templated":true}]}}