{"id":8995,"date":"2018-05-10T16:22:06","date_gmt":"2018-05-10T16:22:06","guid":{"rendered":"http:\/\/archiv.szolnoktv.hu\/?p=8995"},"modified":"2021-08-14T14:10:37","modified_gmt":"2021-08-14T14:10:37","slug":"magyar-nemzeti-cirkusz","status":"publish","type":"post","link":"http:\/\/archiv.szolnoktv.hu\/?p=8995","title":{"rendered":"Magyar Nemzeti Cirkusz"},"content":{"rendered":"<div class='booster-block booster-read-block'><\/div><p>Magyarorsz\u00e1g legnagyobb utaz\u00f3 cirkusza a Magyar Nemzeti Cirkusz, \u00fajra elj\u00f6tt Szolnokra. Egy k\u00fcl\u00f6nleges d\u00edjnyertes produkci\u00f3val k\u00e9sz\u00fcltek a n\u00e9z\u0151knek, ami m\u00e1r az els\u0151 napon \u00f3ri\u00e1si sikert aratott. A t\u00e1rsulat sikerrel ind\u00edtotta a 2018-as \u00e9vet, hiszen arany boh\u00f3c d\u00edjjal j\u00f6ttek haza Monac\u00f3b\u00f3l. <\/p>\n<p>,,Aranyboh\u00f3c a porondon c\u00edm\u0171 el\u0151ad\u00e1st hoztuk el ugye a Magyar Nemzeti Cirkusszal. A Monte-carl\u00f3i cirkuszfesztiv\u00e1lon el\u00e9rt hatalmas sikerre val\u00f3 tekintettel nevezt\u00fck \u00edgy el a m\u0171sorunkat. A d\u00edjnyertes produkci\u00f3kat is l\u00e1thatja a k\u00f6z\u00f6ns\u00e9g, amin Monte-Carl\u00f3ban id\u00e9n janu\u00e1rban a cirkusz m\u0171v\u00e9szek Oscar-d\u00edj\u00e1t tudtuk elnyerni.&#8221;- mondta: ifj. Richter J\u00f3zsef, igazgat\u00f3, Magyar Nemzeti Cirkusz<\/p>\n<p>A d\u00edj \u00e1ltal be\u00edrt\u00e1k magukat a cirkuszt\u00f6rt\u00e9nelembe. A t\u00e1rsulata 70 f\u0151b\u0151l \u00e1ll \u00e9s t\u00f6bb mint 100 idom\u00edtott \u00e1llatb\u00f3l. <\/p>\n<p>,,Lesznek afrikai elef\u00e1ntok. 8 darab oroszl\u00e1n a porondon, zsir\u00e1fok, zebr\u00e1k. A vil\u00e1g legnagyobb egzotikus \u00e1llatsz\u00e1ma. Itt lesz a vil\u00e1gh\u00edr\u0171 gerling csoport, a magas dr\u00f3tk\u00f6t\u00e9len illetve dupla hal\u00e1lker\u00e9k produkci\u00f3t mutatnak be. A m\u0171sorunkat 8 tag\u00fa zenekar k\u00eds\u00e9ri. Teh\u00e1t val\u00f3ban a Magyar Nemzeti Cirkusz neve m\u00e1r egy garancia min\u0151s\u00e9g\u0171 cirkusza \u00e9s ism\u00e9t az orsz\u00e1g legsz\u00ednvonalasabb m\u0171sor\u00e1t hozzuk el.&#8221;- mondta: ifj. Richter J\u00f3zsef, igazgat\u00f3, Magyar Nemzeti Cirkusz <\/p>\n<p>A cirkuszt 1995-ben alap\u00edtott Richter J\u00f3zsef, aki 2012-ben adta \u00e1t fi\u00e1nak az igazgat\u00f3i szerepet. A produkci\u00f3k jelent\u0151s r\u00e9sz\u00e9t k\u00fclf\u00f6ldi szerz\u0151d\u00f6tt m\u0171v\u00e9szek adj\u00e1k el\u0151. Szombaton 11 \u00f3r\u00e1t\u00f3l ny\u00edlt nap keretein bel\u00fcl lehet\u0151s\u00e9get k\u00edn\u00e1lnak az \u00e9rdekl\u0151d\u0151knek, hogy a kulissz\u00e1k m\u00f6g\u00e9 is betekintsenek. Megn\u00e9zhetik, hogyan pr\u00f3b\u00e1lnak az \u00e1llatokkal \u00e9s a b\u00e1trabbak k\u00fcl\u00f6nb\u00f6z\u0151 cirkuszi eszk\u00f6z\u00f6ket is kipr\u00f3b\u00e1lhatnak. A cirkusz m\u00e1jus 9-13-ig lesz l\u00e1that\u00f3 Szolnokon.<\/p>\n<div style=\"width: 640px;\" class=\"wp-video\"><!--[if lt IE 9]><script>document.createElement('video');<\/script><![endif]-->\n<video class=\"wp-video-shortcode\" id=\"video-8995-1\" width=\"640\" height=\"360\" preload=\"metadata\" controls=\"controls\"><source type=\"video\/mp4\" src=\"\/spots\/hir\/hir_180510_01.mp4?_=1\" \/><a href=\"\/spots\/hir\/hir_180510_01.mp4\">\/spots\/hir\/hir_180510_01.mp4<\/a><\/video><\/div>\n","protected":false},"excerpt":{"rendered":"<p>Magyarorsz\u00e1g legnagyobb utaz\u00f3 cirkusza a Magyar Nemzeti Cirkusz, \u00fajra elj\u00f6tt Szolnokra. Egy k\u00fcl\u00f6nleges d\u00edjnyertes produkci\u00f3val k\u00e9sz\u00fcltek a n\u00e9z\u0151knek, ami m\u00e1r az els\u0151 napon \u00f3ri\u00e1si sikert aratott. A t\u00e1rsulat sikerrel ind\u00edtotta a 2018-as \u00e9vet, hiszen arany boh\u00f3c d\u00edjjal j\u00f6ttek haza Monac\u00f3b\u00f3l. ,,Aranyboh\u00f3c a porondon c\u00edm\u0171 el\u0151ad\u00e1st hoztuk el ugye a Magyar Nemzeti Cirkusszal. A Monte-carl\u00f3i cirkuszfesztiv\u00e1lon [&hellip;]<\/p>\n","protected":false},"author":2,"featured_media":0,"comment_status":"closed","ping_status":"closed","sticky":false,"template":"","format":"standard","meta":[],"categories":[9],"tags":[],"_links":{"self":[{"href":"http:\/\/archiv.szolnoktv.hu\/index.php?rest_route=\/wp\/v2\/posts\/8995"}],"collection":[{"href":"http:\/\/archiv.szolnoktv.hu\/index.php?rest_route=\/wp\/v2\/posts"}],"about":[{"href":"http:\/\/archiv.szolnoktv.hu\/index.php?rest_route=\/wp\/v2\/types\/post"}],"author":[{"embeddable":true,"href":"http:\/\/archiv.szolnoktv.hu\/index.php?rest_route=\/wp\/v2\/users\/2"}],"replies":[{"embeddable":true,"href":"http:\/\/archiv.szolnoktv.hu\/index.php?rest_route=%2Fwp%2Fv2%2Fcomments&post=8995"}],"version-history":[{"count":1,"href":"http:\/\/archiv.szolnoktv.hu\/index.php?rest_route=\/wp\/v2\/posts\/8995\/revisions"}],"predecessor-version":[{"id":9100,"href":"http:\/\/archiv.szolnoktv.hu\/index.php?rest_route=\/wp\/v2\/posts\/8995\/revisions\/9100"}],"wp:attachment":[{"href":"http:\/\/archiv.szolnoktv.hu\/index.php?rest_route=%2Fwp%2Fv2%2Fmedia&parent=8995"}],"wp:term":[{"taxonomy":"category","embeddable":true,"href":"http:\/\/archiv.szolnoktv.hu\/index.php?rest_route=%2Fwp%2Fv2%2Fcategories&post=8995"},{"taxonomy":"post_tag","embeddable":true,"href":"http:\/\/archiv.szolnoktv.hu\/index.php?rest_route=%2Fwp%2Fv2%2Ftags&post=8995"}],"curies":[{"name":"wp","href":"https:\/\/api.w.org\/{rel}","templated":true}]}}