{"id":8994,"date":"2018-05-10T15:57:27","date_gmt":"2018-05-10T15:57:27","guid":{"rendered":"http:\/\/archiv.szolnoktv.hu\/?p=8994"},"modified":"2021-08-14T14:10:37","modified_gmt":"2021-08-14T14:10:37","slug":"bringas-reggeli-a-kossuth-teren-2","status":"publish","type":"post","link":"http:\/\/archiv.szolnoktv.hu\/?p=8994","title":{"rendered":"Bring\u00e1s reggeli a Kossuth t\u00e9ren"},"content":{"rendered":"<div class='booster-block booster-read-block'><\/div><p>Hossz\u00fa sorok k\u00edgy\u00f3ztak a Kossuth t\u00e9ren, mindenki k\u00e9t ker\u00e9ken \u00e9rkezett. Munk\u00e1ba menet magukhoz vehettek egy friss\u00edt\u0151 k\u00e1v\u00e9t, te\u00e1t, gy\u00fcm\u00f6lcslevet illetve pog\u00e1cs\u00e1t, kaka\u00f3scsig\u00e1t, lekv\u00e1rosbukt\u00e1t. A kisebbek pedig p\u00e1r napig tart\u00f3 eml\u00e9ket is begy\u0171jthettek.<\/p>\n<p>-Adunk egy lemoshat\u00f3 tetov\u00e1l\u00e1st is.&#8221;<\/p>\n<p>Ha van v\u00e1ros, ahol gyakorlatilag minden bej\u00e1rhat\u00f3 ker\u00e9kp\u00e1rral, akkor az Szolnok. Az ut\u00f3bbi \u00e9vekben t\u00f6bb kilom\u00e9ter hossz\u00fa bicikli\u00fat \u00e9p\u00fclt a megyesz\u00e9khelyen, amit rengetegen haszn\u00e1lnak.<\/p>\n<p>-Most m\u00e1r, hogy vannak ezek az \u00faj ker\u00e9kp\u00e1rutak, Kertv\u00e1rosb\u00f3l j\u00e1rok be, t\u00f6k\u00e9letes!&#8221;<\/p>\n<p>A j\u00f3 id\u0151 bek\u00f6sz\u00f6nt\u00e9vel egyre t\u00f6bben cser\u00e9lik le aut\u00f3ikat k\u00e9tkerek\u0171re, nyeregbe pattanva mennek dolgozni vagy viszik a gyerekeket az iskol\u00e1ba.<\/p>\n<p> -Alig v\u00e1rtam, hogy \u0151 m\u00e1r \u00fclni tudjon rendesen a bicikli\u00fcl\u00e9sben mert nem szeretj\u00fck a t\u00f6megk\u00f6zleked\u00e9st, \u00edgy jobb.&#8221;  &#8211;   mondta Nagy Vikt\u00f3ria.<\/p>\n<p>Sokszor  &#8211;   f\u0151k\u00e9nt forgalmi cs\u00facsid\u0151szakban &#8211; val\u00f3ban gyorsabb is, mint az aut\u00f3z\u00e1s vagy ak\u00e1r a buszoz\u00e1s. R\u00e1ad\u00e1sul k\u00f6rnyezetk\u00edm\u00e9l\u0151 \u00e9s eg\u00e9szs\u00e9ges is.<\/p>\n<p>-Eg\u00e9szs\u00e9ges \u00e9s a mozg\u00e1s ezzel m\u00e1r megvan. Illetve a szennyez\u00e9s miatt, a g\u00e9pkocsik szennyezik a leveg\u0151t a bicikli nem, ez\u00e9rt \u00fagy gondolom \u00e1t kellene szoknia annak, aki teheti persze.&#8221;  &#8211;   mondta Koncz Ir\u00e9n.<\/p>\n<p>A bring\u00e1s reggelin a rend\u0151rs\u00e9g is k\u00e9pviseltette mag\u00e1t, Bike-Safe ker\u00e9kp\u00e1r-regisztr\u00e1ci\u00f3t biztos\u00edtottak az \u00e9rdekl\u0151d\u0151knek valamint felh\u00edvt\u00e1k a figyelmet a biztons\u00e1gos k\u00f6zleked\u00e9sre is. Ennek fontoss\u00e1g\u00e1t hangs\u00falyozta v\u00e1ros polg\u00e1rmestere is.<\/p>\n<p>-Nagyon fontos a biztons\u00e1g. Azt gondolom, hogy ez a sok ker\u00e9kp\u00e1r\u00fat biztons\u00e1got ad. Nagyon fontos az eg\u00e9szs\u00e9ges \u00e9letm\u00f3dra nevel\u00e9s, ker\u00e9kp\u00e1ron k\u00f6zlekedni a szabad leveg\u0151n lenni \u00f6nmag\u00e1ban eg\u00e9szs\u00e9ges \u00e9s a harmadik a k\u00f6zleked\u00e9s hiszen nagyon-nagyon sok aut\u00f3 van Szolnokon. T\u00f6bb, mint 25.000 g\u00e9pj\u00e1rm\u0171 \u00e9s szeretn\u00e9nk, ha min\u00e9l t\u00f6bben \u00e1tszokn\u00e1nak a ker\u00e9kp\u00e1ros k\u00f6zleked\u00e9sre.&#8221;  &#8211;   mondta Szalay Ferenc polg\u00e1rmester.<\/p>\n<p>A j\u00f3 hangulat\u00fa bring\u00e1s reggelinek lesz folytat\u00e1sa  &#8211;   l\u00e1tva a ker\u00e9kp\u00e1rosok l\u00e9tsz\u00e1m\u00e1t, ig\u00e9ny is van r\u00e1.<\/p>\n<div style=\"width: 640px;\" class=\"wp-video\"><!--[if lt IE 9]><script>document.createElement('video');<\/script><![endif]-->\n<video class=\"wp-video-shortcode\" id=\"video-8994-1\" width=\"640\" height=\"360\" preload=\"metadata\" controls=\"controls\"><source type=\"video\/mp4\" src=\"\/spots\/hir\/hir_180510_02.mp4?_=1\" \/><a href=\"\/spots\/hir\/hir_180510_02.mp4\">\/spots\/hir\/hir_180510_02.mp4<\/a><\/video><\/div>\n","protected":false},"excerpt":{"rendered":"<p>Hossz\u00fa sorok k\u00edgy\u00f3ztak a Kossuth t\u00e9ren, mindenki k\u00e9t ker\u00e9ken \u00e9rkezett. Munk\u00e1ba menet magukhoz vehettek egy friss\u00edt\u0151 k\u00e1v\u00e9t, te\u00e1t, gy\u00fcm\u00f6lcslevet illetve pog\u00e1cs\u00e1t, kaka\u00f3scsig\u00e1t, lekv\u00e1rosbukt\u00e1t. A kisebbek pedig p\u00e1r napig tart\u00f3 eml\u00e9ket is begy\u0171jthettek. -Adunk egy lemoshat\u00f3 tetov\u00e1l\u00e1st is.&#8221; Ha van v\u00e1ros, ahol gyakorlatilag minden bej\u00e1rhat\u00f3 ker\u00e9kp\u00e1rral, akkor az Szolnok. Az ut\u00f3bbi \u00e9vekben t\u00f6bb kilom\u00e9ter hossz\u00fa bicikli\u00fat [&hellip;]<\/p>\n","protected":false},"author":2,"featured_media":0,"comment_status":"closed","ping_status":"closed","sticky":false,"template":"","format":"standard","meta":[],"categories":[9],"tags":[],"_links":{"self":[{"href":"http:\/\/archiv.szolnoktv.hu\/index.php?rest_route=\/wp\/v2\/posts\/8994"}],"collection":[{"href":"http:\/\/archiv.szolnoktv.hu\/index.php?rest_route=\/wp\/v2\/posts"}],"about":[{"href":"http:\/\/archiv.szolnoktv.hu\/index.php?rest_route=\/wp\/v2\/types\/post"}],"author":[{"embeddable":true,"href":"http:\/\/archiv.szolnoktv.hu\/index.php?rest_route=\/wp\/v2\/users\/2"}],"replies":[{"embeddable":true,"href":"http:\/\/archiv.szolnoktv.hu\/index.php?rest_route=%2Fwp%2Fv2%2Fcomments&post=8994"}],"version-history":[{"count":1,"href":"http:\/\/archiv.szolnoktv.hu\/index.php?rest_route=\/wp\/v2\/posts\/8994\/revisions"}],"predecessor-version":[{"id":9101,"href":"http:\/\/archiv.szolnoktv.hu\/index.php?rest_route=\/wp\/v2\/posts\/8994\/revisions\/9101"}],"wp:attachment":[{"href":"http:\/\/archiv.szolnoktv.hu\/index.php?rest_route=%2Fwp%2Fv2%2Fmedia&parent=8994"}],"wp:term":[{"taxonomy":"category","embeddable":true,"href":"http:\/\/archiv.szolnoktv.hu\/index.php?rest_route=%2Fwp%2Fv2%2Fcategories&post=8994"},{"taxonomy":"post_tag","embeddable":true,"href":"http:\/\/archiv.szolnoktv.hu\/index.php?rest_route=%2Fwp%2Fv2%2Ftags&post=8994"}],"curies":[{"name":"wp","href":"https:\/\/api.w.org\/{rel}","templated":true}]}}