{"id":8993,"date":"2018-05-09T17:28:04","date_gmt":"2018-05-09T17:28:04","guid":{"rendered":"http:\/\/archiv.szolnoktv.hu\/?p=8993"},"modified":"2021-08-14T14:10:37","modified_gmt":"2021-08-14T14:10:37","slug":"felujitjak-a-szolnoki-reformatus-templomot","status":"publish","type":"post","link":"http:\/\/archiv.szolnoktv.hu\/?p=8993","title":{"rendered":"Fel\u00faj\u00edtj\u00e1k a szolnoki reform\u00e1tus templomot"},"content":{"rendered":"<div class='booster-block booster-read-block'><\/div><p>A t\u00f6bb mint 120 \u00e9ves tatai t\u00e9gla \u00e1llapota okozza a legnagyobb probl\u00e9m\u00e1t. Az elm\u00falt h\u00e1rom \u00e9vben l\u00e1tv\u00e1nyosan t\u00f6nkrement a szolnoki reform\u00e1tus templom falazata. A v\u00e1rosi \u00f6sszefog\u00e1ssal 1894-ben meg\u00e9p\u00fclt egyedi \u00f6tsz\u00f6galak\u00fa templom t\u00fal\u00e9lte a t\u00f6rt\u00e9nelem viharait, az id\u0151 m\u00fal\u00e1sa azonban m\u00e1ra rajta hagyta nyomait. Legut\u00f3bb sz\u00e1z \u00e9vvel szentel\u00e9se ut\u00e1n v\u00e9geztek \u00e1tfog\u00f3 rekonstrukci\u00f3t a templomon, de ennek is m\u00e1r t\u00f6bb mint h\u00fasz \u00e9ve. <\/p>\n<p>Bent sem sokkal jobb a helyzet, mint kint  &#8211; mondta V\u00e9gh Mikl\u00f3s. A kupola be\u00e1zik,  t\u00f6bb helyen \u00e1t\u00e1zott a fal, s\u0151t a vakolat is lehullott. <\/p>\n<p>Meg\u00e9rett a templom a teljes k\u00f6r\u0171 fel\u00faj\u00edt\u00e1sra  &#8211;   fogalmazott a lelk\u00e9sz. Az egyh\u00e1zk\u00f6zs\u00e9g az \u00e1llamt\u00f3l kapott seg\u00edts\u00e9get a munk\u00e1latok elv\u00e9gz\u00e9s\u00e9hez. <\/p>\n<p>-A magyarorsz\u00e1gi reform\u00e1tus egyh\u00e1zon kereszt\u00fcl kaptunk egy komoly \u00e1llami t\u00e1mogat\u00e1st, erre a c\u00e9lra, hogy megv\u00e9dj\u00fck ezt a m\u0171eml\u00e9ket. Ez adja az alapj\u00e1t a fel\u00faj\u00edt\u00e1si forr\u00e1soknak. De az \u00e1llami t\u00e1mogat\u00e1st majd 20-30 milli\u00f3 forinttal ki kell eg\u00e9sz\u00edten\u00fcnk. &#8211; -mondta V\u00e9gh Mikl\u00f3s. <\/p>\n<p>V\u00e9gh Mikl\u00f3s hozz\u00e1tette:  a v\u00e1rosi \u00f6nkorm\u00e1nyzat 5 milli\u00f3 forinttal t\u00e1mogatja a fel\u00faj\u00edt\u00e1st. A gy\u00fclekezet tagjai pedig tov\u00e1bbi 5 milli\u00f3 forintot gy\u0171jt\u00f6ttek. A rekonstrukci\u00f3 k\u00f6r\u00fclbel\u00fcl 120 milli\u00f3 forintba ker\u00fcl \u00e9s v\u00e1rhat\u00f3an id\u00e9n \u0151sszel el is kezd\u0151dik. <\/p>\n<p>-Augusztus elej\u00e9n szerett\u00fck volna elkezdeni. Most \u00fagy t\u0171nik kicsit cs\u00faszni fogunk, de nyilv\u00e1n a k\u00f6zbeszerz\u00e9sen is t\u00fal kell lenni. Az\u00e9rt volna fontos, hogy szeptemberre meglegyen a teljes \u00f6sszeg, mert arra tudunk szerz\u0151d\u00e9st k\u00f6tni, ami rendelkez\u00e9sre \u00e1ll.&#8221; <\/p>\n<p>Az eddig \u00f6sszegy\u0171lt p\u00e9nz m\u00e9g nem el\u00e9g, az egyh\u00e1zk\u00f6zs\u00e9g tov\u00e1bbra is v\u00e1rja a szolnokiak felaj\u00e1nl\u00e1sait. Szombaton este hat \u00f3rakor pedig j\u00f3t\u00e9konys\u00e1gi koncertet tartanak majd a templomban, ahol a G\u00f6rlitzi Evang\u00e9likus F\u00fav\u00f3szenekar l\u00e9p  fel.  A koncert teljes bev\u00e9tel\u00e9t a m\u0171eml\u00e9k  megsz\u00e9p\u00edt\u00e9s\u00e9re ford\u00edtj\u00e1k m ajd.<\/p>\n<div style=\"width: 640px;\" class=\"wp-video\"><!--[if lt IE 9]><script>document.createElement('video');<\/script><![endif]-->\n<video class=\"wp-video-shortcode\" id=\"video-8993-1\" width=\"640\" height=\"360\" preload=\"metadata\" controls=\"controls\"><source type=\"video\/mp4\" src=\"\/spots\/hir\/hir_180509_05.mp4?_=1\" \/><a href=\"\/spots\/hir\/hir_180509_05.mp4\">\/spots\/hir\/hir_180509_05.mp4<\/a><\/video><\/div>\n","protected":false},"excerpt":{"rendered":"<p>A t\u00f6bb mint 120 \u00e9ves tatai t\u00e9gla \u00e1llapota okozza a legnagyobb probl\u00e9m\u00e1t. Az elm\u00falt h\u00e1rom \u00e9vben l\u00e1tv\u00e1nyosan t\u00f6nkrement a szolnoki reform\u00e1tus templom falazata. A v\u00e1rosi \u00f6sszefog\u00e1ssal 1894-ben meg\u00e9p\u00fclt egyedi \u00f6tsz\u00f6galak\u00fa templom t\u00fal\u00e9lte a t\u00f6rt\u00e9nelem viharait, az id\u0151 m\u00fal\u00e1sa azonban m\u00e1ra rajta hagyta nyomait. Legut\u00f3bb sz\u00e1z \u00e9vvel szentel\u00e9se ut\u00e1n v\u00e9geztek \u00e1tfog\u00f3 rekonstrukci\u00f3t a templomon, de ennek [&hellip;]<\/p>\n","protected":false},"author":2,"featured_media":0,"comment_status":"closed","ping_status":"closed","sticky":false,"template":"","format":"standard","meta":[],"categories":[9],"tags":[],"_links":{"self":[{"href":"http:\/\/archiv.szolnoktv.hu\/index.php?rest_route=\/wp\/v2\/posts\/8993"}],"collection":[{"href":"http:\/\/archiv.szolnoktv.hu\/index.php?rest_route=\/wp\/v2\/posts"}],"about":[{"href":"http:\/\/archiv.szolnoktv.hu\/index.php?rest_route=\/wp\/v2\/types\/post"}],"author":[{"embeddable":true,"href":"http:\/\/archiv.szolnoktv.hu\/index.php?rest_route=\/wp\/v2\/users\/2"}],"replies":[{"embeddable":true,"href":"http:\/\/archiv.szolnoktv.hu\/index.php?rest_route=%2Fwp%2Fv2%2Fcomments&post=8993"}],"version-history":[{"count":1,"href":"http:\/\/archiv.szolnoktv.hu\/index.php?rest_route=\/wp\/v2\/posts\/8993\/revisions"}],"predecessor-version":[{"id":9102,"href":"http:\/\/archiv.szolnoktv.hu\/index.php?rest_route=\/wp\/v2\/posts\/8993\/revisions\/9102"}],"wp:attachment":[{"href":"http:\/\/archiv.szolnoktv.hu\/index.php?rest_route=%2Fwp%2Fv2%2Fmedia&parent=8993"}],"wp:term":[{"taxonomy":"category","embeddable":true,"href":"http:\/\/archiv.szolnoktv.hu\/index.php?rest_route=%2Fwp%2Fv2%2Fcategories&post=8993"},{"taxonomy":"post_tag","embeddable":true,"href":"http:\/\/archiv.szolnoktv.hu\/index.php?rest_route=%2Fwp%2Fv2%2Ftags&post=8993"}],"curies":[{"name":"wp","href":"https:\/\/api.w.org\/{rel}","templated":true}]}}