{"id":8992,"date":"2018-05-09T17:19:51","date_gmt":"2018-05-09T17:19:51","guid":{"rendered":"http:\/\/archiv.szolnoktv.hu\/?p=8992"},"modified":"2021-08-14T14:10:37","modified_gmt":"2021-08-14T14:10:37","slug":"szeretetkozosseg-projekt","status":"publish","type":"post","link":"http:\/\/archiv.szolnoktv.hu\/?p=8992","title":{"rendered":"Szeretetk\u00f6z\u00f6ss\u00e9g-projekt"},"content":{"rendered":"<div class='booster-block booster-read-block'><\/div><p>-A legszolnokibb dolog&#8221; c\u00edm\u0171 sz\u00edndarab f\u0151pr\u00f3b\u00e1ja. A megyei Nyugd\u00edjas Klub a Szeretetk\u00f6z\u00f6ss\u00e9g-projekt kedvezm\u00e9nyezettjek\u00e9nt N\u00e9z\u0151pontv\u00e1lt\u00f3-workshopot szervezett. \u00cdgy k\u00e9t h\u00f3nap alatt felk\u00e9sz\u00fcltek a Nyugd\u00edjas Staf\u00e9ta elnevez\u00e9s\u0171 orsz\u00e1gos versenyre, melyen Szolnok v\u00e1ros bemutat\u00e1s\u00e1r\u00f3l egy, k\u00f6r\u00fclbel\u00fcl 10 perces sz\u00edndarabot kell el\u0151adniuk Ezt a nyugd\u00edjasok maguk rendezt\u00e9k \u00e9s \u00edrt\u00e1k meg.<\/p>\n<p>-Nagyon \u00e9rdekesen kezd\u0151d\u00f6tt, mert el\u0151sz\u00f6r csak besz\u00e9lgett\u00fcnk r\u00f3la \u00e9s mindenk\u00e9ppen ahhoz, hogy egy j\u00f3, Szolnokr\u00f3l t\u00f6rt\u00e9n\u0151 bemutatkoz\u00e1st tudjunk l\u00e9tre hozni, ahhoz nekik n\u00e9z\u0151pontot kellett v\u00e1ltaniuk. Ki kellett l\u00e9pni\u00fck a saj\u00e1t komfortz\u00f3n\u00e1jukb\u00f3l \u00e9s \u00edgy tudtuk l\u00e9tre hozni ezt a sz\u00edndarabot, amivel elmegy\u00fcnk Kom\u00e1romba.&#8221; nyilatkozta Csizik Ren\u00e1ta, JNSZ Megyei Nyugd\u00edjasok Kultur\u00e1lis \u00e9s \u00c9rdekv\u00e9delmi Egyes\u00fclet\u00e9nek eln\u00f6ke.<\/p>\n<p>A n\u00e9z\u0151pontv\u00e1lt\u00f3 foglalkoz\u00e1sok c\u00e9lja, hogy az id\u0151sek m\u00e1s aspektusb\u00f3l szeml\u00e9lve olyan el\u0151ad\u00e1st alkossanak Szolnokr\u00f3l, amely a fiatalabb gener\u00e1ci\u00f3 sz\u00e1m\u00e1ra is \u00e9rdekes. A darab Szolnok v\u00e1ros h\u00edres \u00e9s neves t\u00f6rt\u00e9nelmi szem\u00e9lyis\u00e9geit, int\u00e9zm\u00e9nyeit, valamint jelenkori kultur\u00e1lis- \u00e9s sportszervezeteit emeli ki. Di\u00f3s Julianna Aba-Nov\u00e1k Vilmost \u00e9s a Szolnoki M\u0171v\u00e9sztelepet mutatja be.<\/p>\n<p>-Az\u00e9rt v\u00e1lasztottam, mert \u00e9n nagyon szeretek a M\u0171v\u00e9sztelepen r\u00e9szt venni a k\u00fcl\u00f6nb\u00f6z\u0151 rendezv\u00e9nyeken. Ismerem is nagyj\u00e1b\u00f3l a m\u0171v\u00e9szeket, akik most ott dolgoznak, meg h\u00e1t, Aba-Nov\u00e1k Vilmost is, szeretem a m\u0171v\u00e9szet\u00e9t.&#8221;<\/p>\n<p>A Belv\u00e1rosi Nyugd\u00edjas Klub vezet\u0151je: Balog \u00c1gnes a program k\u00f6z\u00f6ss\u00e9gform\u00e1l\u00f3 erej\u00e9r\u0151l besz\u00e9lt.<\/p>\n<p>-K\u00f6zelebb ker\u00fclt\u00fcnk egym\u00e1shoz, megismert\u00fck egym\u00e1st, abb\u00f3l a szempontb\u00f3l is, hogy mi\u00e9rt azt a t\u00e9m\u00e1t v\u00e1lasztotta valaki. \u00c9s hetente h\u00e1romszor tal\u00e1lkoztunk.&#8221;<\/p>\n<p>Tavaly Balatonf\u00f6ldv\u00e1ron, id\u00e9n Kom\u00e1romban rendezik meg a Nyugd\u00edjas Staf\u00e9t\u00e1t. Kitudja, tal\u00e1n j\u00f6v\u0151re Szolnok v\u00e1rosa adhat otthont az orsz\u00e1gos versenynek.<\/p>\n<div style=\"width: 640px;\" class=\"wp-video\"><!--[if lt IE 9]><script>document.createElement('video');<\/script><![endif]-->\n<video class=\"wp-video-shortcode\" id=\"video-8992-1\" width=\"640\" height=\"360\" preload=\"metadata\" controls=\"controls\"><source type=\"video\/mp4\" src=\"\/spots\/hir\/hir_180509_04.mp4?_=1\" \/><a href=\"\/spots\/hir\/hir_180509_04.mp4\">\/spots\/hir\/hir_180509_04.mp4<\/a><\/video><\/div>\n","protected":false},"excerpt":{"rendered":"<p>-A legszolnokibb dolog&#8221; c\u00edm\u0171 sz\u00edndarab f\u0151pr\u00f3b\u00e1ja. A megyei Nyugd\u00edjas Klub a Szeretetk\u00f6z\u00f6ss\u00e9g-projekt kedvezm\u00e9nyezettjek\u00e9nt N\u00e9z\u0151pontv\u00e1lt\u00f3-workshopot szervezett. \u00cdgy k\u00e9t h\u00f3nap alatt felk\u00e9sz\u00fcltek a Nyugd\u00edjas Staf\u00e9ta elnevez\u00e9s\u0171 orsz\u00e1gos versenyre, melyen Szolnok v\u00e1ros bemutat\u00e1s\u00e1r\u00f3l egy, k\u00f6r\u00fclbel\u00fcl 10 perces sz\u00edndarabot kell el\u0151adniuk Ezt a nyugd\u00edjasok maguk rendezt\u00e9k \u00e9s \u00edrt\u00e1k meg. -Nagyon \u00e9rdekesen kezd\u0151d\u00f6tt, mert el\u0151sz\u00f6r csak besz\u00e9lgett\u00fcnk r\u00f3la \u00e9s mindenk\u00e9ppen [&hellip;]<\/p>\n","protected":false},"author":2,"featured_media":0,"comment_status":"closed","ping_status":"closed","sticky":false,"template":"","format":"standard","meta":[],"categories":[9],"tags":[],"_links":{"self":[{"href":"http:\/\/archiv.szolnoktv.hu\/index.php?rest_route=\/wp\/v2\/posts\/8992"}],"collection":[{"href":"http:\/\/archiv.szolnoktv.hu\/index.php?rest_route=\/wp\/v2\/posts"}],"about":[{"href":"http:\/\/archiv.szolnoktv.hu\/index.php?rest_route=\/wp\/v2\/types\/post"}],"author":[{"embeddable":true,"href":"http:\/\/archiv.szolnoktv.hu\/index.php?rest_route=\/wp\/v2\/users\/2"}],"replies":[{"embeddable":true,"href":"http:\/\/archiv.szolnoktv.hu\/index.php?rest_route=%2Fwp%2Fv2%2Fcomments&post=8992"}],"version-history":[{"count":1,"href":"http:\/\/archiv.szolnoktv.hu\/index.php?rest_route=\/wp\/v2\/posts\/8992\/revisions"}],"predecessor-version":[{"id":9103,"href":"http:\/\/archiv.szolnoktv.hu\/index.php?rest_route=\/wp\/v2\/posts\/8992\/revisions\/9103"}],"wp:attachment":[{"href":"http:\/\/archiv.szolnoktv.hu\/index.php?rest_route=%2Fwp%2Fv2%2Fmedia&parent=8992"}],"wp:term":[{"taxonomy":"category","embeddable":true,"href":"http:\/\/archiv.szolnoktv.hu\/index.php?rest_route=%2Fwp%2Fv2%2Fcategories&post=8992"},{"taxonomy":"post_tag","embeddable":true,"href":"http:\/\/archiv.szolnoktv.hu\/index.php?rest_route=%2Fwp%2Fv2%2Ftags&post=8992"}],"curies":[{"name":"wp","href":"https:\/\/api.w.org\/{rel}","templated":true}]}}