{"id":8991,"date":"2018-05-09T17:08:03","date_gmt":"2018-05-09T17:08:03","guid":{"rendered":"http:\/\/archiv.szolnoktv.hu\/?p=8991"},"modified":"2021-08-14T14:10:37","modified_gmt":"2021-08-14T14:10:37","slug":"graffitivel-a-balesetek-megelozeseert","status":"publish","type":"post","link":"http:\/\/archiv.szolnoktv.hu\/?p=8991","title":{"rendered":"Graffitivel a balesetek megel\u0151z\u00e9s\u00e9\u00e9rt"},"content":{"rendered":"<div class='booster-block booster-read-block'><\/div><p>Janu\u00e1rban rend\u0151r\u00f6k b\u0151r\u00e9be b\u00fajva h\u00edvt\u00e1k fel a k\u00f6zleked\u00e9s biztons\u00e1g fontoss\u00e1g\u00e1ra a figyelmet a Tiszaparti R\u00f3mai Katolikus \u00c1ltal\u00e1nos Iskola harmadik, illetve negyedik oszt\u00e1lyos di\u00e1kjai. A megyei rend\u0151r- f\u0151kapit\u00e1nys\u00e1g Balesetmegel\u0151z\u00e9si Bizotts\u00e1ga a kamp\u00e1nyt ez\u00fattal graffiti p\u00e1ly\u00e1zat keret\u00e9ben folytatja. <\/p>\n<p>-Egy\u00e9ni \u00e9s csapatok alkot\u00e1sait is v\u00e1rjuk: ugyan\u00fagy ak\u00e1r kis di\u00e1kok\u00e9t, di\u00e1k csoportok\u00e9t, feln\u0151ttek\u00e9t. A megyei rend\u0151r-f\u0151kapit\u00e1ny\u00e1g e-mail c\u00edm\u00e9re v\u00e1rjuk vagy be is lehet \u0151ket hozni szem\u00e9lyesen a megyei rend\u0151rf\u0151- kapit\u00e1nys\u00e1g \u00e9p\u00fclet\u00e9be. El\u0151sz\u00f6r v\u00e1zlatokat v\u00e1runk, illetve, hogy ehhez milyen eszk\u00f6zsz\u00fcks\u00e9gletre lenne sz\u00fcks\u00e9g.&#8221;- mondta Szab\u00f3 Zita c.r. alezredes, a JNSZ Megyei  Rend\u0151r-F\u0151kapit\u00e1nys\u00e1g sajt\u00f3sz\u00f3viv\u0151je. <\/p>\n<p>Narr\u00e1ci\u00f3: A megyei rend\u0151r-f\u0151kapit\u00e1nys\u00e1g sz\u00e1mos p\u00e1ly\u00e1zat, illetve program seg\u00edts\u00e9g\u00e9vel k\u00fczd a balesetek megel\u0151z\u00e9s\u00e9\u00e9rt. A rend\u0151rs\u00e9g szerint a prevenci\u00f3t m\u00e1r gyermekkorban meg kell kezdeni.<\/p>\n<p>-Nagyon fontos, hogy tudatos k\u00f6zleked\u0151kk\u00e9 v\u00e1ljanak a gyermekek \u00e9ppen ez\u00e9rt nagyon fontos, hogy min\u00e9l kor\u00e1bban, ak\u00e1r \u00f3vod\u00e1s korban megkezd\u0151dj\u00f6n a helyes k\u00f6zleked\u00e9sre val\u00f3 nevel\u00e9s, illetve a helyes p\u00e9ldamutat\u00f3 magatart\u00e1s. Sokat sz\u00e1m\u00edt, hogy a sz\u00fcl\u0151kt\u0151l milyen p\u00e9ld\u00e1t l\u00e1tnak. Ez\u00e9rt a feln\u0151tt koroszt\u00e1lyt is igyeksz\u00fcnk megc\u00e9lozni t\u00f6bb baleset megel\u0151z\u00e9si programmal.&#8221;- tette hozz\u00e1 Szab\u00f3 Zita.<\/p>\n<p>Az elk\u00e9sz\u00edtett p\u00e1lyam\u0171vek plak\u00e1tokon \u00e9s k\u00f6zleked\u00e9sbiztons\u00e1gi kiadv\u00e1nyokon lesznek l\u00e1that\u00f3k. Az els\u0151 legjobb \u00f6t munk\u00e1t bek\u00fcld\u0151 p\u00e1ly\u00e1z\u00f3 alkot\u00e1s\u00e1t a rend\u0151rs\u00e9g \u00e1ltal biztos\u00edtott falfalfel\u00fcleten is elk\u00e9sz\u00edtheti. A p\u00e1lyamunk\u00e1kat m\u00e1jus 30-ig v\u00e1rj\u00e1k. <\/p>\n<div style=\"width: 640px;\" class=\"wp-video\"><!--[if lt IE 9]><script>document.createElement('video');<\/script><![endif]-->\n<video class=\"wp-video-shortcode\" id=\"video-8991-1\" width=\"640\" height=\"360\" preload=\"metadata\" controls=\"controls\"><source type=\"video\/mp4\" src=\"\/spots\/hir\/hir_180509_03.mp4?_=1\" \/><a href=\"\/spots\/hir\/hir_180509_03.mp4\">\/spots\/hir\/hir_180509_03.mp4<\/a><\/video><\/div>\n","protected":false},"excerpt":{"rendered":"<p>Janu\u00e1rban rend\u0151r\u00f6k b\u0151r\u00e9be b\u00fajva h\u00edvt\u00e1k fel a k\u00f6zleked\u00e9s biztons\u00e1g fontoss\u00e1g\u00e1ra a figyelmet a Tiszaparti R\u00f3mai Katolikus \u00c1ltal\u00e1nos Iskola harmadik, illetve negyedik oszt\u00e1lyos di\u00e1kjai. A megyei rend\u0151r- f\u0151kapit\u00e1nys\u00e1g Balesetmegel\u0151z\u00e9si Bizotts\u00e1ga a kamp\u00e1nyt ez\u00fattal graffiti p\u00e1ly\u00e1zat keret\u00e9ben folytatja. -Egy\u00e9ni \u00e9s csapatok alkot\u00e1sait is v\u00e1rjuk: ugyan\u00fagy ak\u00e1r kis di\u00e1kok\u00e9t, di\u00e1k csoportok\u00e9t, feln\u0151ttek\u00e9t. A megyei rend\u0151r-f\u0151kapit\u00e1ny\u00e1g e-mail c\u00edm\u00e9re v\u00e1rjuk [&hellip;]<\/p>\n","protected":false},"author":2,"featured_media":0,"comment_status":"closed","ping_status":"closed","sticky":false,"template":"","format":"standard","meta":[],"categories":[9],"tags":[],"_links":{"self":[{"href":"http:\/\/archiv.szolnoktv.hu\/index.php?rest_route=\/wp\/v2\/posts\/8991"}],"collection":[{"href":"http:\/\/archiv.szolnoktv.hu\/index.php?rest_route=\/wp\/v2\/posts"}],"about":[{"href":"http:\/\/archiv.szolnoktv.hu\/index.php?rest_route=\/wp\/v2\/types\/post"}],"author":[{"embeddable":true,"href":"http:\/\/archiv.szolnoktv.hu\/index.php?rest_route=\/wp\/v2\/users\/2"}],"replies":[{"embeddable":true,"href":"http:\/\/archiv.szolnoktv.hu\/index.php?rest_route=%2Fwp%2Fv2%2Fcomments&post=8991"}],"version-history":[{"count":1,"href":"http:\/\/archiv.szolnoktv.hu\/index.php?rest_route=\/wp\/v2\/posts\/8991\/revisions"}],"predecessor-version":[{"id":9104,"href":"http:\/\/archiv.szolnoktv.hu\/index.php?rest_route=\/wp\/v2\/posts\/8991\/revisions\/9104"}],"wp:attachment":[{"href":"http:\/\/archiv.szolnoktv.hu\/index.php?rest_route=%2Fwp%2Fv2%2Fmedia&parent=8991"}],"wp:term":[{"taxonomy":"category","embeddable":true,"href":"http:\/\/archiv.szolnoktv.hu\/index.php?rest_route=%2Fwp%2Fv2%2Fcategories&post=8991"},{"taxonomy":"post_tag","embeddable":true,"href":"http:\/\/archiv.szolnoktv.hu\/index.php?rest_route=%2Fwp%2Fv2%2Ftags&post=8991"}],"curies":[{"name":"wp","href":"https:\/\/api.w.org\/{rel}","templated":true}]}}